{"id":425678,"date":"2019-05-02T00:10:05","date_gmt":"2019-05-02T05:10:05","guid":{"rendered":"https:\/\/www.diarioimagen.net\/?p=425678"},"modified":"2019-05-02T02:42:54","modified_gmt":"2019-05-02T07:42:54","slug":"vamos-muy-bien-en-materia-economica-reitera-lopez-obrador","status":"publish","type":"post","link":"https:\/\/www.diarioimagen.net\/?p=425678","title":{"rendered":"Vamos muy bien en materia econ\u00f3mica, reitera L\u00f3pez Obrador"},"content":{"rendered":"<ul>\n<li><em><strong>Recomienda a expertos y analistas revisar cifras<\/strong><\/em><\/li>\n<\/ul>\n<p>&nbsp;<\/p>\n<div id=\"attachment_425679\" style=\"width: 470px\" class=\"wp-caption aligncenter\"><img loading=\"lazy\" decoding=\"async\" aria-describedby=\"caption-attachment-425679\" class=\"size-large wp-image-425679\" src=\"https:\/\/www.diarioimagen.net\/wp-content\/uploads\/2019\/05\/AMLO2-portal-460x268.jpg\" alt=\"\" width=\"460\" height=\"268\" srcset=\"https:\/\/www.diarioimagen.net\/wp-content\/uploads\/2019\/05\/AMLO2-portal-460x268.jpg 460w, https:\/\/www.diarioimagen.net\/wp-content\/uploads\/2019\/05\/AMLO2-portal-240x140.jpg 240w, https:\/\/www.diarioimagen.net\/wp-content\/uploads\/2019\/05\/AMLO2-portal.jpg 480w\" sizes=\"auto, (max-width: 460px) 100vw, 460px\" \/><p id=\"caption-attachment-425679\" class=\"wp-caption-text\">El presidente Andr\u00e9s Manuel L\u00f3pez Obrador insiste que\u201cvamos muy bien\u201d en materia econ\u00f3mica.<\/p><\/div>\n<p>&nbsp;<\/p>\n<p>A pesar de que los adversarios apuestan a que le vaya mal al gobierno federal, la realidad es que \u201cvamos muy bien\u201d en materia econ\u00f3mica, insisti\u00f3 el presidente Andr\u00e9s Manuel L\u00f3pez Obrador, al referirse a los indicadores econ\u00f3micos.<\/p>\n<p>En ese sentido, recomend\u00f3 a los \u201cexpertos y analistas conservadores\u201d revisar c\u00f3mo inici\u00f3 el primer trimestre del expresidente Ernesto Zedillo, que tuvo un crecimiento de -7, pero fue calificado como buen gobierno, \u00abclaro que estoy poniendo algo extremo, pero c\u00f3mo as\u00ed se llevan, puedo darme ese lujo\u00bb.<\/p>\n<p>Afirm\u00f3 que no hay subejercicio en el uso los recursos del Estado, pues se avanza de acuerdo con lo programado y si bien los principios b\u00e1sicos se establecer\u00e1n a partir de la Ley de Austeridad que ya aprob\u00f3 la C\u00e1mara de Diputados, ya algunas acciones se est\u00e1n tomando como la eliminaci\u00f3n de direcciones adjuntas, para establecer una austeridad republicana juarista.<\/p>\n<p>En conferencia de prensa matutina, L\u00f3pez Obrador se refiri\u00f3 tambi\u00e9n a la forma en que se distribuir\u00e1n los recursos que se obtengan de los ahorros que realice el gobierno a partir de la estrategia de austeridad y la ley en esta materia, y refrend\u00f3 que habr\u00e1 transparencia.<\/p>\n","protected":false},"excerpt":{"rendered":"<p>A pesar de que los adversarios apuestan a que le vaya mal al gobierno federal, la realidad es que \u201cvamos muy bien\u201d en materia econ\u00f3mica, insisti\u00f3 el presidente Andr\u00e9s Manuel L\u00f3pez Obrador, al referirse a los indicadores econ\u00f3micos.<\/p>\n","protected":false},"author":5,"featured_media":425679,"comment_status":"open","ping_status":"open","sticky":false,"template":"","format":"standard","meta":{"_monsterinsights_skip_tracking":false,"_monsterinsights_sitenote_active":false,"_monsterinsights_sitenote_note":"","_monsterinsights_sitenote_category":0,"footnotes":""},"categories":[25512],"tags":[84931,43678,81020],"class_list":["post-425678","post","type-post","status-publish","format-standard","has-post-thumbnail","hentry","category-nacional-nacional","tag-bien-en-materia-economica","tag-finanzas","tag-lopez-obrador"],"_links":{"self":[{"href":"https:\/\/www.diarioimagen.net\/index.php?rest_route=\/wp\/v2\/posts\/425678","targetHints":{"allow":["GET"]}}],"collection":[{"href":"https:\/\/www.diarioimagen.net\/index.php?rest_route=\/wp\/v2\/posts"}],"about":[{"href":"https:\/\/www.diarioimagen.net\/index.php?rest_route=\/wp\/v2\/types\/post"}],"author":[{"embeddable":true,"href":"https:\/\/www.diarioimagen.net\/index.php?rest_route=\/wp\/v2\/users\/5"}],"replies":[{"embeddable":true,"href":"https:\/\/www.diarioimagen.net\/index.php?rest_route=%2Fwp%2Fv2%2Fcomments&post=425678"}],"version-history":[{"count":0,"href":"https:\/\/www.diarioimagen.net\/index.php?rest_route=\/wp\/v2\/posts\/425678\/revisions"}],"wp:featuredmedia":[{"embeddable":true,"href":"https:\/\/www.diarioimagen.net\/index.php?rest_route=\/wp\/v2\/media\/425679"}],"wp:attachment":[{"href":"https:\/\/www.diarioimagen.net\/index.php?rest_route=%2Fwp%2Fv2%2Fmedia&parent=425678"}],"wp:term":[{"taxonomy":"category","embeddable":true,"href":"https:\/\/www.diarioimagen.net\/index.php?rest_route=%2Fwp%2Fv2%2Fcategories&post=425678"},{"taxonomy":"post_tag","embeddable":true,"href":"https:\/\/www.diarioimagen.net\/index.php?rest_route=%2Fwp%2Fv2%2Ftags&post=425678"}],"curies":[{"name":"wp","href":"https:\/\/api.w.org\/{rel}","templated":true}]}}