{"id":425688,"date":"2019-05-02T00:08:32","date_gmt":"2019-05-02T05:08:32","guid":{"rendered":"https:\/\/www.diarioimagen.net\/?p=425688"},"modified":"2019-05-02T01:56:14","modified_gmt":"2019-05-02T06:56:14","slug":"gloria-trevi-estallara-con-abranse-perras","status":"publish","type":"post","link":"https:\/\/www.diarioimagen.net\/?p=425688","title":{"rendered":"Gloria Trevi estallar\u00e1 con \u201c\u00c1branse perras\u201d"},"content":{"rendered":"<ul>\n<li><em><strong>La cantante contin\u00faa renovando su estilo con canciones r\u00edtmicas y atrevidas a la vanguardia<\/strong><\/em><\/li>\n<li><em><strong>Se presentar\u00e1 en la Arena Ciudad de M\u00e9xico los d\u00edas 27 y 28 de junio<\/strong><\/em><\/li>\n<li><em><strong>Realizar\u00e1 m\u00e1s de 40 fechas con su tour \u201cDiosa de la noche\u201d<\/strong><\/em><\/li>\n<\/ul>\n<h6>Arturo Arellano<\/h6>\n<p><strong>\u00a0<\/strong><\/p>\n<div id=\"attachment_425689\" style=\"width: 283px\" class=\"wp-caption aligncenter\"><img loading=\"lazy\" decoding=\"async\" aria-describedby=\"caption-attachment-425689\" class=\"size-large wp-image-425689\" src=\"https:\/\/www.diarioimagen.net\/wp-content\/uploads\/2019\/05\/gloria-trevi-1-pooortal-273x460.jpg\" alt=\"\" width=\"273\" height=\"460\" srcset=\"https:\/\/www.diarioimagen.net\/wp-content\/uploads\/2019\/05\/gloria-trevi-1-pooortal-273x460.jpg 273w, https:\/\/www.diarioimagen.net\/wp-content\/uploads\/2019\/05\/gloria-trevi-1-pooortal-142x240.jpg 142w, https:\/\/www.diarioimagen.net\/wp-content\/uploads\/2019\/05\/gloria-trevi-1-pooortal.jpg 700w\" sizes=\"auto, (max-width: 273px) 100vw, 273px\" \/><p id=\"caption-attachment-425689\" class=\"wp-caption-text\">\u201cHace como un a\u00f1o s\u00ed me daban ganas de lanzarme a la Presidencia de M\u00e9xico, porque vi una injusticia en el sistema de salud. Pens\u00e9: \u2018Cualquiera puede\u2019, pero creo que puedo aportar m\u00e1s con mis canciones\u201d, se\u00f1al\u00f3 en conferencia de prensa Gloria Trevi.<em> (Fotos: Arturo Arellano)<\/em><\/p><\/div>\n<p>&nbsp;<\/p>\n<p>Tan imponente y talentosa como humilde y carism\u00e1tica, Gloria Trevi anuncia el lanzamiento de su pr\u00f3ximo sencillo \u201c\u00c1branse perras\u201d para este 2 de mayo a la par que realizar\u00e1 un tour de m\u00e1s de 40 presentaciones bajo el concepto \u201cDiosa de la noche\u201d, mismo que pasar\u00e1 por la Arena Ciudad de M\u00e9xico los d\u00edas 27 y 28 de junio.<\/p>\n<p>En un encuentro con los medios y bajo la premisa de su nuevo lema \u201cPara una gata, una perra; para una perra, una loba; para una loba, una leona y para una leona, esta cabrona\u201d, la cantante adelant\u00f3 que ser\u00e1 este 2 de mayo cuando lanzar\u00e1 \u201c\u00c1branse perras\u201d en plataformas digitales, lo mismo habl\u00f3 del nombre de su gira: \u201cNo es un tema de soberbia o que me quiera sentir una diosa llena de ego, es m\u00e1s bien en un sentido de que todos tenemos un poco de Dios en nosotros, ese llamado soplo divino, porque las diosas de la noche son ustedes y las quiero divirti\u00e9ndose siendo felices cantando mi canci\u00f3n\u201d.<\/p>\n<p>Con m\u00e1s de 40 fechas confirmadas para su gira, refiere que \u201cpara lograrlo de manera exitosa hay que mantenerse atl\u00e9tica, comer bien, tener buena vibra, amar a los dem\u00e1s, amar lo que est\u00e1s haciendo, independientemente de que no tengo opci\u00f3n. Las vitaminas son mi banda, mis fans, mi familia, porque son muchas familias que est\u00e1n viviendo de \u2018Diosa de la noche\u2019 desde el backstage hasta quienes hacen la comida y esto todo es para ustedes que me han visto morder el polvo, llorar de rodillas, mis fans me han puesto el hombro para llorar, sostenerme y levantarme de nueva cuenta\u201d.<\/p>\n<div id=\"attachment_425690\" style=\"width: 342px\" class=\"wp-caption alignleft\"><img loading=\"lazy\" decoding=\"async\" aria-describedby=\"caption-attachment-425690\" class=\" wp-image-425690\" src=\"https:\/\/www.diarioimagen.net\/wp-content\/uploads\/2019\/05\/gloria-trevi-2-portal-460x331.jpg\" alt=\"\" width=\"332\" height=\"224\" \/><p id=\"caption-attachment-425690\" class=\"wp-caption-text\">Con m\u00e1s de 40 fechas confirmadas para su gira, refiere que \u201cson muchas familias que est\u00e1n viviendo de \u2018Diosa de la noche\u2019 desde el backstage hasta quienes hacen la comida y esto todo es para ustedes que me han visto morder el polvo, llorar de rodillas, mis fans me han puesto el hombro para llorar, sostenerme y levantarme de nueva cuenta\u201d.<\/p><\/div>\n<p>Sobre su situaci\u00f3n sentimental y la influencia de ello en sus canciones asegura: \u201cme he vuelto m\u00e1s exigente, debemos pedir atenci\u00f3n, romance. A m\u00ed eso de que el amor se transforma no me cae y si lo hace, pues que se transforme en algo m\u00e1s caliente. Todas deber\u00edamos pedir lo mismo valorarnos, saber decir no, decir qu\u00e9 quiero y qu\u00e9 no quiero. En este momento tengo mi coraz\u00f3n apachurrado, pero es como cuando las madres salen a trabajar por quienes aman. Tenemos que hacer que el mundo ruede porque la vida es corta, pero la noche es larga y cuando nos juntamos con amigos, la familia, con el amor, ah\u00ed est\u00e1 la vida en todo su esplendor\u201d.<\/p>\n<p>Aclara: \u201cno le escrib\u00ed una carta a mi ex en el \u00faltimo sencillo, m\u00e1s bien fue una canci\u00f3n en la que narraba lo que sent\u00eda. El hombre se dio cuenta de que ten\u00eda que cuidar lo que tiene y aqu\u00ed estamos. Toda la vida he sido un libro abierto musicalmente, desde \u2018El recuento de los da\u00f1os\u2019, \u2018Se\u00f1or ll\u00e9vame contigo\u2019, \u2018Todos me miran\u2019, \u00e9stos han sido momentos de mi vida y ahorita estoy bien estoy en un momento en el que me siento completa, pero s\u00ed con incertidumbre\u201d. Tambi\u00e9n se dio tiempo para opinar sobre el gobierno mexicano. \u201cEl cambio est\u00e1 en nosotros, no en el gobierno. Cuando te pidan una mordida di no, acepta tu error y enfrenta las consecuencias. Hace como un a\u00f1o s\u00ed me daban ganas de lanzarme a la Presidencia de M\u00e9xico, porque vi una injusticia en el sistema de salud. Pens\u00e9 \u2018Cualquiera puede\u2019, pero creo que puedo aportar m\u00e1s con todas mis canciones\u201d.<\/p>\n<p>Finalmente, adelant\u00f3 que cumplir\u00e1 su sue\u00f1o de ser superhero\u00edna.<\/p>\n<p>\u201cSi tengo un proyecto que se trata de superh\u00e9roes, que no puedo adelantar hasta que tengamos lista la presentaci\u00f3n. Mientras tanto, agradezco que la gente haya respondido tan bien a mis conciertos, estamos abriendo m\u00e1s fechas en la Arena Ciudad de M\u00e9xico, cada fecha ser\u00e1 como estar en el mejor lugar del mundo\u201d.<\/p>\n","protected":false},"excerpt":{"rendered":"<p>Tan imponente y talentosa como humilde y carism\u00e1tica, Gloria Trevi anuncia el lanzamiento de su pr\u00f3ximo sencillo \u201c\u00c1branse perras\u201d para este 2 de mayo a la par que realizar\u00e1 un tour de m\u00e1s de 40 presentaciones bajo el concepto \u201cDiosa de la noche\u201d, mismo que pasar\u00e1 por la Arena Ciudad de M\u00e9xico los d\u00edas 27 y 28 de junio.<\/p>\n","protected":false},"author":5,"featured_media":425691,"comment_status":"open","ping_status":"open","sticky":false,"template":"","format":"standard","meta":{"_monsterinsights_skip_tracking":false,"_monsterinsights_sitenote_active":false,"_monsterinsights_sitenote_note":"","_monsterinsights_sitenote_category":0,"footnotes":""},"categories":[12],"tags":[22194,84935,83867],"class_list":["post-425688","post","type-post","status-publish","format-standard","has-post-thumbnail","hentry","category-espectaculos","tag-arena-ciudad-de-mexico","tag-abranse-perras","tag-diosa-de-la-noche"],"_links":{"self":[{"href":"https:\/\/www.diarioimagen.net\/index.php?rest_route=\/wp\/v2\/posts\/425688","targetHints":{"allow":["GET"]}}],"collection":[{"href":"https:\/\/www.diarioimagen.net\/index.php?rest_route=\/wp\/v2\/posts"}],"about":[{"href":"https:\/\/www.diarioimagen.net\/index.php?rest_route=\/wp\/v2\/types\/post"}],"author":[{"embeddable":true,"href":"https:\/\/www.diarioimagen.net\/index.php?rest_route=\/wp\/v2\/users\/5"}],"replies":[{"embeddable":true,"href":"https:\/\/www.diarioimagen.net\/index.php?rest_route=%2Fwp%2Fv2%2Fcomments&post=425688"}],"version-history":[{"count":0,"href":"https:\/\/www.diarioimagen.net\/index.php?rest_route=\/wp\/v2\/posts\/425688\/revisions"}],"wp:featuredmedia":[{"embeddable":true,"href":"https:\/\/www.diarioimagen.net\/index.php?rest_route=\/wp\/v2\/media\/425691"}],"wp:attachment":[{"href":"https:\/\/www.diarioimagen.net\/index.php?rest_route=%2Fwp%2Fv2%2Fmedia&parent=425688"}],"wp:term":[{"taxonomy":"category","embeddable":true,"href":"https:\/\/www.diarioimagen.net\/index.php?rest_route=%2Fwp%2Fv2%2Fcategories&post=425688"},{"taxonomy":"post_tag","embeddable":true,"href":"https:\/\/www.diarioimagen.net\/index.php?rest_route=%2Fwp%2Fv2%2Ftags&post=425688"}],"curies":[{"name":"wp","href":"https:\/\/api.w.org\/{rel}","templated":true}]}}