{"id":425750,"date":"2019-05-02T00:06:33","date_gmt":"2019-05-02T05:06:33","guid":{"rendered":"https:\/\/www.diarioimagen.net\/?p=425750"},"modified":"2019-05-02T04:19:32","modified_gmt":"2019-05-02T09:19:32","slug":"con-hechos-se-ha-cumplido-a-naucalpenses-aguirre-lozano","status":"publish","type":"post","link":"https:\/\/www.diarioimagen.net\/?p=425750","title":{"rendered":"Con hechos, se ha cumplido a naucalpenses:\u00a0Aguirre Lozano"},"content":{"rendered":"<ul>\n<li><strong><em>Secretario del ayuntamiento<\/em><\/strong><\/li>\n<\/ul>\n<p>&nbsp;<\/p>\n<div id=\"attachment_425843\" style=\"width: 470px\" class=\"wp-caption aligncenter\"><a href=\"https:\/\/www.diarioimagen.net\/?attachment_id=425843\" rel=\"attachment wp-att-425843\"><img loading=\"lazy\" decoding=\"async\" aria-describedby=\"caption-attachment-425843\" class=\"size-large wp-image-425843\" src=\"https:\/\/www.diarioimagen.net\/wp-content\/uploads\/2019\/05\/NAUCALPAN-2-460x259.jpg\" alt=\"\" width=\"460\" height=\"259\" srcset=\"https:\/\/www.diarioimagen.net\/wp-content\/uploads\/2019\/05\/NAUCALPAN-2-460x259.jpg 460w, https:\/\/www.diarioimagen.net\/wp-content\/uploads\/2019\/05\/NAUCALPAN-2-240x135.jpg 240w, https:\/\/www.diarioimagen.net\/wp-content\/uploads\/2019\/05\/NAUCALPAN-2-235x132.jpg 235w, https:\/\/www.diarioimagen.net\/wp-content\/uploads\/2019\/05\/NAUCALPAN-2-202x114.jpg 202w, https:\/\/www.diarioimagen.net\/wp-content\/uploads\/2019\/05\/NAUCALPAN-2-350x196.jpg 350w, https:\/\/www.diarioimagen.net\/wp-content\/uploads\/2019\/05\/NAUCALPAN-2-220x123.jpg 220w, https:\/\/www.diarioimagen.net\/wp-content\/uploads\/2019\/05\/NAUCALPAN-2-237x132.jpg 237w, https:\/\/www.diarioimagen.net\/wp-content\/uploads\/2019\/05\/NAUCALPAN-2.jpg 480w\" sizes=\"auto, (max-width: 460px) 100vw, 460px\" \/><\/a><p id=\"caption-attachment-425843\" class=\"wp-caption-text\">Mauricio Eduardo Aguirre Lozano, secretario del ayuntamiento.<\/p><\/div>\n<p>&nbsp;<\/p>\n<p><strong>Naucalpan, Estado de M\u00e9xico<\/strong>.- La \u00a0presidenta municipal, Patricia Dur\u00e1n Reveles, pese al complicado inicio de la \u00a0administraci\u00f3n que encabeza, que \u00a0dicho sea de paso, recibi\u00f3 un gobierno\u00a0 con severa crisis econ\u00f3mica, advirti\u00f3 que \u00a0se le ha cumplido a los naucalpenses \u00a0con recursos propios.<\/p>\n<p>\u201cSe ha adquirido un parque vehicular (para seguridad p\u00fablica y servicios p\u00fablicos) y otras herramientas necesarias que dan muestra de que con hechos se est\u00e1 trabajando para y por la sociedad\u201d, coment\u00f3.<\/p>\n<p>Mauricio Eduardo Aguirre Lozano, secretario del ayuntamiento de esta localidad, se\u00f1al\u00f3 lo anterior, luego de reconocer que \u201cel gobierno municipal, \u00a0a trav\u00e9s de las econom\u00edas que se han venido logrando mes con mes, \u00a0ha podido obtener recursos suficientes y propios\u00a0 que van \u00a0enfocados a diversas \u00e1reas operativas y con ello poder\u00a0 atender las necesidades m\u00e1s importantes apremiantes de los naucalpenses\u201d.<\/p>\n<p>Entrevistado en sus oficinas del Palacio Municipal, Aguirre Lozano es claro al se\u00f1alar que \u201caparte de haber recibido una administraci\u00f3n da\u00f1ada respecto a su patrimonio, se han podido de manera responsable, atender a la ciudadan\u00eda.\u00a0 Primero hay que decirlo que \u00e9ste, es un gobierno cercano a las comunidades, un gobierno que escucha y atiende las necesidades de los que aqu\u00ed (en Naucalpan) habitan\u201d.<\/p>\n<p>Aguirre Lozano es un servidor p\u00fablico que atiende, sin necesidad de cita previa, a qui\u00e9n as\u00ed lo requiere \u00a0sin importar colores partidistas o religiosas. Las puertas de sus oficinas est\u00e1n abiertas de par en par.<\/p>\n<p>Mauricio Eduardo Aguirre, destaca que\u00a0 \u201cLa presidenta municipal, Patricia Dur\u00e1n Reveles, ha acreditado en diversas \u00a0ocasiones la voluntad pol\u00edtica de su gobierno.<\/p>\n<p>\u201cPrimero, ha tenido una coordinaci\u00f3n muy estrecha \u00a0con el gobierno federal\u00a0 que encabeza el licenciado Andr\u00e9s Manuel L\u00f3pez Obrador y teniendo una corresponsabilidad con el gobierno del Estado de M\u00e9xico y puedo decir que en tan s\u00f3lo cuatro meses de la actual administraci\u00f3n, hemos tenido la presencia de ocho secretarios, la presencia del propio se\u00f1or gobernador Alfredo del Mazo, entre otros altos funcionarios\u201d, dijo.<\/p>\n<p>\u201cS\u00ed bien es cierto que uno de los principales problemas que vive el municipio de Naucalpan, es el referente a la inseguridad, tambi\u00e9n es cierto que s\u00e9 est\u00e1n invirtiendo recursos millonarios \u00a0(propios) para atender las demandas ciudadanas en este rubro \u00a0para lo cual hay una plena coordinaci\u00f3n de las tres instancias de gobierno.<\/p>\n","protected":false},"excerpt":{"rendered":"<p>La \u00a0presidenta municipal, Patricia Dur\u00e1n Reveles, pese al complicado inicio de la \u00a0administraci\u00f3n que encabeza, que \u00a0dicho sea de paso, recibi\u00f3 un gobierno\u00a0 con severa crisis econ\u00f3mica, advirti\u00f3 que \u00a0se le ha cumplido a los naucalpenses \u00a0con recursos propios.<\/p>\n","protected":false},"author":3,"featured_media":425843,"comment_status":"open","ping_status":"open","sticky":false,"template":"","format":"standard","meta":{"_monsterinsights_skip_tracking":false,"_monsterinsights_sitenote_active":false,"_monsterinsights_sitenote_note":"","_monsterinsights_sitenote_category":0,"footnotes":""},"categories":[5],"tags":[84956,43675,72055,970,81467],"class_list":["post-425750","post","type-post","status-publish","format-standard","has-post-thumbnail","hentry","category-estado-de-mexico","tag-cumplido","tag-estado-de-mexico","tag-hechos","tag-naucalpan","tag-patricia-duran-reveles"],"_links":{"self":[{"href":"https:\/\/www.diarioimagen.net\/index.php?rest_route=\/wp\/v2\/posts\/425750","targetHints":{"allow":["GET"]}}],"collection":[{"href":"https:\/\/www.diarioimagen.net\/index.php?rest_route=\/wp\/v2\/posts"}],"about":[{"href":"https:\/\/www.diarioimagen.net\/index.php?rest_route=\/wp\/v2\/types\/post"}],"author":[{"embeddable":true,"href":"https:\/\/www.diarioimagen.net\/index.php?rest_route=\/wp\/v2\/users\/3"}],"replies":[{"embeddable":true,"href":"https:\/\/www.diarioimagen.net\/index.php?rest_route=%2Fwp%2Fv2%2Fcomments&post=425750"}],"version-history":[{"count":0,"href":"https:\/\/www.diarioimagen.net\/index.php?rest_route=\/wp\/v2\/posts\/425750\/revisions"}],"wp:featuredmedia":[{"embeddable":true,"href":"https:\/\/www.diarioimagen.net\/index.php?rest_route=\/wp\/v2\/media\/425843"}],"wp:attachment":[{"href":"https:\/\/www.diarioimagen.net\/index.php?rest_route=%2Fwp%2Fv2%2Fmedia&parent=425750"}],"wp:term":[{"taxonomy":"category","embeddable":true,"href":"https:\/\/www.diarioimagen.net\/index.php?rest_route=%2Fwp%2Fv2%2Fcategories&post=425750"},{"taxonomy":"post_tag","embeddable":true,"href":"https:\/\/www.diarioimagen.net\/index.php?rest_route=%2Fwp%2Fv2%2Ftags&post=425750"}],"curies":[{"name":"wp","href":"https:\/\/api.w.org\/{rel}","templated":true}]}}