{"id":425917,"date":"2019-05-03T00:03:12","date_gmt":"2019-05-03T05:03:12","guid":{"rendered":"https:\/\/www.diarioimagen.net\/?p=425917"},"modified":"2019-05-03T00:27:49","modified_gmt":"2019-05-03T05:27:49","slug":"un-plan-fantasioso","status":"publish","type":"post","link":"https:\/\/www.diarioimagen.net\/?p=425917","title":{"rendered":"Un plan fantasioso"},"content":{"rendered":"<h2>De pe a pa<\/h2>\n<h5>Alberto Vieyra G.<\/h5>\n<p>&nbsp;<\/p>\n<p>M\u00e9xico tiene un gobernante fantasioso. El Plan Nacional de Subdesarrollo enviado por AMLO a la C\u00e1mara de Diputados, el pasado martes 30 de abril, en realidad no es uno sino dos planes pues se incluye un anexo de 65 p\u00e1ginas que fueron agregadas en Palacio Nacional al trabajo que se supone hizo la Secretar\u00eda de Hacienda, a cargo de don Carlos Urz\u00faa y que rayan en lo fantasioso y parecen haber sido elaborados en dos regiones de la tierra que no sea M\u00e9xico.<span class=\"Apple-converted-space\">\u00a0<\/span><\/p>\n<p>Un gran n\u00famero de economistas, polit\u00f3logos, observadores y <i>sabelotodo<\/i> no dudan en que sendos planes de subdesarrollo enviados por AMLO al poder legislativo se apartan completamente de la realidad y lejos de alejarse del criminal modelo econ\u00f3mico neoliberal \u2014que tanto dice odiar AMLO-, profundizan en \u00e9l con t\u00e9rminos como: \u201cLibre mercado, disciplina presupuestal que consagra el dec\u00e1logo de Washington, privilegio a la macroeconom\u00eda y disciplina fiscal, entre otros\u201d.<span class=\"Apple-converted-space\">\u00a0<\/span><\/p>\n<p>En el Plan Nacional de Subdesarrollo, perd\u00f3n es Plan Nacional de Desarrollo que contiene poco m\u00e1s de 500 cuartillas, AMLO deja ver en ese fantasioso mamotreto que fue escrito en dos partes y hasta con dos tipos de letra distinta, con p\u00e1rrafos y m\u00e1s p\u00e1rrafos extra\u00eddos del choro mareador que AMLO pronunci\u00f3 una y otra vez y hasta el cansancio durante la campa\u00f1a electoral como:<span class=\"Apple-converted-space\">\u00a0<\/span><\/p>\n<p>\u201cFin a la corrupci\u00f3n\u201d \u201chonradez y honestidad\u201d \u201cNo al gobierno rico con pueblo pobre\u201d y \u201cNada al margen de la Ley, por encima de la Ley, nadie\u201d, sobre todo porque el presidente n\u00famero 88 de los mexicanos pregona que \u00e9l privilegia la \u201cJusticia antes que la Ley\u201d.<span class=\"Apple-converted-space\">\u00a0<\/span><\/p>\n<p>Hay un dato que le ha merecido una luz de cr\u00edticas al Presidente de la Rep\u00fablica cuando en uno de los documentos se compromete a reducir hasta en un 50% la criminalidad que campea en el pa\u00eds, pero en el otro documento se ve que a todas luces que <i>metieron la pata<\/i>, toda vez que habla de reducir esa criminalidad a solo el 15%.<span class=\"Apple-converted-space\">\u00a0<\/span><\/p>\n<p>\u00bfPor fin en qu\u00e9 quedamos pelona, me llevas o no me llevas?<span class=\"Apple-converted-space\">\u00a0<\/span><\/p>\n<p>\u00bfSolo15% menos de cr\u00edmenes, secuestros, asaltos a mano armada, robos a casas habitaci\u00f3n, extorsiones con una Guardia Nacional fif\u00ed militarizada, que tanto nos costar\u00e1 a los mexicanos para tan magros resultados?<span class=\"Apple-converted-space\">\u00a0<\/span><\/p>\n<p>El gobierno de AMLO enga\u00f1a a los mexicanos con el asunto de sus pomposos programas sociales en los que pretende repartir dinero a los pobres al m\u00e1s puo estilo de <i>chucho el roto<\/i>, pero el problema fundamental que en este momento aterra a los mexicanos es el feroz y macabro incremento de la violencia que es el resultado de la falta de estrategias para combatir al crimen organizado en todas sus modalidades, la debilidad institucional y la falta de coordinaci\u00f3n entre los tres niveles de gobierno.<\/p>\n<p>\u00bfY en materia econ\u00f3mica?&#8230; AMLO promete crecer al 4% del PIB durante su sexenio y aunque asegura que \u201cvamos muy bien\u201d lo cierto es que el INEGI habla de un decrecimiento y la desaceleraci\u00f3n econ\u00f3mica es preocupante a nivel nacional.<span class=\"Apple-converted-space\">\u00a0 <\/span>Por lo pronto, no perdamos de vista el fantasioso Plan Nacional de Desarrollo de AMLO. <span class=\"Apple-converted-space\">\u00a0<\/span><\/p>\n<p><em><a href=\"mailto:info@agenciamn.com\" target=\"_blank\" rel=\"noopener noreferrer\">info@agenciamn.com<\/a><\/em><\/p>\n","protected":false},"excerpt":{"rendered":"<p><span style=\"color: #005497;\"><strong>Alberto Vieyra G.<\/strong><\/span><\/p>\n","protected":false},"author":1,"featured_media":0,"comment_status":"open","ping_status":"open","sticky":false,"template":"","format":"standard","meta":{"_monsterinsights_skip_tracking":false,"_monsterinsights_sitenote_active":false,"_monsterinsights_sitenote_note":"","_monsterinsights_sitenote_category":0,"footnotes":""},"categories":[4596],"tags":[43697,4597,43674],"class_list":["post-425917","post","type-post","status-publish","format-standard","hentry","category-alberto-vieyra-g","tag-alberto-vieyra-g","tag-de-pe-a-pa","tag-opinion"],"_links":{"self":[{"href":"https:\/\/www.diarioimagen.net\/index.php?rest_route=\/wp\/v2\/posts\/425917","targetHints":{"allow":["GET"]}}],"collection":[{"href":"https:\/\/www.diarioimagen.net\/index.php?rest_route=\/wp\/v2\/posts"}],"about":[{"href":"https:\/\/www.diarioimagen.net\/index.php?rest_route=\/wp\/v2\/types\/post"}],"author":[{"embeddable":true,"href":"https:\/\/www.diarioimagen.net\/index.php?rest_route=\/wp\/v2\/users\/1"}],"replies":[{"embeddable":true,"href":"https:\/\/www.diarioimagen.net\/index.php?rest_route=%2Fwp%2Fv2%2Fcomments&post=425917"}],"version-history":[{"count":0,"href":"https:\/\/www.diarioimagen.net\/index.php?rest_route=\/wp\/v2\/posts\/425917\/revisions"}],"wp:attachment":[{"href":"https:\/\/www.diarioimagen.net\/index.php?rest_route=%2Fwp%2Fv2%2Fmedia&parent=425917"}],"wp:term":[{"taxonomy":"category","embeddable":true,"href":"https:\/\/www.diarioimagen.net\/index.php?rest_route=%2Fwp%2Fv2%2Fcategories&post=425917"},{"taxonomy":"post_tag","embeddable":true,"href":"https:\/\/www.diarioimagen.net\/index.php?rest_route=%2Fwp%2Fv2%2Ftags&post=425917"}],"curies":[{"name":"wp","href":"https:\/\/api.w.org\/{rel}","templated":true}]}}