{"id":425948,"date":"2019-05-03T00:09:50","date_gmt":"2019-05-03T05:09:50","guid":{"rendered":"https:\/\/www.diarioimagen.net\/?p=425948"},"modified":"2019-05-03T05:03:25","modified_gmt":"2019-05-03T10:03:25","slug":"preven-actualizar-ieps-en-tabaco-alcohol-y-comida-chatarra","status":"publish","type":"post","link":"https:\/\/www.diarioimagen.net\/?p=425948","title":{"rendered":"Prev\u00e9n actualizar IEPS en tabaco, alcohol y comida chatarra"},"content":{"rendered":"<ul>\n<li><strong><em>Adelantan diputados<\/em><\/strong><\/li>\n<\/ul>\n<p>&nbsp;<\/p>\n<div id=\"attachment_426020\" style=\"width: 470px\" class=\"wp-caption aligncenter\"><a href=\"https:\/\/www.diarioimagen.net\/?attachment_id=426020\" rel=\"attachment wp-att-426020\"><img loading=\"lazy\" decoding=\"async\" aria-describedby=\"caption-attachment-426020\" class=\"size-large wp-image-426020\" src=\"https:\/\/www.diarioimagen.net\/wp-content\/uploads\/2019\/05\/IEPS3-460x259.jpg\" alt=\"\" width=\"460\" height=\"259\" srcset=\"https:\/\/www.diarioimagen.net\/wp-content\/uploads\/2019\/05\/IEPS3-460x259.jpg 460w, https:\/\/www.diarioimagen.net\/wp-content\/uploads\/2019\/05\/IEPS3-240x135.jpg 240w, https:\/\/www.diarioimagen.net\/wp-content\/uploads\/2019\/05\/IEPS3-235x132.jpg 235w, https:\/\/www.diarioimagen.net\/wp-content\/uploads\/2019\/05\/IEPS3-202x114.jpg 202w, https:\/\/www.diarioimagen.net\/wp-content\/uploads\/2019\/05\/IEPS3-350x196.jpg 350w, https:\/\/www.diarioimagen.net\/wp-content\/uploads\/2019\/05\/IEPS3-220x123.jpg 220w, https:\/\/www.diarioimagen.net\/wp-content\/uploads\/2019\/05\/IEPS3-237x132.jpg 237w, https:\/\/www.diarioimagen.net\/wp-content\/uploads\/2019\/05\/IEPS3.jpg 480w\" sizes=\"auto, (max-width: 460px) 100vw, 460px\" \/><\/a><p id=\"caption-attachment-426020\" class=\"wp-caption-text\">Diputados adelantaron que para el Paquete Econ\u00f3mico 2020 se busca una actualizaci\u00f3n en el IEPS, que se aplica al tabaco, alcohol, comida chatarra y refrescos.<\/p><\/div>\n<p>&nbsp;<\/p>\n<p>Alfonso Ram\u00edrez Cu\u00e9llar, presidente de la Comisi\u00f3n de Presupuesto y Cuenta P\u00fablica de la C\u00e1mara de Diputados, adelant\u00f3 que para el Paquete Econ\u00f3mico 2020 se busca una actualizaci\u00f3n en el Impuesto Especial sobre Producci\u00f3n y Servicios (IEPS) que se aplica al tabaco, alcohol, comida <em>chatarra<\/em> y bebidas azucaradas.<\/p>\n<p>Posterior a la inauguraci\u00f3n de los foros para el an\u00e1lisis del Plan Nacional de Desarrollo que realizar\u00e1n el \u00f3rgano legislativo y la Universidad Nacional Aut\u00f3noma de M\u00e9xico (UNAM), explic\u00f3 que la intenci\u00f3n es que la \u201cactualizaci\u00f3n\u201d se exponga este 2019, pero con el objetivo de que comience a operar en 2020.<\/p>\n<p>\u201cSon actualizaciones porque ya desde hace casi cinco a\u00f1os no tenemos actualizaci\u00f3n, la idea es actualizarlo y revisarlo, actualizarlos porque la situaci\u00f3n del Sistema de Salud est\u00e1 de un colapso, sobre todo por los gastos en esta epidemia con todas las enfermedades catastr\u00f3ficas\u201d, explic\u00f3 en entrevista.<\/p>\n<p>El legislador de Morena aclar\u00f3 que no se trata de un incremento, sino una actualizaci\u00f3n con base en la inflaci\u00f3n acumulada, con la que se espera recaudar 450 mil millones de pesos.<\/p>\n<p>\u201cYo creo que pudiera ser para aprobarla en el 2019, para que entre ya con sus efectos de incremento de gasto en la pr\u00f3xima Ley de Ingresos que nos llega el d\u00eda 8 de septiembre\u201d, dijo el legislador de Morena.<\/p>\n","protected":false},"excerpt":{"rendered":"<p>Alfonso Ram\u00edrez Cu\u00e9llar, presidente de la Comisi\u00f3n de Presupuesto y Cuenta P\u00fablica de la C\u00e1mara de Diputados, adelant\u00f3 que para el Paquete Econ\u00f3mico 2020 se busca una actualizaci\u00f3n en el Impuesto Especial sobre Producci\u00f3n y Servicios (IEPS) que se aplica al tabaco, alcohol, comida <em>chatarra<\/em> y bebidas azucaradas.<\/p>\n","protected":false},"author":3,"featured_media":426020,"comment_status":"open","ping_status":"open","sticky":false,"template":"","format":"standard","meta":{"_monsterinsights_skip_tracking":false,"_monsterinsights_sitenote_active":false,"_monsterinsights_sitenote_note":"","_monsterinsights_sitenote_category":0,"footnotes":""},"categories":[25512],"tags":[84980,84981,15188],"class_list":["post-425948","post","type-post","status-publish","format-standard","has-post-thumbnail","hentry","category-nacional-nacional","tag-alimento-chatarra","tag-camra-de-diputados","tag-ieps"],"_links":{"self":[{"href":"https:\/\/www.diarioimagen.net\/index.php?rest_route=\/wp\/v2\/posts\/425948","targetHints":{"allow":["GET"]}}],"collection":[{"href":"https:\/\/www.diarioimagen.net\/index.php?rest_route=\/wp\/v2\/posts"}],"about":[{"href":"https:\/\/www.diarioimagen.net\/index.php?rest_route=\/wp\/v2\/types\/post"}],"author":[{"embeddable":true,"href":"https:\/\/www.diarioimagen.net\/index.php?rest_route=\/wp\/v2\/users\/3"}],"replies":[{"embeddable":true,"href":"https:\/\/www.diarioimagen.net\/index.php?rest_route=%2Fwp%2Fv2%2Fcomments&post=425948"}],"version-history":[{"count":0,"href":"https:\/\/www.diarioimagen.net\/index.php?rest_route=\/wp\/v2\/posts\/425948\/revisions"}],"wp:featuredmedia":[{"embeddable":true,"href":"https:\/\/www.diarioimagen.net\/index.php?rest_route=\/wp\/v2\/media\/426020"}],"wp:attachment":[{"href":"https:\/\/www.diarioimagen.net\/index.php?rest_route=%2Fwp%2Fv2%2Fmedia&parent=425948"}],"wp:term":[{"taxonomy":"category","embeddable":true,"href":"https:\/\/www.diarioimagen.net\/index.php?rest_route=%2Fwp%2Fv2%2Fcategories&post=425948"},{"taxonomy":"post_tag","embeddable":true,"href":"https:\/\/www.diarioimagen.net\/index.php?rest_route=%2Fwp%2Fv2%2Ftags&post=425948"}],"curies":[{"name":"wp","href":"https:\/\/api.w.org\/{rel}","templated":true}]}}