{"id":425950,"date":"2019-05-03T00:11:32","date_gmt":"2019-05-03T05:11:32","guid":{"rendered":"https:\/\/www.diarioimagen.net\/?p=425950"},"modified":"2019-05-03T06:07:03","modified_gmt":"2019-05-03T11:07:03","slug":"bueno-y-entonces-quien-esta-equivocado","status":"publish","type":"post","link":"https:\/\/www.diarioimagen.net\/?p=425950","title":{"rendered":"Bueno, \u00bfy entonces quien est\u00e1 equivocado?"},"content":{"rendered":"<h2>Tras la puerta del poder<\/h2>\n<h5>Roberto Vizca\u00edno<\/h5>\n<p>&nbsp;<\/p>\n<p><a href=\"https:\/\/www.diarioimagen.net\/?attachment_id=426042\" rel=\"attachment wp-att-426042\"><img loading=\"lazy\" decoding=\"async\" class=\"aligncenter size-large wp-image-426042\" src=\"https:\/\/www.diarioimagen.net\/wp-content\/uploads\/2019\/05\/mal-de-anos-LUIS-XAVIER-460x348.jpg\" alt=\"\" width=\"460\" height=\"348\" srcset=\"https:\/\/www.diarioimagen.net\/wp-content\/uploads\/2019\/05\/mal-de-anos-LUIS-XAVIER-460x348.jpg 460w, https:\/\/www.diarioimagen.net\/wp-content\/uploads\/2019\/05\/mal-de-anos-LUIS-XAVIER-240x182.jpg 240w, https:\/\/www.diarioimagen.net\/wp-content\/uploads\/2019\/05\/mal-de-anos-LUIS-XAVIER-768x582.jpg 768w, https:\/\/www.diarioimagen.net\/wp-content\/uploads\/2019\/05\/mal-de-anos-LUIS-XAVIER.jpg 1200w\" sizes=\"auto, (max-width: 460px) 100vw, 460px\" \/><\/a><\/p>\n<p>&nbsp;<\/p>\n<p>Cuando se le pregunta c\u00f3mo es posible que M\u00e9xico pueda crecer al 4% del PIB anual si instituciones, organismos, consultoras, bancos, analistas, lideres empresariales y empresarios en forma individual, y todos los relacionados con el sistema financiero y econ\u00f3mico nacional y extranjero advierten ya un estancamiento en M\u00e9xico, Andr\u00e9s Manuel L\u00f3pez Obrador suele sonre\u00edr y reiterar que lo que pasa, es que todo ese grupo responde a patrones neoliberales que no aplican en el M\u00e9xico gobernado por \u00e9l.<\/p>\n<p>Y mientras el bloque mencionado visualiza crisis y ca\u00edda econ\u00f3mica, L\u00f3pez Obrador reitera una y otra vez que todo aqu\u00ed va \u201crequetebi\u00e9n\u201d.<\/p>\n<p>As\u00ed de simple. Visiones absolutamente opuestas.<\/p>\n<p>Alguna de las partes sin duda va a ser arrasada m\u00e1s pronto que tarde por la realidad.<\/p>\n<p>\u00bfQui\u00e9n es el equivocado?<\/p>\n<p>Mire, <strong>L\u00f3pez Obrador,<\/strong> que es quien dicta las decisiones econ\u00f3micas y todas las dem\u00e1s desde Palacio Nacional, quien opera y reacciona de acuerdo a su muy particular conocimiento y l\u00f3gica, afirma que bajo su mandato M\u00e9xico va a retomar el camino del crecimiento del 4 o 5% anual como ocurri\u00f3 entre 1930 y 1980, antes de que tomaran el control del poder los neoliberales y tecn\u00f3cratas.<\/p>\n<p>Y destaca sobre todo los a\u00f1os en que Hacienda fue dirigida por Antonio Ortiz Mena, conocido como el padre del Desarrollo Estabilizador.<\/p>\n<p>\u201cY voy a destacar una cuesti\u00f3n\u2026 Ortiz Mena no era economista sino abogado\u201d, dice, para desvirtuar a\u00fan m\u00e1s el papel de los economistas en la conducci\u00f3n de la econom\u00eda.<\/p>\n<p>Y destaca un punto central de su proyecto de Plan Nacional de Desarrollo entregado en los \u00faltimos minutos al Congreso y que basa su objetivo de alcanzar el crecimiento del 4% en una visi\u00f3n magonista.<\/p>\n<p>\u201c\u2026 desde luego, a la luz de los nuevos tiempos, de las nuevas circunstancias, pero ellos, ayer lo comentaba, planteaban que era indispensable mejorar el ingreso de los trabajadores para fortalecer el mercado interno.<\/p>\n<p>\u201cDice: \u2018Si el trabajador, el mexicano, tiene ingresos muy precarios, va a consumir apenas lo b\u00e1sico y esto no ayuda a las empresas ni ayuda al comercio, mantiene una econom\u00eda estancada\u2019.<\/p>\n<p>\u201cEntonces, su propuesta era: reactivemos la econom\u00eda; planteaban que no hubiese tierras ociosas, que se distribuyera la tierra, porque hab\u00eda mucho acaparamiento de terrenos que no se utilizaban. Dec\u00eda: vamos a hacer producir la tierra, vamos a que haya m\u00e1s producci\u00f3n para que haya m\u00e1s trabajo, m\u00e1s ingresos y m\u00e1s bienestar.<\/p>\n<p>\u201cEntonces, nosotros vamos a crecer en este sexenio. Tenemos el compromiso de crecer al 4 por ciento.<\/p>\n<p>\u201cLo volv\u00ed a dejar de manifiesto en el Plan de Desarrollo, en la visi\u00f3n que es como un ep\u00edlogo de c\u00f3mo veo que va a ser el 2024; ah\u00ed dejo en claro que vamos a tener un crecimiento del 4 por ciento, esto va a significar crecer al doble de lo que se creci\u00f3 en el periodo neoliberal en 36 a\u00f1os, porque el crecimiento en todo el periodo neoliberal fue de 2 por ciento anual en promedio.<\/p>\n<p>\u201cEntonces, lo que estamos planteando es crecer al doble. Esto les molesta mucho a nuestros adversarios, pero es posible, hasta los empresarios mexicanos est\u00e1n hablando de crecer al 4 por ciento. El presidente del Consejo Coordinador Empresarial, Carlos Salazar, hizo el compromiso de apoyar para que logremos el crecimiento del 4 por ciento\u201d.<\/p>\n<p>Y mientras <strong>L\u00f3pez Obrador <\/strong>va adelante con su visi\u00f3n, y sonr\u00ede, o de plano se burla de quienes plantean algo distinto, las instituciones, organismos, consultoras, bancos, analistas, l\u00edderes empresariales y empresarios ven un mundo distinto, ya en la raya del estancamiento.<\/p>\n<p>As\u00ed, mientras de la propia secretar\u00eda de Hacienda del Gobierno de <strong>L\u00f3pez Obrador <\/strong>aceptaba un subejercicio del 6.1% que sum\u00f3 la no aplicaci\u00f3n de 86 mil 572 millones de pesos y que, junto con el lento desempe\u00f1o de los programas sociales de AMLO, y el desabasto de gasolinas, las huelgas de maquiladoras en Matamoros y bloqueos de v\u00edas en Michoac\u00e1n provocaron un fren\u00f3n en la econom\u00eda, un informe del Banco de M\u00e9xico volvi\u00f3 a bajar las metas de crecimiento en 2019 y 2020.<\/p>\n<p>Adicionalmente Manuel Rivero, director general de Banregio indicaba que \u201cla palabra clave para el sector financiero y empresarial en M\u00e9xico actualmente es de \u2018cautela\u2019\u201d, o sea b\u00e1jenle y paren inversiones.<\/p>\n<p>Y en ese lenguaje tan propio de quienes quieren decir que hay problemas pero no hay que evidenciarlos aunque todos saben que hay problemas, agreg\u00f3:<\/p>\n<p>\u201cEn materia econ\u00f3mica el pa\u00eds hoy tiene indicadores tanto positivos como negativos, en donde hay industrias y regiones que est\u00e1n demandando m\u00e1s cr\u00e9dito que otros\u201d.<\/p>\n<p>Enrique Quintana, director editorial de El Financiero, y columnista central de ese diario dec\u00eda ayer:<\/p>\n<p>\u201cEstamos en las orillas de la recesi\u00f3n, con un crecimiento de apenas 0.2 por ciento en el primer trimestre del 2019, pero queremos que, al terminar el sexenio, en 2024, la tasa de expansi\u00f3n del PIB alcance el 6 por ciento anual, con un promedio al a\u00f1o de 4 por ciento, de acuerdo con lo que dice el Plan Nacional de Desarrollo (PND)\u201d.<\/p>\n<p>M\u00e1s claro ni el agua clara: \u00bfc\u00f3mo carambas vamos a crecer como dice AMLO al 4 % anual y al 6% al final de su sexenio si ahora mismo estamos en menos 0.2%?<\/p>\n<p>Iron\u00eda en un columnista de econom\u00eda.<\/p>\n<p>Y, realista como es, concluy\u00f3:<\/p>\n<p>\u201cEn la econom\u00eda, como en muchos otros \u00e1mbitos, hay conexiones de causa-efecto.<\/p>\n<p>\u201cEl crecimiento buscado en el PND es un efecto. Para conseguirlo, se tienen que alinear las causas: mayor inversi\u00f3n p\u00fablica y mayor inversi\u00f3n privada.<\/p>\n<p>\u201cSi no hay esos ingredientes, el resultado pretendido no pasar\u00e1 de ser un buen deseo, inalcanzable mientras no cambien las cosas.<\/p>\n<p>\u201cEst\u00e1 bien mantener la estabilidad macroecon\u00f3mica y la disciplina fiscal, correctamente enfatizadas en el PND, pero si se cree que con eso se garantiza el crecimiento, se estar\u00e1 cometiendo un error de grandes proporciones.<\/p>\n<p>\u201cYa hay PND y seguimos con la interrogante de la ruta que permitir\u00e1 el crecimiento del pa\u00eds\u201d.<\/p>\n<p>O sea\u2026<\/p>\n<p>Pablo Hiriart, cr\u00edtico sin concesiones de AMLO, calific\u00f3 las decisiones del presidente como \u201csin remedio\u201d.<\/p>\n<p>Porque considera que mientras todos los indicadores advierten el desastre, AMLO insiste en que va a lograr un crecimiento del 4% anual y de un 6% al concluir su administraci\u00f3n.<\/p>\n<p>Los l\u00edmites de cada parte en esta visi\u00f3n encontrada tiene l\u00edmites. Yo creo que no va a pasar de este a\u00f1o que sepamos quien o quienes estaban equivocados.<\/p>\n<p style=\"text-align: center;\"><strong>Lunes de decisiones<\/strong><\/p>\n<p>A solicitud de Ricardo Monreal, l\u00edder de la mayor\u00eda senatorial de Morena y presidente de la Juntad e Coordinaci\u00f3n Pol\u00edtica del Senado, la Comisi\u00f3n Permanente adelantar\u00e1 para este lunes su sesi\u00f3n ordinaria a fin de definir el periodo extraordinario para sacar adelante la reforma educativa\u2026<\/p>\n<p>Un tr\u00e1mite que se tiene que realizar porque 3 senadores de Morena se ausentaron el martes pasado y dieron paso a que la oposici\u00f3n impidiera la aprobaci\u00f3n de esta reforma por apenas un voto.<\/p>\n<p>Monreal buscar\u00e1 que la Comisi\u00f3n Permanente fije el per\u00edodo extraordinario para el mi\u00e9rcoles 8 de este mayo.<\/p>\n<p><em><u><a href=\"http:\/\/endirecto.mx\" target=\"_blank\" rel=\"noopener noreferrer\">www.endirecto.mx<\/a><br \/>\n<a href=\"https:\/\/twitter.com\/_rvizcaino\" target=\"_blank\" rel=\"noopener noreferrer\">@_RVizcaino<\/a><br \/>\n<a href=\"https:\/\/www.facebook.com\/rvizcainoa\" target=\"_blank\" rel=\"noopener noreferrer\">facebook.com\/rvizcainoa<\/a><\/u><\/em><\/p>\n","protected":false},"excerpt":{"rendered":"<p><span style=\"color: #005497;\"><strong>Roberto Vizca\u00edno<\/strong><\/span><br \/>\n<br \/>\nCuando se le pregunta c\u00f3mo es posible que M\u00e9xico pueda crecer al 4% del PIB anual si instituciones, organismos, consultoras, bancos, analistas, lideres empresariales y empresarios en forma individual, y todos los relacionados con el sistema financiero y econ\u00f3mico nacional y extranjero advierten ya un estancamiento en M\u00e9xico, Andr\u00e9s Manuel L\u00f3pez Obrador suele sonre\u00edr y reiterar que lo que pasa, es que todo ese grupo responde a patrones neoliberales que no aplican en el M\u00e9xico gobernado por \u00e9l.<\/p>\n","protected":false},"author":3,"featured_media":426042,"comment_status":"open","ping_status":"open","sticky":false,"template":"","format":"standard","meta":{"_monsterinsights_skip_tracking":false,"_monsterinsights_sitenote_active":false,"_monsterinsights_sitenote_note":"","_monsterinsights_sitenote_category":0,"footnotes":""},"categories":[136],"tags":[43674,93,94],"class_list":["post-425950","post","type-post","status-publish","format-standard","has-post-thumbnail","hentry","category-roberto-vizcaino-opinion","tag-opinion","tag-roberto-vizcaino","tag-tras-la-puerta-del-poder"],"_links":{"self":[{"href":"https:\/\/www.diarioimagen.net\/index.php?rest_route=\/wp\/v2\/posts\/425950","targetHints":{"allow":["GET"]}}],"collection":[{"href":"https:\/\/www.diarioimagen.net\/index.php?rest_route=\/wp\/v2\/posts"}],"about":[{"href":"https:\/\/www.diarioimagen.net\/index.php?rest_route=\/wp\/v2\/types\/post"}],"author":[{"embeddable":true,"href":"https:\/\/www.diarioimagen.net\/index.php?rest_route=\/wp\/v2\/users\/3"}],"replies":[{"embeddable":true,"href":"https:\/\/www.diarioimagen.net\/index.php?rest_route=%2Fwp%2Fv2%2Fcomments&post=425950"}],"version-history":[{"count":0,"href":"https:\/\/www.diarioimagen.net\/index.php?rest_route=\/wp\/v2\/posts\/425950\/revisions"}],"wp:featuredmedia":[{"embeddable":true,"href":"https:\/\/www.diarioimagen.net\/index.php?rest_route=\/wp\/v2\/media\/426042"}],"wp:attachment":[{"href":"https:\/\/www.diarioimagen.net\/index.php?rest_route=%2Fwp%2Fv2%2Fmedia&parent=425950"}],"wp:term":[{"taxonomy":"category","embeddable":true,"href":"https:\/\/www.diarioimagen.net\/index.php?rest_route=%2Fwp%2Fv2%2Fcategories&post=425950"},{"taxonomy":"post_tag","embeddable":true,"href":"https:\/\/www.diarioimagen.net\/index.php?rest_route=%2Fwp%2Fv2%2Ftags&post=425950"}],"curies":[{"name":"wp","href":"https:\/\/api.w.org\/{rel}","templated":true}]}}