{"id":425953,"date":"2019-05-03T00:10:24","date_gmt":"2019-05-03T05:10:24","guid":{"rendered":"https:\/\/www.diarioimagen.net\/?p=425953"},"modified":"2019-05-03T06:07:46","modified_gmt":"2019-05-03T11:07:46","slug":"la-polarizacion-auspiciada-por-el-pripanismo","status":"publish","type":"post","link":"https:\/\/www.diarioimagen.net\/?p=425953","title":{"rendered":"La polarizaci\u00f3n, auspiciada por el pripanismo"},"content":{"rendered":"<h2>\u00cdndice pol\u00edtico<\/h2>\n<h5>Francisco Rodr\u00edguez<\/h5>\n<p>&nbsp;<\/p>\n<div id=\"attachment_426045\" style=\"width: 470px\" class=\"wp-caption aligncenter\"><a href=\"https:\/\/www.diarioimagen.net\/?attachment_id=426045\" rel=\"attachment wp-att-426045\"><img loading=\"lazy\" decoding=\"async\" aria-describedby=\"caption-attachment-426045\" class=\"size-large wp-image-426045\" src=\"https:\/\/www.diarioimagen.net\/wp-content\/uploads\/2019\/05\/con-maduro-MARAL-460x294.jpg\" alt=\"\" width=\"460\" height=\"294\" srcset=\"https:\/\/www.diarioimagen.net\/wp-content\/uploads\/2019\/05\/con-maduro-MARAL-460x294.jpg 460w, https:\/\/www.diarioimagen.net\/wp-content\/uploads\/2019\/05\/con-maduro-MARAL-240x154.jpg 240w, https:\/\/www.diarioimagen.net\/wp-content\/uploads\/2019\/05\/con-maduro-MARAL-768x492.jpg 768w, https:\/\/www.diarioimagen.net\/wp-content\/uploads\/2019\/05\/con-maduro-MARAL.jpg 1200w\" sizes=\"auto, (max-width: 460px) 100vw, 460px\" \/><\/a><p id=\"caption-attachment-426045\" class=\"wp-caption-text\">Con Maduro&#8230; | Maral<\/p><\/div>\n<p>&nbsp;<\/p>\n<p>A prop\u00f3sito de marchas y \u201ccacerolas\u201d no debe soslayarse que cargamos con la pesada losa de las castas gobernantes mexicanas que siempre han sido complacientes y obsequiosas con el invasor. Como ejemplos hist\u00f3ricos destacados en este rubro, basta recordar el servilismo mostrado por Agust\u00edn de Iturbide, Guadalupe Victoria y los primeros republicanos ante Joel R. Poinsett, el embajador de la Doctrina Monroe.<\/p>\n<p>Porque el adelantado proc\u00f3nsul del Imperio, designado por el presidente James Monroe, s\u00f3lo ven\u00eda en plan de investigador de las riquezas minerales y naturales y como un invasor adelantado para saber qu\u00e9 estaba mal acomodado y proceder a levantarlo de inmediato, ante el azoro de quienes hab\u00edan ganado la revoluci\u00f3n de Independencia.<\/p>\n<p>El malinchismo proverbial de las castas gobernantes locales facilit\u00f3 las maniobras de Poinsett, esp\u00eda tama\u00f1o caguama, que persegu\u00eda fundamentalmente la venta en c\u00f3modas condiciones, usted sabe, de estados norte\u00f1os a los estadunidenses. Texas, Nuevo M\u00e9xico, Sonora, Coahuila y Nuevo Le\u00f3n, entre otros. Pero lleg\u00f3 m\u00e1s all\u00e1.<\/p>\n<p>A trav\u00e9s del rito mas\u00f3n de la logia yorkina, que \u00e9l introdujo, se infiltr\u00f3 ideol\u00f3gicamente entre los guerreros republicanos, causando una divisi\u00f3n may\u00fascula que acab\u00f3 despedazando a los dirigentes del pa\u00eds. El historiador Lorenzo de Zavala, pose\u00eddo por las obsesiones monro\u00edstas acab\u00f3 apoyando la anexi\u00f3n de Texas.<\/p>\n<p>Los yorkinos se anularon entre ellos. Vicente Guerrero acab\u00f3 corriendo del pa\u00eds a Nicol\u00e1s Bravo, quien hab\u00eda criticado la infiltraci\u00f3n de Poinsett. Los yorkinos, envenenados, acabaron dividi\u00e9ndose en centralistas y federalistas. Los primeros dieron golpe de Estado al presidente Manuel G\u00f3mez Pedraza. En medio de este caos, entre los federalistas ten\u00edan que surgir los traidores polkos.<\/p>\n<p>La tradici\u00f3n malinchista sigui\u00f3. Las castas han sido serviles y obsequiosas con el invasor, del tama\u00f1o que sea. Entre los distinguidos palafreneros de Maximiliano de Habsburgo, encontramos al abuelo de Juan S\u00e1nchez Navarro, el ya fallecido gur\u00fa del empresariado mexicano, y en la defensa judicial de compa\u00f1\u00edas petroleras extranjeras, al abogado revolucionario Luis Cabrera.<\/p>\n<p>Porfirio D\u00edaz control\u00f3 a las familias arist\u00f3cratas por la v\u00eda de atraer a los juniors de los poderosos \u2014los afamados <em>lagartijos<\/em>\u2014 al dinero f\u00e1cil y r\u00e1pido de los tr\u00e1mites sin obst\u00e1culos de las empresas el\u00e9ctricas, petroleras, henequeneras, mineras y ferrocarrileras. Los convirti\u00f3 en <em>coyotes<\/em> al servicio de patrones de allende las fronteras.<\/p>\n<p>Los gobiernos sonorenses, triunfantes en la Revoluci\u00f3n, se agacharon a firmar los Tratados de Bucareli, gracias a los cuales se reconoci\u00f3 a los obregonistas, los forraron de plata y armas contra los adversarios. Pero nos condicionaron a no incursionar en el terreno de las industrias pesadas.<\/p>\n<p>Lo cierto es que nunca hemos producido un solo bien de los llamados de capital. Algo que pueda reproducirse en m\u00e1s bienes. En el ADN de los gobiernos mexicanos, sean coloniales, independentistas, centralistas, federalistas o revolucionarios, ha estado el sello de la genuflexi\u00f3n ante extra\u00f1os e imposici\u00f3n de duras penas a los aut\u00f3ctonos.<\/p>\n<p>Ese es el pa\u00eds que quieren que regrese los marchistas del pr\u00f3ximo domingo 5 de mayo<\/p>\n<p>Dudo que quienes hoy se oponen a L\u00f3pez Obrador sepan esto. Lo destacable es que sus reacciones en pro de la injusticia y a favor del robo y el entreguismo responden a irremediables taras gen\u00e9ticas que en ellos llegan al nivel de lo estridente. No puede explicarse de otra forma, pues algunos de ellos nunca han le\u00eddo un solo libro, a confesi\u00f3n de parte.<\/p>\n<p>Loan a los corruptos. Levantan altares a los inservibles. Protegen a los esbirros. Queman incienso a los depredadores del pa\u00eds. Son <em>malinches<\/em>, en el peor sentido de esa expresi\u00f3n tan nuestra. Ya casi no hay quien les d\u00e9 la mano, por el temor de perder los anillos , los relojes, los retratos de familia y hasta los dedos.<\/p>\n<p>Y es que el abandono sistem\u00e1tico de las actividades industriales y comerciales en los sectores productivos del pa\u00eds, la par\u00e1lisis del mercado interno y el excesivo trato privilegiado a las empresas transnacionales y a sus subsidiarias locales, dibujaron en el pasado reciente un Estado <em>malinche<\/em>, perforado por la ambici\u00f3n, infiltrado por el anexionismo rid\u00edculo.<\/p>\n<p>Ese es el pa\u00eds que quieren que regrese los marchistas del pr\u00f3ximo domingo 5 de mayo.<\/p>\n<p>Los gobiernos pripanistas no estaban hechos para saber \u2014menos para poder\u2014 hacer un solo control de da\u00f1os en favor de la poblaci\u00f3n. No conoc\u00edan una sola forma, una soluci\u00f3n, una posibilidad de utilizar las inmensas oportunidades de un sistema presidencialista con poderes absolutos, hecho para proteger castas de <em>malinches<\/em>.<\/p>\n<p>Lo demostraron palmariamente en sus respuestas formales y bravatas frente a conflictos internacionales y nacionales que ellos mismos provocaron, enred\u00e1ndose en sus propios hilos de corrupci\u00f3n desenfrenada. Los abusos en la desastrosa campa\u00f1a pri\u00edsta de 2018, as\u00ed como en la masacre militar huachicolera son realmente bochornosos.<\/p>\n<p>Las negociaciones en lo oscurito de quien fuera aprendiz de canciller, el autollamado estadista Videgaray con el yerno de Trump, formado como mandadero en los s\u00f3tanos de la financiera Goldman Sachs, son hist\u00f3ricamente reprobables. No ten\u00edan un solo punto explicable, menos defendible.<\/p>\n<p>Videgaray y su mocito Pe\u00f1a Nieto concedieron, como fue p\u00fablico y notorio, un nivel de Jefe de Estado a alguien que otros mandaderos vern\u00e1culos del mismo grupo bancario, como Agust\u00edn Carstens, le recomendaron en una hora desafortunada para este pa\u00eds. Antipatri\u00f3tica e ignorante, a m\u00e1s no poder.<\/p>\n<p>Ese es el pa\u00eds que quieren que regrese los marchistas del pr\u00f3ximo domingo 5 de mayo.<\/p>\n<p>Pol\u00edticas al gusto y a la orden de Estados Unidos, atentatorias para la viabilidad de M\u00e9xico como Naci\u00f3n. Reprobadas y atacadas por las mentalidades m\u00e1s l\u00facidas de la Tierra. Entreguistas y obsequiosas, colaboracionistas rupestres en el sentido m\u00e1s est\u00fapido de la expresi\u00f3n. Se basaban en el voluntarismo pedestre, en la capacidad de influencia de un yerno reci\u00e9n llegado a las lides pol\u00edticas.<\/p>\n<p>Abominable como todo lo que hicieron los tolucos y pachuquitas. Desquiciados por la rapi\u00f1a y la codicia, los nefastos mexiquenses continuaron sus labores de zapa como aut\u00e9nticos traidores a la patria.<\/p>\n<p>Ese es el pa\u00eds que quieren que regrese los marchistas del pr\u00f3ximo domingo 5 de mayo.<\/p>\n<p>La venta de la patria, la demolici\u00f3n maquinada de sus estructuras, la traici\u00f3n a la diplomacia, el saqueo del circulante monetario, los obst\u00e1culos a las investigaciones criminales contra los rateros de los estados, la protecci\u00f3n a los carteles del narco, la represi\u00f3n salvaje a los ciudadanos, casi todo sali\u00f3 del escritorio de Videgaray, el jefe de Pe\u00f1a Nieto.<\/p>\n<p>Acumul\u00f3 tal cantidad de poder el ex presidente Videgaray, que todo mundo sab\u00eda, condicionaba al presidentito de <em>Atlacomulco<\/em> a ser un espectador cariacontecido y bobo de lo que pasaba a su alrededor.<\/p>\n<p>Hoy que tenemos un Presidente de la Rep\u00fablica que est\u00e1 en todo, que defiende los intereses de M\u00e9xico, que postula ahorro, lucha contra la corrupci\u00f3n, reinstalaci\u00f3n de la seguridad p\u00fablica, un mejor reparto de la riqueza, hay quienes marchar\u00e1n el pr\u00f3ximo domingo 5 de mayo para que regrese el pa\u00eds de la injusticia y el entreguismo pripanista.<\/p>\n<p>Cosas veredes\u2026<\/p>\n<p>\u00bfNo cree usted?<\/p>\n<p><strong><em>\u00cdndice Flam\u00edgero<\/em><\/strong><em>:<\/em> Wikipedia nos recuerda la aut\u00e9ntica Marcha del Silencio: \u201c\u2026fue una manifestaci\u00f3n\u00a0de\u00a0desobediencia civil\u00a0y protesta pol\u00edtica por la paz realizada por integrantes del\u00a0movimiento de 1968\u00a0en la\u00a0Ciudad de M\u00e9xico el viernes\u00a013 de septiembre\u00a0de ese a\u00f1o. Se realiz\u00f3 en protesta por el desalojo violento de la\u00a0Plaza de la Constituci\u00f3n\u00a0(Z\u00f3calo), en el que ocu rrieron\u00a0 detenciones arbitrarias,\u00a0brutalidad policial\u00a0y diversos enfrentamientos entre simpatizantes del movimiento y fuerzas como el\u00a0Heroico Cuerpo de Granaderos\u00a0y el\u00a0Ej\u00e9rcito Mexicano.\u00a0Fue convocada por el\u00a0Consejo Nacional de Huelga\u00a0(CNH) como una manifestaci\u00f3n silenciosa\u00a0pacifista, ya que era\u00a0<em>m\u00e1s elocuente que las palabras que acallaron las bayonetas<\/em>, y por el silencio que hizo el entonces presidente\u00a0Gustavo D\u00edaz Ordaz\u00a0en su\u00a0<em>Cuarto informe de gobierno<\/em>\u00a0el 1 de septiembre de 1968 sobre el movimiento. Por tanto, se march\u00f3 no con las banderas rojinegras del CNH sino con banderas de M\u00e9xico\u00a0y retratos de h\u00e9roes de la Independencia y la Revoluci\u00f3n. El trayecto fue desde el Museo de Antropolog\u00eda, hacia el Z\u00f3calo, unos 6.1 kil\u00f3metros, aproximadamente.\u201d + + + Con el t\u00e9rmino del segundo periodo ordinario de sesiones del Congreso de la Uni\u00f3n queda claro que el andamiaje jur\u00eddico del nuevo gobierno tiene avances sustanciales. Muestra de ello son la creaci\u00f3n de la Guardia Nacional, las reformas a las leyes Laboral y de Educaci\u00f3n, mismas que requirieron un trabajo minucioso y acucioso.<\/p>\n<p>En esta labor, destacan dos servidores p\u00fablicos, uno del Ejecutivo y otro del Legislativo, en la instalaci\u00f3n de esta estructura: por un lado, Julio Scherer Ibarra, el consejero jur\u00eddico del presidente Andr\u00e9s Manuel L\u00f3pez Obrador; y, por otro lado, el l\u00edder de la mayor\u00eda y jefe de la bancada de Morena en el Senado, Ricardo Monreal \u00c1vila. A este \u00faltimo, nadie le regatea el m\u00e9rito de hacer posible el consenso y la uni\u00f3n de voluntades de los distintos grupos parlamentarios en la construcci\u00f3n legal de la Cuarta Transformaci\u00f3n. + + + En todo el planeta hoy se celebra el <strong>D\u00eda Mundial de la Libertad de Prensa<\/strong>. \u00a1Felicidades! \u00a1A quienes transmiten las noticias! \u00a1A quienes las reciben!<\/p>\n<p><em><u><a href=\"http:\/\/www.indicepolitico.com\" target=\"_blank\" rel=\"noopener noreferrer\">www.indicepolitico.com<\/a><br \/>\n<a href=\"mailto:pacorodriguez@journalist.com\" target=\"_blank\" rel=\"noopener noreferrer\">pacorodriguez@journalist.com<\/a><br \/>\n<a href=\"https:\/\/twitter.com\/pacorodriguez\" target=\"_blank\" rel=\"noopener noreferrer\">@pacorodriguez<\/a><\/u><\/em><\/p>\n","protected":false},"excerpt":{"rendered":"<p><span style=\"color: #005497;\"><strong>Francisco Rodr\u00edguez<\/strong><\/span><br \/>\n<br \/>\nA prop\u00f3sito de marchas y \u201ccacerolas\u201d no debe soslayarse que cargamos con la pesada losa de las castas gobernantes mexicanas que siempre han sido complacientes y obsequiosas con el invasor. Como ejemplos hist\u00f3ricos destacados en este rubro, basta recordar el servilismo mostrado por Agust\u00edn de Iturbide, Guadalupe Victoria y los primeros republicanos ante Joel R. Poinsett, el embajador de la Doctrina Monroe.<\/p>\n","protected":false},"author":3,"featured_media":426045,"comment_status":"open","ping_status":"open","sticky":false,"template":"","format":"standard","meta":{"_monsterinsights_skip_tracking":false,"_monsterinsights_sitenote_active":false,"_monsterinsights_sitenote_note":"","_monsterinsights_sitenote_category":0,"footnotes":""},"categories":[549],"tags":[43689,550,43674],"class_list":["post-425953","post","type-post","status-publish","format-standard","has-post-thumbnail","hentry","category-francisco-rodriguez","tag-francisco-rodriguez","tag-indice-politico","tag-opinion"],"_links":{"self":[{"href":"https:\/\/www.diarioimagen.net\/index.php?rest_route=\/wp\/v2\/posts\/425953","targetHints":{"allow":["GET"]}}],"collection":[{"href":"https:\/\/www.diarioimagen.net\/index.php?rest_route=\/wp\/v2\/posts"}],"about":[{"href":"https:\/\/www.diarioimagen.net\/index.php?rest_route=\/wp\/v2\/types\/post"}],"author":[{"embeddable":true,"href":"https:\/\/www.diarioimagen.net\/index.php?rest_route=\/wp\/v2\/users\/3"}],"replies":[{"embeddable":true,"href":"https:\/\/www.diarioimagen.net\/index.php?rest_route=%2Fwp%2Fv2%2Fcomments&post=425953"}],"version-history":[{"count":0,"href":"https:\/\/www.diarioimagen.net\/index.php?rest_route=\/wp\/v2\/posts\/425953\/revisions"}],"wp:featuredmedia":[{"embeddable":true,"href":"https:\/\/www.diarioimagen.net\/index.php?rest_route=\/wp\/v2\/media\/426045"}],"wp:attachment":[{"href":"https:\/\/www.diarioimagen.net\/index.php?rest_route=%2Fwp%2Fv2%2Fmedia&parent=425953"}],"wp:term":[{"taxonomy":"category","embeddable":true,"href":"https:\/\/www.diarioimagen.net\/index.php?rest_route=%2Fwp%2Fv2%2Fcategories&post=425953"},{"taxonomy":"post_tag","embeddable":true,"href":"https:\/\/www.diarioimagen.net\/index.php?rest_route=%2Fwp%2Fv2%2Ftags&post=425953"}],"curies":[{"name":"wp","href":"https:\/\/api.w.org\/{rel}","templated":true}]}}