{"id":425970,"date":"2019-05-03T00:09:00","date_gmt":"2019-05-03T05:09:00","guid":{"rendered":"https:\/\/www.diarioimagen.net\/?p=425970"},"modified":"2019-05-03T05:15:47","modified_gmt":"2019-05-03T10:15:47","slug":"gobierno-de-huixquilucan-continua-con-infraestructura-para-las-escuelas","status":"publish","type":"post","link":"https:\/\/www.diarioimagen.net\/?p=425970","title":{"rendered":"Gobierno de Huixquilucan contin\u00faa\u00a0con infraestructura para las escuelas"},"content":{"rendered":"<ul>\n<li><strong><em>El plantel de la colonia Cantera tendr\u00e1 juegos infantiles<\/em><\/strong><\/li>\n<\/ul>\n<p>&nbsp;<\/p>\n<div id=\"attachment_426005\" style=\"width: 470px\" class=\"wp-caption aligncenter\"><a href=\"https:\/\/www.diarioimagen.net\/?attachment_id=426005\" rel=\"attachment wp-att-426005\"><img loading=\"lazy\" decoding=\"async\" aria-describedby=\"caption-attachment-426005\" class=\"size-large wp-image-426005\" src=\"https:\/\/www.diarioimagen.net\/wp-content\/uploads\/2019\/05\/HUIXQUILUCAN-3-460x259.jpg\" alt=\"\" width=\"460\" height=\"259\" srcset=\"https:\/\/www.diarioimagen.net\/wp-content\/uploads\/2019\/05\/HUIXQUILUCAN-3-460x259.jpg 460w, https:\/\/www.diarioimagen.net\/wp-content\/uploads\/2019\/05\/HUIXQUILUCAN-3-240x135.jpg 240w, https:\/\/www.diarioimagen.net\/wp-content\/uploads\/2019\/05\/HUIXQUILUCAN-3-235x132.jpg 235w, https:\/\/www.diarioimagen.net\/wp-content\/uploads\/2019\/05\/HUIXQUILUCAN-3-202x114.jpg 202w, https:\/\/www.diarioimagen.net\/wp-content\/uploads\/2019\/05\/HUIXQUILUCAN-3-350x196.jpg 350w, https:\/\/www.diarioimagen.net\/wp-content\/uploads\/2019\/05\/HUIXQUILUCAN-3-220x123.jpg 220w, https:\/\/www.diarioimagen.net\/wp-content\/uploads\/2019\/05\/HUIXQUILUCAN-3-237x132.jpg 237w, https:\/\/www.diarioimagen.net\/wp-content\/uploads\/2019\/05\/HUIXQUILUCAN-3.jpg 480w\" sizes=\"auto, (max-width: 460px) 100vw, 460px\" \/><\/a><p id=\"caption-attachment-426005\" class=\"wp-caption-text\">Ante la comunidad estudiantil y padres de familia, Enrique Vargas del Villar se comprometi\u00f3 a entregar juegos infantiles, ya que es una sentida petici\u00f3n para que los peque\u00f1os tengan un desarrollo pleno.<\/p><\/div>\n<p>&nbsp;<\/p>\n<p><strong>Huixquilucan, Estado de M\u00e9xico<\/strong>.- El presidente municipal\u00a0 de Huixquilucan, Enrique Vargas del Villar, entreg\u00f3 250 mil pesos para la mejora de las instalaciones de la escuela primaria \u201cFrancisco Javier Mina\u201d, en la colonia Cantera.<\/p>\n<p>El edil record\u00f3 que su administraci\u00f3n est\u00e1 comprometida con la ni\u00f1ez y su educaci\u00f3n, por ello se han realizado acciones concretas en su beneficio y asegur\u00f3 que en este periodo de gobierno se reforzar\u00e1 el apoyo a todas las instituciones escolares.<\/p>\n<p>Ante la comunidad estudiantil y padres de familia, Vargas del Villar se comprometi\u00f3 a entregar juegos infantiles ya que es una sentida petici\u00f3n para que los peque\u00f1os tengan un desarrollo pleno e integral en su paso por esta instituci\u00f3n.<\/p>\n<p>Romina Contreras Carrasco, presidenta del Sistema Municipal para el Desarrollo Integral de la Familia (DIF), precis\u00f3 que los 250 mil pesos entregados a la escuela, son para mejoras en el plantel.<\/p>\n<p>En este sentido, reconoci\u00f3 el trabajo de los integrantes del Cabildo quienes han avalado la entrega de est\u00edmulos a la educaci\u00f3n a trav\u00e9s de becas y mejora de las escuelas, as\u00ed como la culminaci\u00f3n del Complejo Rosa M\u00edstica, para beneficiar a los sectores m\u00e1s vulnerables como es la ni\u00f1ez, mujeres, personas con discapacidad y adultos mayores.<\/p>\n<p>Inocente Hern\u00e1ndez Hern\u00e1ndez, director del plantel, reconoci\u00f3 la inversi\u00f3n que el gobierno municipal realiza en pro de la educaci\u00f3n ya que el presidente Enrique Vargas del Villar tiene la convicci\u00f3n de ayudar a la ni\u00f1ez huixquiluquense.<\/p>\n<p>Se\u00f1al\u00f3,\u00a0 que de manera conjunta con el gobierno municipal se han cerrado filas para que la ense\u00f1anza y el aprendizaje de los ni\u00f1os se haga en las mejores condiciones.<\/p>\n","protected":false},"excerpt":{"rendered":"<p>El presidente municipal\u00a0 de Huixquilucan, Enrique Vargas del Villar, entreg\u00f3 250 mil pesos para la mejora de las instalaciones de la escuela primaria \u201cFrancisco Javier Mina\u201d, en la colonia Cantera.<\/p>\n","protected":false},"author":3,"featured_media":426005,"comment_status":"open","ping_status":"open","sticky":false,"template":"","format":"standard","meta":{"_monsterinsights_skip_tracking":false,"_monsterinsights_sitenote_active":false,"_monsterinsights_sitenote_note":"","_monsterinsights_sitenote_category":0,"footnotes":""},"categories":[35155],"tags":[207,43675,1097,18394],"class_list":["post-425970","post","type-post","status-publish","format-standard","has-post-thumbnail","hentry","category-estado-de-mexico-estado-de-mexico","tag-escuelas","tag-estado-de-mexico","tag-huixquilucan","tag-infraestructura"],"_links":{"self":[{"href":"https:\/\/www.diarioimagen.net\/index.php?rest_route=\/wp\/v2\/posts\/425970","targetHints":{"allow":["GET"]}}],"collection":[{"href":"https:\/\/www.diarioimagen.net\/index.php?rest_route=\/wp\/v2\/posts"}],"about":[{"href":"https:\/\/www.diarioimagen.net\/index.php?rest_route=\/wp\/v2\/types\/post"}],"author":[{"embeddable":true,"href":"https:\/\/www.diarioimagen.net\/index.php?rest_route=\/wp\/v2\/users\/3"}],"replies":[{"embeddable":true,"href":"https:\/\/www.diarioimagen.net\/index.php?rest_route=%2Fwp%2Fv2%2Fcomments&post=425970"}],"version-history":[{"count":0,"href":"https:\/\/www.diarioimagen.net\/index.php?rest_route=\/wp\/v2\/posts\/425970\/revisions"}],"wp:featuredmedia":[{"embeddable":true,"href":"https:\/\/www.diarioimagen.net\/index.php?rest_route=\/wp\/v2\/media\/426005"}],"wp:attachment":[{"href":"https:\/\/www.diarioimagen.net\/index.php?rest_route=%2Fwp%2Fv2%2Fmedia&parent=425970"}],"wp:term":[{"taxonomy":"category","embeddable":true,"href":"https:\/\/www.diarioimagen.net\/index.php?rest_route=%2Fwp%2Fv2%2Fcategories&post=425970"},{"taxonomy":"post_tag","embeddable":true,"href":"https:\/\/www.diarioimagen.net\/index.php?rest_route=%2Fwp%2Fv2%2Ftags&post=425970"}],"curies":[{"name":"wp","href":"https:\/\/api.w.org\/{rel}","templated":true}]}}