{"id":425973,"date":"2019-05-03T00:08:30","date_gmt":"2019-05-03T05:08:30","guid":{"rendered":"https:\/\/www.diarioimagen.net\/?p=425973"},"modified":"2019-05-03T04:56:30","modified_gmt":"2019-05-03T09:56:30","slug":"buscara-el-suteym-mejorar-las-condiciones-laborales-de-agremiados","status":"publish","type":"post","link":"https:\/\/www.diarioimagen.net\/?p=425973","title":{"rendered":"Buscar\u00e1 el SUTEyM mejorar las condiciones laborales de agremiados \u00a0"},"content":{"rendered":"<ul>\n<li><strong><em>Celebran el D\u00eda del Trabajo en Naucalpan<\/em><\/strong><\/li>\n<\/ul>\n<p>&nbsp;<\/p>\n<div id=\"attachment_426008\" style=\"width: 470px\" class=\"wp-caption aligncenter\"><a href=\"https:\/\/www.diarioimagen.net\/?attachment_id=426008\" rel=\"attachment wp-att-426008\"><img loading=\"lazy\" decoding=\"async\" aria-describedby=\"caption-attachment-426008\" class=\"size-large wp-image-426008\" src=\"https:\/\/www.diarioimagen.net\/wp-content\/uploads\/2019\/05\/NAUCALPAN-3-460x259.jpg\" alt=\"\" width=\"460\" height=\"259\" srcset=\"https:\/\/www.diarioimagen.net\/wp-content\/uploads\/2019\/05\/NAUCALPAN-3-460x259.jpg 460w, https:\/\/www.diarioimagen.net\/wp-content\/uploads\/2019\/05\/NAUCALPAN-3-240x135.jpg 240w, https:\/\/www.diarioimagen.net\/wp-content\/uploads\/2019\/05\/NAUCALPAN-3-235x132.jpg 235w, https:\/\/www.diarioimagen.net\/wp-content\/uploads\/2019\/05\/NAUCALPAN-3-202x114.jpg 202w, https:\/\/www.diarioimagen.net\/wp-content\/uploads\/2019\/05\/NAUCALPAN-3-350x196.jpg 350w, https:\/\/www.diarioimagen.net\/wp-content\/uploads\/2019\/05\/NAUCALPAN-3-220x123.jpg 220w, https:\/\/www.diarioimagen.net\/wp-content\/uploads\/2019\/05\/NAUCALPAN-3-237x132.jpg 237w, https:\/\/www.diarioimagen.net\/wp-content\/uploads\/2019\/05\/NAUCALPAN-3.jpg 480w\" sizes=\"auto, (max-width: 460px) 100vw, 460px\" \/><\/a><p id=\"caption-attachment-426008\" class=\"wp-caption-text\">Tom\u00e1s Palomares Parra refiri\u00f3 que cada 4 a\u00f1os llevan a cabo elecciones libres, en la propia explanada de gobierno.<\/p><\/div>\n<p>&nbsp;<\/p>\n<p><strong>Naucalpan, Estado de M\u00e9xico<\/strong>.- En el marco del 130 Aniversario del \u201cD\u00eda Internacional del Trabajo\u201d, Tom\u00e1s Palomares Parra, secretario general del Sindicato \u00danico de Trabajadores de los Estados y sus Municipios \u00a0\u00a0(SUTEyM), ante poco m\u00e1s de 4 mil de trabajadores sindicalizados, dio la \u00a0bienvenida la Reforma Laboral, la democracia sindical y la transparencia.<\/p>\n<p>Palomares Parra destac\u00f3 que \u201cpara el SUTEyM, esta reforma consolida lo que por muchos a\u00f1os han trabajado, dando claridad a los recursos p\u00fablicos que administra el sindicato, pues cada a\u00f1o en asamblea extraordinaria se da cuenta del manejo de los recursos, su destino y aplicaci\u00f3n de manera transparente.<\/p>\n<p>\u201cAqu\u00ed no somos gente que robe a sus trabajadores, que venda las plazas o pida alguna d\u00e1diva\u201d y\u00a0 \u00a0pregunt\u00f3, a los agremiados al sindicato, quienes al un\u00edsono respondieron que \u201cno\u201d. En compa\u00f1\u00eda del l\u00edder moral del SUTEyM, David Parra S\u00e1nchez y del secretario municipal de Gobierno, Manuel Espino Barrientos\u201d, expuso la democracia interna que viven.<\/p>\n<p>Refiri\u00f3 que cada 4 a\u00f1os llevan a cabo elecciones libres, en la propia explanada de gobierno, en donde uno a uno de los m\u00e1s de 4 mil trabajadores emiten su sufragio en las urnas sin ning\u00fan tipo de presi\u00f3n y nadie se va hasta saber de los resultados.<\/p>\n<p>El l\u00edder sindical, dej\u00f3 claro que no han dado tregua a la b\u00fasqueda de mejorar las condiciones laborales de quienes integran esta poderosa organizaci\u00f3n que sigue de pie, vigorosa, fuerte y cada d\u00eda m\u00e1s unida. Adem\u00e1s admiti\u00f3 que no ha sido f\u00e1cil el camino y los desaf\u00edos en su momento con las disidencias, Agradeci\u00f3 al gobernador del Edomex, Alfredo del Mazo Maza, el sentirse parte de esta organizaci\u00f3n y contar con un mandatario que se preocupa y ocupa de la clase trabajadora.<\/p>\n<p>De igual manera, reconoci\u00f3 al secretario general del SUTEyM Mexiquense, Herminio Cahue Calder\u00f3n, por su liderazgo, el ser un hombre de lucha y de trabajo con sentido humanitario.<\/p>\n<p>As\u00ed tambi\u00e9n a un l\u00edder que lo hace diferente, y que jam\u00e1s ha sido altivo o irrespetuoso, al contrario, en todo momento desempe\u00f1\u00e1ndose con la mayor de las responsabilidades. Palomares Parra, fue enf\u00e1tico al aceptar a las instituciones dedicadas a la transparencia y posibilitar su actividad, en el marco del derecho, de las facultades y atribuciones.<\/p>\n<p>Reiter\u00f3 que est\u00e1n abiertos a cualquier revisi\u00f3n, respetando la propia normatividad y el principio de libertad y autonom\u00eda sindical, pues remat\u00f3 que nada tienen que ocultar. Por su parte, la alcaldesa, Patricia Elisa Dur\u00e1n Reveles, destac\u00f3 la gran armon\u00eda que existe entre sindicato y gobierno y estim\u00f3 concluir su mandato en este mismo entorno.<\/p>\n<p>La Edil agradeci\u00f3 al gremio Suteymista el hecho hist\u00f3rico de ser la primer presidente municipal que asiste a una concentraci\u00f3n masiva para festejar el D\u00eda Internacional del Trabajo. \u201cHoy en d\u00eda no es lo mismo tener empleo o ser trabajador, que tener empleo y ser trabajador del SUTEyM\u201d, apunt\u00f3 la alcaldesa.<\/p>\n","protected":false},"excerpt":{"rendered":"<p>En el marco del 130 Aniversario del \u201cD\u00eda Internacional del Trabajo\u201d, Tom\u00e1s Palomares Parra, secretario general del Sindicato \u00danico de Trabajadores de los Estados y sus Municipios \u00a0\u00a0(SUTEyM), ante poco m\u00e1s de 4 mil de trabajadores sindicalizados, dio la \u00a0bienvenida la Reforma Laboral, la democracia sindical y la transparencia.<\/p>\n","protected":false},"author":3,"featured_media":426008,"comment_status":"open","ping_status":"open","sticky":false,"template":"","format":"standard","meta":{"_monsterinsights_skip_tracking":false,"_monsterinsights_sitenote_active":false,"_monsterinsights_sitenote_note":"","_monsterinsights_sitenote_category":0,"footnotes":""},"categories":[35155],"tags":[84978,71302,43675,970,56429],"class_list":["post-425973","post","type-post","status-publish","format-standard","has-post-thumbnail","hentry","category-estado-de-mexico-estado-de-mexico","tag-agremiados","tag-condiciones","tag-estado-de-mexico","tag-naucalpan","tag-tomas-palomares-parra"],"_links":{"self":[{"href":"https:\/\/www.diarioimagen.net\/index.php?rest_route=\/wp\/v2\/posts\/425973","targetHints":{"allow":["GET"]}}],"collection":[{"href":"https:\/\/www.diarioimagen.net\/index.php?rest_route=\/wp\/v2\/posts"}],"about":[{"href":"https:\/\/www.diarioimagen.net\/index.php?rest_route=\/wp\/v2\/types\/post"}],"author":[{"embeddable":true,"href":"https:\/\/www.diarioimagen.net\/index.php?rest_route=\/wp\/v2\/users\/3"}],"replies":[{"embeddable":true,"href":"https:\/\/www.diarioimagen.net\/index.php?rest_route=%2Fwp%2Fv2%2Fcomments&post=425973"}],"version-history":[{"count":0,"href":"https:\/\/www.diarioimagen.net\/index.php?rest_route=\/wp\/v2\/posts\/425973\/revisions"}],"wp:featuredmedia":[{"embeddable":true,"href":"https:\/\/www.diarioimagen.net\/index.php?rest_route=\/wp\/v2\/media\/426008"}],"wp:attachment":[{"href":"https:\/\/www.diarioimagen.net\/index.php?rest_route=%2Fwp%2Fv2%2Fmedia&parent=425973"}],"wp:term":[{"taxonomy":"category","embeddable":true,"href":"https:\/\/www.diarioimagen.net\/index.php?rest_route=%2Fwp%2Fv2%2Fcategories&post=425973"},{"taxonomy":"post_tag","embeddable":true,"href":"https:\/\/www.diarioimagen.net\/index.php?rest_route=%2Fwp%2Fv2%2Ftags&post=425973"}],"curies":[{"name":"wp","href":"https:\/\/api.w.org\/{rel}","templated":true}]}}