{"id":425975,"date":"2019-05-03T00:07:44","date_gmt":"2019-05-03T05:07:44","guid":{"rendered":"https:\/\/www.diarioimagen.net\/?p=425975"},"modified":"2019-05-03T04:58:44","modified_gmt":"2019-05-03T09:58:44","slug":"acuerdan-decalogo-por-un-transporte-sustentable","status":"publish","type":"post","link":"https:\/\/www.diarioimagen.net\/?p=425975","title":{"rendered":"Acuerdan dec\u00e1logo por un transporte sustentable"},"content":{"rendered":"<p><a href=\"https:\/\/www.diarioimagen.net\/?attachment_id=426011\" rel=\"attachment wp-att-426011\"><img loading=\"lazy\" decoding=\"async\" class=\"aligncenter size-large wp-image-426011\" src=\"https:\/\/www.diarioimagen.net\/wp-content\/uploads\/2019\/05\/TLALNEPANTLA-3-460x259.jpg\" alt=\"\" width=\"460\" height=\"259\" srcset=\"https:\/\/www.diarioimagen.net\/wp-content\/uploads\/2019\/05\/TLALNEPANTLA-3-460x259.jpg 460w, https:\/\/www.diarioimagen.net\/wp-content\/uploads\/2019\/05\/TLALNEPANTLA-3-240x135.jpg 240w, https:\/\/www.diarioimagen.net\/wp-content\/uploads\/2019\/05\/TLALNEPANTLA-3-235x132.jpg 235w, https:\/\/www.diarioimagen.net\/wp-content\/uploads\/2019\/05\/TLALNEPANTLA-3-202x114.jpg 202w, https:\/\/www.diarioimagen.net\/wp-content\/uploads\/2019\/05\/TLALNEPANTLA-3-350x196.jpg 350w, https:\/\/www.diarioimagen.net\/wp-content\/uploads\/2019\/05\/TLALNEPANTLA-3-220x123.jpg 220w, https:\/\/www.diarioimagen.net\/wp-content\/uploads\/2019\/05\/TLALNEPANTLA-3-237x132.jpg 237w, https:\/\/www.diarioimagen.net\/wp-content\/uploads\/2019\/05\/TLALNEPANTLA-3.jpg 480w\" sizes=\"auto, (max-width: 460px) 100vw, 460px\" \/><\/a><\/p>\n<p>&nbsp;<\/p>\n<p><strong>Tlalnepantla, Estado de M\u00e9xico<\/strong><strong>.- <\/strong>El gobierno municipal de Tlalnepantla y l\u00edderes de transporte p\u00fablico de la localidad acordaron un dec\u00e1logo de movilidad sustentable, en beneficio de la ciudadan\u00eda para mejorar la seguridad vial y la calidad en el servicio.<\/p>\n<p>Durante la instalaci\u00f3n del Comit\u00e9 Municipal de Movilidad, que tiene como principal funci\u00f3n fijar los mecanismos de sustentabilidad en el transporte, el presidente municipal, Raciel P\u00e9rez Cruz, exhort\u00f3 a los trabajadores del transporte p\u00fablico a garantizar un servicio eficiente, limpio y seguro, en coordinaci\u00f3n con el gobierno local y las instancias estatales y federales.<\/p>\n<p>Alrededor de 8 millones de personas cruzan a diario por Tlalnepantla de Baz a distintos puntos del Valle de M\u00e9xico, 11 millones viven en la zona conurbada y tienen la necesidad de trasladarse a diferentes zonas, por lo que invierten alrededor de tres horas.<\/p>\n<p>&nbsp;<\/p>\n","protected":false},"excerpt":{"rendered":"<p>El gobierno municipal de Tlalnepantla y l\u00edderes de transporte p\u00fablico de la localidad acordaron un dec\u00e1logo de movilidad sustentable, en beneficio de la ciudadan\u00eda para mejorar la seguridad vial y la calidad en el servicio.<\/p>\n","protected":false},"author":3,"featured_media":426011,"comment_status":"open","ping_status":"open","sticky":false,"template":"","format":"standard","meta":{"_monsterinsights_skip_tracking":false,"_monsterinsights_sitenote_active":false,"_monsterinsights_sitenote_note":"","_monsterinsights_sitenote_category":0,"footnotes":""},"categories":[35155],"tags":[43675,84979,169,17814],"class_list":["post-425975","post","type-post","status-publish","format-standard","has-post-thumbnail","hentry","category-estado-de-mexico-estado-de-mexico","tag-estado-de-mexico","tag-sustentable","tag-tlalnepantla","tag-transporte"],"_links":{"self":[{"href":"https:\/\/www.diarioimagen.net\/index.php?rest_route=\/wp\/v2\/posts\/425975","targetHints":{"allow":["GET"]}}],"collection":[{"href":"https:\/\/www.diarioimagen.net\/index.php?rest_route=\/wp\/v2\/posts"}],"about":[{"href":"https:\/\/www.diarioimagen.net\/index.php?rest_route=\/wp\/v2\/types\/post"}],"author":[{"embeddable":true,"href":"https:\/\/www.diarioimagen.net\/index.php?rest_route=\/wp\/v2\/users\/3"}],"replies":[{"embeddable":true,"href":"https:\/\/www.diarioimagen.net\/index.php?rest_route=%2Fwp%2Fv2%2Fcomments&post=425975"}],"version-history":[{"count":0,"href":"https:\/\/www.diarioimagen.net\/index.php?rest_route=\/wp\/v2\/posts\/425975\/revisions"}],"wp:featuredmedia":[{"embeddable":true,"href":"https:\/\/www.diarioimagen.net\/index.php?rest_route=\/wp\/v2\/media\/426011"}],"wp:attachment":[{"href":"https:\/\/www.diarioimagen.net\/index.php?rest_route=%2Fwp%2Fv2%2Fmedia&parent=425975"}],"wp:term":[{"taxonomy":"category","embeddable":true,"href":"https:\/\/www.diarioimagen.net\/index.php?rest_route=%2Fwp%2Fv2%2Fcategories&post=425975"},{"taxonomy":"post_tag","embeddable":true,"href":"https:\/\/www.diarioimagen.net\/index.php?rest_route=%2Fwp%2Fv2%2Ftags&post=425975"}],"curies":[{"name":"wp","href":"https:\/\/api.w.org\/{rel}","templated":true}]}}