{"id":425977,"date":"2019-05-03T00:06:10","date_gmt":"2019-05-03T05:06:10","guid":{"rendered":"https:\/\/www.diarioimagen.net\/?p=425977"},"modified":"2019-05-03T05:01:06","modified_gmt":"2019-05-03T10:01:06","slug":"celebran-el-primer-concurso-de-interpretacion-del-himno-de-tultepec","status":"publish","type":"post","link":"https:\/\/www.diarioimagen.net\/?p=425977","title":{"rendered":"Celebran el Primer Concurso de Interpretaci\u00f3n del Himno de Tultepec"},"content":{"rendered":"<ul>\n<li><strong><em>Fortalecen los valores c\u00edvicos entre la ni\u00f1ez<\/em><\/strong><\/li>\n<\/ul>\n<p>&nbsp;<\/p>\n<div id=\"attachment_426014\" style=\"width: 470px\" class=\"wp-caption aligncenter\"><a href=\"https:\/\/www.diarioimagen.net\/?attachment_id=426014\" rel=\"attachment wp-att-426014\"><img loading=\"lazy\" decoding=\"async\" aria-describedby=\"caption-attachment-426014\" class=\"size-large wp-image-426014\" src=\"https:\/\/www.diarioimagen.net\/wp-content\/uploads\/2019\/05\/TULTEPEC-3-460x259.jpg\" alt=\"\" width=\"460\" height=\"259\" srcset=\"https:\/\/www.diarioimagen.net\/wp-content\/uploads\/2019\/05\/TULTEPEC-3-460x259.jpg 460w, https:\/\/www.diarioimagen.net\/wp-content\/uploads\/2019\/05\/TULTEPEC-3-240x135.jpg 240w, https:\/\/www.diarioimagen.net\/wp-content\/uploads\/2019\/05\/TULTEPEC-3-235x132.jpg 235w, https:\/\/www.diarioimagen.net\/wp-content\/uploads\/2019\/05\/TULTEPEC-3-202x114.jpg 202w, https:\/\/www.diarioimagen.net\/wp-content\/uploads\/2019\/05\/TULTEPEC-3-350x196.jpg 350w, https:\/\/www.diarioimagen.net\/wp-content\/uploads\/2019\/05\/TULTEPEC-3-220x123.jpg 220w, https:\/\/www.diarioimagen.net\/wp-content\/uploads\/2019\/05\/TULTEPEC-3-237x132.jpg 237w, https:\/\/www.diarioimagen.net\/wp-content\/uploads\/2019\/05\/TULTEPEC-3.jpg 480w\" sizes=\"auto, (max-width: 460px) 100vw, 460px\" \/><\/a><p id=\"caption-attachment-426014\" class=\"wp-caption-text\">El alcalde Armando Portuguez Fuentes felicit\u00f3 a todos los participantes, alumnos, maestros y padres de familia.<\/p><\/div>\n<p>&nbsp;<\/p>\n<p><strong>Tultepec, Estado de M\u00e9xico<\/strong>.- Con el objetivo de fortalecer los valores c\u00edvicos y el sentido de pertenencia entre la ni\u00f1ez de este municipio, se llev\u00f3 a cabo el\u00a0Primer Concurso de Interpretaci\u00f3n del Himno de Tultepec\u00a0entre escuelas primarias y secundarias p\u00fablicas y privadas de la localidad.<\/p>\n<p>Al premiar a los ganadores el alcalde Armando Portuguez Fuentes, felicit\u00f3 a todos los participantes, alumnos, maestros y padres de familia, por ayudar a conservar y fomentar los valores c\u00edvicos que nos dan sentido de pertenencia de un pueblo de tradiciones y ra\u00edces fuertes, sobre todo en una \u00e9poca en la que las nuevas tecnolog\u00edas y redes sociales nos han distanciado en ese sentido\u201d.<\/p>\n<p>El concurso en el que participaron nueve escuelas locales, fue organizado por la 3er Regidur\u00eda a cargo de Jos\u00e9 Manuel Gonz\u00e1lez Cano, presidente de la comisi\u00f3n de educaci\u00f3n, en coordinaci\u00f3n con la direcci\u00f3n de Educaci\u00f3n, Cultura y Promoci\u00f3n Tur\u00edstica municipal.<\/p>\n<p>El jurado estuvo integrado por los autores de la letra y la m\u00fasica del Himno de Tultepec, Jos\u00e9 Isabel Gonz\u00e1lez Land\u00edn y Juan Gonz\u00e1lez Pe\u00f1a, respectivamente, as\u00ed como de los reconocidos m\u00fasicos tultepequenses Iroen Florencio Gonz\u00e1lez Gasca y Carlos Urb\u00e1n Urb\u00e1n.<\/p>\n<p>El acto fue celebrado en el auditorio de la Escuela Primaria Ignacio Manuel Altamirano, una de las m\u00e1s grandes y representativas de todo el municipio, ante la presencia de autoridades educativas y de la supervisi\u00f3n escolar regional, maestros, alumnos y padres de familia de los ni\u00f1os participantes.<\/p>\n<p>Durante su intervenci\u00f3n, Mar\u00eda de Lourdes S\u00e1nchez Luna, Subdirectora de Educaci\u00f3n B\u00e1sica de Cuautitl\u00e1n Izcalli, manifest\u00f3 su amplio reconocimiento al presidente municipal \u201cpor el compromiso que siempre ha manifestado en favor de la educaci\u00f3n y el enorme trabajo que es el sello distintivo de su gobierno, el cual siempre le ha distinguido\u201d.<\/p>\n<p>Con base en la convocatoria, el concurso se realiz\u00f3 en dos categor\u00edas: infantil, cuyo coro deb\u00eda estar integrado por un coro mixto de entre 20 y 30 alumnos de primero a sexto de primaria, y juvenil, el cual debi\u00f3 ser integrado por un coro mixto de 20 a 30 alumnos de primero a tercero de secundaria.<\/p>\n<p>De igual forma, los coros participantes pudieron realizar su interpretaci\u00f3n del Himno de Tultepec a capela, o acompa\u00f1ados con la m\u00fasica de alg\u00fan instrumento o m\u00fasica grabada, siempre y cuando estuviera apegada a la versi\u00f3n oficial grabada y registrada que obra en el archivo del ayuntamiento constitucional de Tultepec.<\/p>\n<p>Durante la competencia, los integrantes del jurado calificaron entre otros aspectos, el matiz, es decir, el volumen y acentos seg\u00fan lo indicado en la partitura oficial, la pronunciaci\u00f3n correcta de las palabras, los valores precisos indicados en la partitura oficial, la entonaci\u00f3n de los coros, la emisi\u00f3n de la voz y el ensamble de las voces.<\/p>\n<p>En la categor\u00eda infantil participaron las escuelas Ignacio Manuel Altamirano (IMA) en ambos turnos, Otilio Monta\u00f1o, Paulo Freyre, Melchor Muzquiz y Adolfo L\u00f3pez Mateos. En tanto que en la categor\u00eda Juvenil participaron los coros de las escuelas secundarias Pablo Latap\u00ed Sarre, Juan Rulfo y Bicentenario de la Independencia de M\u00e9xico.<\/p>\n<p>Los coros ganadores del primer lugar del\u00a01er Concurso de Interpretaci\u00f3n del Himno de Tultepec,\u00a0fueron, en la categor\u00eda infantil la escuela primaria Ignacio Manuel Altamirano turno matutino y en la categor\u00eda juvenil, la escuela Secundaria Juan Rulfo, quienes como premio viajar\u00e1n parque recreativo Six Flags, en la Ciudad de M\u00e9xico.<\/p>\n<p>En el acto adem\u00e1s de integrantes del cabildo, tambi\u00e9n estuvieron presentes, Mar\u00eda Natividad Cortes, Supervisora Escolar de la Zona P070 primarias, H\u00e9ctor Herrera Montelongo, Supervisor Escolar de la Zona 5035 secundarias, Mar\u00eda del Pilar Moreno Gonz\u00e1lez, de la Subdirecci\u00f3n Regional de Educaci\u00f3n B\u00e1sica de Cuautitl\u00e1n Izcalli y Juana Antonieta Z\u00fa\u00f1iga Urb\u00e1n, Cronista Municipal.<\/p>\n","protected":false},"excerpt":{"rendered":"<p>Con el objetivo de fortalecer los valores c\u00edvicos y el sentido de pertenencia entre la ni\u00f1ez de este municipio, se llev\u00f3 a cabo el\u00a0Primer Concurso de Interpretaci\u00f3n del Himno de Tultepec\u00a0entre escuelas primarias y secundarias p\u00fablicas y privadas de la localidad.<\/p>\n","protected":false},"author":3,"featured_media":426014,"comment_status":"open","ping_status":"open","sticky":false,"template":"","format":"standard","meta":{"_monsterinsights_skip_tracking":false,"_monsterinsights_sitenote_active":false,"_monsterinsights_sitenote_note":"","_monsterinsights_sitenote_category":0,"footnotes":""},"categories":[35155],"tags":[43675,69618,3802],"class_list":["post-425977","post","type-post","status-publish","format-standard","has-post-thumbnail","hentry","category-estado-de-mexico-estado-de-mexico","tag-estado-de-mexico","tag-himno","tag-tultepec"],"_links":{"self":[{"href":"https:\/\/www.diarioimagen.net\/index.php?rest_route=\/wp\/v2\/posts\/425977","targetHints":{"allow":["GET"]}}],"collection":[{"href":"https:\/\/www.diarioimagen.net\/index.php?rest_route=\/wp\/v2\/posts"}],"about":[{"href":"https:\/\/www.diarioimagen.net\/index.php?rest_route=\/wp\/v2\/types\/post"}],"author":[{"embeddable":true,"href":"https:\/\/www.diarioimagen.net\/index.php?rest_route=\/wp\/v2\/users\/3"}],"replies":[{"embeddable":true,"href":"https:\/\/www.diarioimagen.net\/index.php?rest_route=%2Fwp%2Fv2%2Fcomments&post=425977"}],"version-history":[{"count":0,"href":"https:\/\/www.diarioimagen.net\/index.php?rest_route=\/wp\/v2\/posts\/425977\/revisions"}],"wp:featuredmedia":[{"embeddable":true,"href":"https:\/\/www.diarioimagen.net\/index.php?rest_route=\/wp\/v2\/media\/426014"}],"wp:attachment":[{"href":"https:\/\/www.diarioimagen.net\/index.php?rest_route=%2Fwp%2Fv2%2Fmedia&parent=425977"}],"wp:term":[{"taxonomy":"category","embeddable":true,"href":"https:\/\/www.diarioimagen.net\/index.php?rest_route=%2Fwp%2Fv2%2Fcategories&post=425977"},{"taxonomy":"post_tag","embeddable":true,"href":"https:\/\/www.diarioimagen.net\/index.php?rest_route=%2Fwp%2Fv2%2Ftags&post=425977"}],"curies":[{"name":"wp","href":"https:\/\/api.w.org\/{rel}","templated":true}]}}