{"id":426075,"date":"2019-05-04T00:09:30","date_gmt":"2019-05-04T05:09:30","guid":{"rendered":"https:\/\/www.diarioimagen.net\/?p=426075"},"modified":"2019-05-04T04:42:30","modified_gmt":"2019-05-04T09:42:30","slug":"venezuela-la-geopolitica-mundial","status":"publish","type":"post","link":"https:\/\/www.diarioimagen.net\/?p=426075","title":{"rendered":"Venezuela, la geopol\u00edtica mundial"},"content":{"rendered":"<h2>Desde el portal<\/h2>\n<h5>\u00c1ngel Soriano<\/h5>\n<p>&nbsp;<\/p>\n<div id=\"attachment_426077\" style=\"width: 470px\" class=\"wp-caption aligncenter\"><a href=\"https:\/\/www.diarioimagen.net\/?attachment_id=426077\" rel=\"attachment wp-att-426077\"><img loading=\"lazy\" decoding=\"async\" aria-describedby=\"caption-attachment-426077\" class=\"size-large wp-image-426077\" src=\"https:\/\/www.diarioimagen.net\/wp-content\/uploads\/2019\/05\/angel-460x259.jpg\" alt=\"\" width=\"460\" height=\"259\" srcset=\"https:\/\/www.diarioimagen.net\/wp-content\/uploads\/2019\/05\/angel-460x259.jpg 460w, https:\/\/www.diarioimagen.net\/wp-content\/uploads\/2019\/05\/angel-240x135.jpg 240w, https:\/\/www.diarioimagen.net\/wp-content\/uploads\/2019\/05\/angel-235x132.jpg 235w, https:\/\/www.diarioimagen.net\/wp-content\/uploads\/2019\/05\/angel-202x114.jpg 202w, https:\/\/www.diarioimagen.net\/wp-content\/uploads\/2019\/05\/angel-350x196.jpg 350w, https:\/\/www.diarioimagen.net\/wp-content\/uploads\/2019\/05\/angel-220x123.jpg 220w, https:\/\/www.diarioimagen.net\/wp-content\/uploads\/2019\/05\/angel-237x132.jpg 237w, https:\/\/www.diarioimagen.net\/wp-content\/uploads\/2019\/05\/angel.jpg 480w\" sizes=\"auto, (max-width: 460px) 100vw, 460px\" \/><\/a><p id=\"caption-attachment-426077\" class=\"wp-caption-text\">La situaci\u00f3n actual en Venezuela ser\u00e1 el tema principal de la reuni\u00f3n del ministro ruso de Exteriores, Sergu\u00e9i Lavrov, y el secretario de Estado de EEUU, Mike Pompeo, que se celebrar\u00e1 el 6 de mayo en Finlandia.<\/p><\/div>\n<p>&nbsp;<\/p>\n<p>El conflicto venezolano tiene su origen en la disputa mundial por el dominio geopol\u00edtico, y en ese sentido, el enfrentamiento Trump\u2013Putin mantiene en guerra interna al pa\u00eds, sometido a sangre y fuego, hasta en tanto una de las dos potencias ceda en sus pretensiones de dominio continental. La democracia y los derechos humanos quedan a un lado.<\/p>\n<p>Mientras Maduro encuentra en Rusia la fuerza para mantenerse en el poder, Guaid\u00f3 tiene el respaldo gringo que arremete contra el venezolano en su af\u00e1n de hacerse el poder y servir a los intereses estadunidenses, no precisamente los de su patria. Desde luego que ambos gobernantes saben lo que se juegan y al servicio de quien, menos de su pa\u00eds.<\/p>\n<p>De esa manera se alimentan los conflictos en remotos confines de la tierra, sirviendo al prop\u00f3sito de dominaci\u00f3n mundial y de control de los recursos naturales y de posiciones geogr\u00e1ficas claves en la lucha por el control del mundo. Los organismos internacionales, a su vez, sirven a los mismos prop\u00f3sitos.<\/p>\n<p>Por ello, y sin tomar bandera, M\u00e9xico hace bien en refugiarse en la Doctrina Estrada: la no intervenci\u00f3n en los conflictos internos de cada pa\u00eds, por hacerlo por una corriente desestabilizar\u00eda la vida interna del pa\u00eds y se entrar\u00eda en un conflicto de grandes dimensiones, crear\u00eda zozobra a nivel nacional. Venezuela, lamentablemente, hoy es v\u00edctima de esa disputa internacional.<\/p>\n<p style=\"text-align: center;\"><b>Turbulencias<br \/>\nLa Santa Cruz, en riesgo de desaparecer<\/b><\/p>\n<p>El festejo de la Santa Cruz est\u00e1 en riesgo de desaparecer de continuar la falta de inversi\u00f3n en obras p\u00fablicas, advirtieron los maestros alba\u00f1iles que en diversas formas se manifestaron en contra de las pol\u00edticas p\u00fablicas que en los tres niveles han suspendido la realizaci\u00f3n de obras para los servicios b\u00e1sicos de la poblaci\u00f3n. Se\u00f1alaron que, al igual que el llamado D\u00eda Internacional de la Libertad de Prensa, no hay nada que festejar, como en ocasiones anteriores, que \u00e9ste era d\u00eda de grandes festejos. Hoy todo ha quedado en el recuerdo&#8230; La Universidad Aut\u00f3noma del Estado de M\u00e9xico avanza en el proyecto de recuperaci\u00f3n del Bordo \u201cLas Maravillas\u201d, humedal que se encuentra dentro del campus \u201cEl Cerrillo\u201d y que desde hace tres a\u00f1os registra altos niveles de contaminaci\u00f3n, como consecuencia del agua que se vierte en el lugar y que provoca la muerte de peces. El director de Protecci\u00f3n al Ambiente de la UAEM, Ra\u00fal Vera Noguez, precis\u00f3 que este cuerpo de agua, en el que se han avistado alrededor de 100 especies de aves, tanto migrantes como end\u00e9micas, es un gran tesoro de la m\u00e1xima casa de estudios mexiquense. En la actualidad, detall\u00f3, el proyecto se encuentra en la fase de desazolve, es decir, la limpieza de sedimentos y s\u00f3lidos, con el objetivo de ampliar la capacidad de almacenamiento de agua y evitar la muerte de m\u00e1s fauna. Vera Noguez indic\u00f3 que por el ruido que generan las m\u00e1quinas, el desazolve incomoda a las aves; sin embargo, no se est\u00e1n da\u00f1ando sus zonas de anidamiento. \u201cLa afectaci\u00f3n es m\u00ednima y el beneficio es mayor, principalmente para las espacies de peces que all\u00ed habitan\u201d\u2026<\/p>\n<p><em><a href=\"mailto:asorianocarrasco@yahoo.com\" target=\"_blank\" rel=\"noopener noreferrer\">asorianocarrasco@yahoo.com<\/a><br \/>\n<a href=\"https:\/\/twitter.com\/brecharevista\" target=\"_blank\" rel=\"noopener noreferrer\">@BrechaRevista<\/a><a href=\"mailto:asorianocarrasco@yahoo.com\" target=\"_blank\" rel=\"noopener noreferrer\"><br \/>\n<\/a><a href=\"https:\/\/revistabrecha.com\" target=\"_blank\" rel=\"noopener noreferrer\">www.revistabrecha.com<\/a><\/em><\/p>\n","protected":false},"excerpt":{"rendered":"<p><span style=\"color: #005497;\"><strong>\u00c1ngel Soriano<\/strong><\/span><br \/>\n<br \/>\nEl conflicto venezolano tiene su origen en la disputa mundial por el dominio geopol\u00edtico, y en ese sentido, el enfrentamiento Trump\u2013Putin mantiene en guerra interna al pa\u00eds<\/p>\n","protected":false},"author":1,"featured_media":426077,"comment_status":"open","ping_status":"open","sticky":false,"template":"","format":"standard","meta":{"_monsterinsights_skip_tracking":false,"_monsterinsights_sitenote_active":false,"_monsterinsights_sitenote_note":"","_monsterinsights_sitenote_category":0,"footnotes":""},"categories":[135],"tags":[85,86,43674],"class_list":["post-426075","post","type-post","status-publish","format-standard","has-post-thumbnail","hentry","category-angel-soriano-opinion","tag-angel-soriano","tag-desde-el-portal","tag-opinion"],"_links":{"self":[{"href":"https:\/\/www.diarioimagen.net\/index.php?rest_route=\/wp\/v2\/posts\/426075","targetHints":{"allow":["GET"]}}],"collection":[{"href":"https:\/\/www.diarioimagen.net\/index.php?rest_route=\/wp\/v2\/posts"}],"about":[{"href":"https:\/\/www.diarioimagen.net\/index.php?rest_route=\/wp\/v2\/types\/post"}],"author":[{"embeddable":true,"href":"https:\/\/www.diarioimagen.net\/index.php?rest_route=\/wp\/v2\/users\/1"}],"replies":[{"embeddable":true,"href":"https:\/\/www.diarioimagen.net\/index.php?rest_route=%2Fwp%2Fv2%2Fcomments&post=426075"}],"version-history":[{"count":0,"href":"https:\/\/www.diarioimagen.net\/index.php?rest_route=\/wp\/v2\/posts\/426075\/revisions"}],"wp:featuredmedia":[{"embeddable":true,"href":"https:\/\/www.diarioimagen.net\/index.php?rest_route=\/wp\/v2\/media\/426077"}],"wp:attachment":[{"href":"https:\/\/www.diarioimagen.net\/index.php?rest_route=%2Fwp%2Fv2%2Fmedia&parent=426075"}],"wp:term":[{"taxonomy":"category","embeddable":true,"href":"https:\/\/www.diarioimagen.net\/index.php?rest_route=%2Fwp%2Fv2%2Fcategories&post=426075"},{"taxonomy":"post_tag","embeddable":true,"href":"https:\/\/www.diarioimagen.net\/index.php?rest_route=%2Fwp%2Fv2%2Ftags&post=426075"}],"curies":[{"name":"wp","href":"https:\/\/api.w.org\/{rel}","templated":true}]}}