{"id":426092,"date":"2019-05-06T00:11:28","date_gmt":"2019-05-06T05:11:28","guid":{"rendered":"https:\/\/www.diarioimagen.net\/?p=426092"},"modified":"2019-05-06T01:11:53","modified_gmt":"2019-05-06T06:11:53","slug":"entregan-instalaciones-de-la-uam-tras-levantar-la-huelga","status":"publish","type":"post","link":"https:\/\/www.diarioimagen.net\/?p=426092","title":{"rendered":"Entregan instalaciones de la UAM, tras 92 d\u00edas de huelga"},"content":{"rendered":"<ul>\n<li><strong><em>El martes se prev\u00e9 reinicio de actividades<\/em><\/strong><\/li>\n<\/ul>\n<p>&nbsp;<\/p>\n<div id=\"attachment_426093\" style=\"width: 470px\" class=\"wp-caption aligncenter\"><img loading=\"lazy\" decoding=\"async\" aria-describedby=\"caption-attachment-426093\" class=\"wp-image-426093 size-large\" src=\"https:\/\/www.diarioimagen.net\/wp-content\/uploads\/2019\/05\/UAM6-portal-460x268.jpg\" alt=\"\" width=\"460\" height=\"268\" srcset=\"https:\/\/www.diarioimagen.net\/wp-content\/uploads\/2019\/05\/UAM6-portal-460x268.jpg 460w, https:\/\/www.diarioimagen.net\/wp-content\/uploads\/2019\/05\/UAM6-portal-240x140.jpg 240w, https:\/\/www.diarioimagen.net\/wp-content\/uploads\/2019\/05\/UAM6-portal.jpg 480w\" sizes=\"auto, (max-width: 460px) 100vw, 460px\" \/><p id=\"caption-attachment-426093\" class=\"wp-caption-text\">El SITUAM entreg\u00f3 las instalaciones este domingo a las autoridades universitarias. Tras 92 d\u00edas de huelga.<\/p><\/div>\n<p>&nbsp;<\/p>\n<p>El Sindicato Independiente de Trabajadores de la Universidad Aut\u00f3noma Metropolitana (SITUAM) entreg\u00f3 las instalaciones ayer domingo a las autoridades universitarias, luego de la huelga de m\u00e1s de 92 d\u00edas.<\/p>\n<p>Ser\u00e1 el martes cuando el Colegio Acad\u00e9mico de la UAM decida el regreso a clases, los ajustes al calendario escolar a fin de salvar los trimestres y el a\u00f1o escolar, aunque este lunes se reiniciaran las actividades administrativas.<\/p>\n<p>Las clases reiniciar\u00e1n una vez que se d\u00e9 mantenimiento y limpieza a las unidades a fin de que puedan regresar a clases 58 mil alumnos, m\u00e1s de 3 mil maestros y 5 mil trabajadores administrativos.<\/p>\n<p>En su p\u00e1gina de internet la universidad inform\u00f3 que el calendario escolar ser\u00e1 reprogramado en cuanto se re\u00fana el Colegio Acad\u00e9mico.<\/p>\n<p>El rector general de la UAM, Eduardo Abel Pe\u00f1alosa Castro, convoc\u00f3 a los trabajadores, acad\u00e9micos y administrativos a regresar a la vida universitaria \u201ccon el \u00e1nimo de fortalecerla y renovarla para enfrentar los retos que la realidad presenta\u201d.<\/p>\n<p>A los alumnos los invit\u00f3 a retomar su formaci\u00f3n y a paritcipar para enriquecer una transformaci\u00f3n que mantenga la instituci\u00f3n a la vanguardia. Integrantes del SITUAM lograron un aumento salarial de 3. 35 por ciento y 3 por ciento al tabulador, a los administrativos, personal acad\u00e9mico de medio tiempo y tiempo parcial.<\/p>\n<p>Lo anterior beneficiar\u00e1 a 4 mil 800 acad\u00e9micos y 4 mil 300 administrativos de las unidades Azcapotzalco, Lerma, Cuajimalpa, Iztapalapa y Xochimilco, as\u00ed como rector\u00eda general.<\/p>\n<p>Las autoridades acad\u00e9micas denunciaron que el 3 de mayo ocurri\u00f3 el robo en instalaciones de la UAM.<\/p>\n<p>Entre los objetos robados fueron computadoras, radios de telecomunicaci\u00f3n, herramienta para equipo offset de imprenta y doblaje, una plataforma para mover papel y folios para numerar recibos o facturas fueron sustra\u00eddos de los Talleres Gr\u00e1ficos de la universidad, sin que hasta el momento se tenga claro el monto de las p\u00e9rdidas.<\/p>\n","protected":false},"excerpt":{"rendered":"<p>El Sindicato Independiente de Trabajadores de la Universidad Aut\u00f3noma Metropolitana (SITUAM) entreg\u00f3 las instalaciones ayer domingo a las autoridades universitarias, luego de la huelga de m\u00e1s de 92 d\u00edas.<\/p>\n","protected":false},"author":5,"featured_media":426093,"comment_status":"open","ping_status":"open","sticky":false,"template":"","format":"standard","meta":{"_monsterinsights_skip_tracking":false,"_monsterinsights_sitenote_active":false,"_monsterinsights_sitenote_note":"","_monsterinsights_sitenote_category":0,"footnotes":""},"categories":[25512],"tags":[8934],"class_list":["post-426092","post","type-post","status-publish","format-standard","has-post-thumbnail","hentry","category-nacional-nacional","tag-uam"],"_links":{"self":[{"href":"https:\/\/www.diarioimagen.net\/index.php?rest_route=\/wp\/v2\/posts\/426092","targetHints":{"allow":["GET"]}}],"collection":[{"href":"https:\/\/www.diarioimagen.net\/index.php?rest_route=\/wp\/v2\/posts"}],"about":[{"href":"https:\/\/www.diarioimagen.net\/index.php?rest_route=\/wp\/v2\/types\/post"}],"author":[{"embeddable":true,"href":"https:\/\/www.diarioimagen.net\/index.php?rest_route=\/wp\/v2\/users\/5"}],"replies":[{"embeddable":true,"href":"https:\/\/www.diarioimagen.net\/index.php?rest_route=%2Fwp%2Fv2%2Fcomments&post=426092"}],"version-history":[{"count":0,"href":"https:\/\/www.diarioimagen.net\/index.php?rest_route=\/wp\/v2\/posts\/426092\/revisions"}],"wp:featuredmedia":[{"embeddable":true,"href":"https:\/\/www.diarioimagen.net\/index.php?rest_route=\/wp\/v2\/media\/426093"}],"wp:attachment":[{"href":"https:\/\/www.diarioimagen.net\/index.php?rest_route=%2Fwp%2Fv2%2Fmedia&parent=426092"}],"wp:term":[{"taxonomy":"category","embeddable":true,"href":"https:\/\/www.diarioimagen.net\/index.php?rest_route=%2Fwp%2Fv2%2Fcategories&post=426092"},{"taxonomy":"post_tag","embeddable":true,"href":"https:\/\/www.diarioimagen.net\/index.php?rest_route=%2Fwp%2Fv2%2Ftags&post=426092"}],"curies":[{"name":"wp","href":"https:\/\/api.w.org\/{rel}","templated":true}]}}