{"id":426141,"date":"2019-05-06T00:08:56","date_gmt":"2019-05-06T05:08:56","guid":{"rendered":"https:\/\/www.diarioimagen.net\/?p=426141"},"modified":"2019-05-06T00:56:20","modified_gmt":"2019-05-06T05:56:20","slug":"acercan-los-servicios-medicos-a-las-comunidades-alejadas-de-huixquilucan","status":"publish","type":"post","link":"https:\/\/www.diarioimagen.net\/?p=426141","title":{"rendered":"Acercan los servicios m\u00e9dicos a las comunidades alejadas de Huixquilucan"},"content":{"rendered":"<ul>\n<li><strong><em>A trav\u00e9s del sistema DIF<\/em><\/strong><\/li>\n<\/ul>\n<p>&nbsp;<\/p>\n<div id=\"attachment_426176\" style=\"width: 470px\" class=\"wp-caption aligncenter\"><a href=\"https:\/\/www.diarioimagen.net\/wp-content\/uploads\/2019\/05\/HUIXQUILUCAN-6.jpg\"><img loading=\"lazy\" decoding=\"async\" aria-describedby=\"caption-attachment-426176\" class=\"size-large wp-image-426176\" src=\"https:\/\/www.diarioimagen.net\/wp-content\/uploads\/2019\/05\/HUIXQUILUCAN-6-460x259.jpg\" alt=\"\" width=\"460\" height=\"259\" srcset=\"https:\/\/www.diarioimagen.net\/wp-content\/uploads\/2019\/05\/HUIXQUILUCAN-6-460x259.jpg 460w, https:\/\/www.diarioimagen.net\/wp-content\/uploads\/2019\/05\/HUIXQUILUCAN-6-240x135.jpg 240w, https:\/\/www.diarioimagen.net\/wp-content\/uploads\/2019\/05\/HUIXQUILUCAN-6-235x132.jpg 235w, https:\/\/www.diarioimagen.net\/wp-content\/uploads\/2019\/05\/HUIXQUILUCAN-6-202x114.jpg 202w, https:\/\/www.diarioimagen.net\/wp-content\/uploads\/2019\/05\/HUIXQUILUCAN-6-350x196.jpg 350w, https:\/\/www.diarioimagen.net\/wp-content\/uploads\/2019\/05\/HUIXQUILUCAN-6-220x123.jpg 220w, https:\/\/www.diarioimagen.net\/wp-content\/uploads\/2019\/05\/HUIXQUILUCAN-6-237x132.jpg 237w, https:\/\/www.diarioimagen.net\/wp-content\/uploads\/2019\/05\/HUIXQUILUCAN-6.jpg 480w\" sizes=\"auto, (max-width: 460px) 100vw, 460px\" \/><\/a><p id=\"caption-attachment-426176\" class=\"wp-caption-text\">Romina Contreras Carrasco, presidenta del DIF Municipal, detall\u00f3 que el CDC de La Unidad cuenta con los servicios de consulta m\u00e9dica, odontol\u00f3gica, psicol\u00f3gica y asesor\u00eda jur\u00eddica.<\/p><\/div>\n<p>&nbsp;<\/p>\n<p><strong>Huixquilucan, Estado de M\u00e9xico<\/strong>.- \u201cTodos los d\u00edas apoyamos a los habitantes de Huixquilucan, que refrendaron su confianza a esta administraci\u00f3n\u201d, asegur\u00f3 el presidente municipal, Enrique Vargas del Villar, al inaugurar el Centro de Desarrollo Comunitario (CDC) en la colonia La Unidad.<\/p>\n<p>En presencia de la presidenta del Sistema para el Desarrollo Integral de la Familia, Romina Contreras Carrasco, el edil reiter\u00f3 que es con hechos como se responde a la confianza ciudadana.<\/p>\n<p>Tras hacer un reconocimiento al personal que labora en el DIF, Vargas del Villar asegur\u00f3 que se continuar\u00e1 trabajando en favor de las familias huixquiluquenses.<\/p>\n<p>En tanto, Romina Contreras Carrasco, presidenta del DIF Municipal detall\u00f3 que el CDC de La Unidad cuenta con los servicios de consulta m\u00e9dica, odontol\u00f3gica, psicol\u00f3gica, asesor\u00eda jur\u00eddica, y un espacio de capacitaci\u00f3n para la mujer y estimulaci\u00f3n temprana. Con esto, dijo, \u201cnuestro Presidente demuestra que cumple con todas sus promesas, aqu\u00ed est\u00e1n los hechos y el trabajo\u201d. Record\u00f3, que en el Complejo Rosa M\u00edstica se sigue atendiendo a los huixquiluquenses en situaci\u00f3n vulnerable, por lo que invit\u00f3 a los presentes a promover los distintos servicios que ofrece.<\/p>\n<p>A su vez, el director general de Infraestructura y Edificaci\u00f3n, Edgar de la Torre Benavides inform\u00f3 que el CDC de La Unidad, cuenta con instalaciones el\u00e9ctricas e hidr\u00e1ulicas de primera calidad, as\u00ed como los muros, plafones, pisos y ventanas.<\/p>\n<p>Asegur\u00f3, que todos los d\u00edas, el alcalde est\u00e1 al pendiente de las obras que requiere la comunidad, por ello es evaluado como el mejor presidente municipal del Estado de M\u00e9xico.<\/p>\n","protected":false},"excerpt":{"rendered":"<p>\u201cTodos los d\u00edas apoyamos a los habitantes de Huixquilucan, que refrendaron su confianza a esta administraci\u00f3n\u201d, asegur\u00f3 el presidente municipal, Enrique Vargas del Villar, al inaugurar el Centro de Desarrollo Comunitario (CDC) en la colonia La Unidad.<\/p>\n","protected":false},"author":3,"featured_media":426176,"comment_status":"open","ping_status":"open","sticky":false,"template":"","format":"standard","meta":{"_monsterinsights_skip_tracking":false,"_monsterinsights_sitenote_active":false,"_monsterinsights_sitenote_note":"","_monsterinsights_sitenote_category":0,"footnotes":""},"categories":[35155],"tags":[83917,43675,1097],"class_list":["post-426141","post","type-post","status-publish","format-standard","has-post-thumbnail","hentry","category-estado-de-mexico-estado-de-mexico","tag-centro-de-desarrollo-comunitario","tag-estado-de-mexico","tag-huixquilucan"],"_links":{"self":[{"href":"https:\/\/www.diarioimagen.net\/index.php?rest_route=\/wp\/v2\/posts\/426141","targetHints":{"allow":["GET"]}}],"collection":[{"href":"https:\/\/www.diarioimagen.net\/index.php?rest_route=\/wp\/v2\/posts"}],"about":[{"href":"https:\/\/www.diarioimagen.net\/index.php?rest_route=\/wp\/v2\/types\/post"}],"author":[{"embeddable":true,"href":"https:\/\/www.diarioimagen.net\/index.php?rest_route=\/wp\/v2\/users\/3"}],"replies":[{"embeddable":true,"href":"https:\/\/www.diarioimagen.net\/index.php?rest_route=%2Fwp%2Fv2%2Fcomments&post=426141"}],"version-history":[{"count":0,"href":"https:\/\/www.diarioimagen.net\/index.php?rest_route=\/wp\/v2\/posts\/426141\/revisions"}],"wp:featuredmedia":[{"embeddable":true,"href":"https:\/\/www.diarioimagen.net\/index.php?rest_route=\/wp\/v2\/media\/426176"}],"wp:attachment":[{"href":"https:\/\/www.diarioimagen.net\/index.php?rest_route=%2Fwp%2Fv2%2Fmedia&parent=426141"}],"wp:term":[{"taxonomy":"category","embeddable":true,"href":"https:\/\/www.diarioimagen.net\/index.php?rest_route=%2Fwp%2Fv2%2Fcategories&post=426141"},{"taxonomy":"post_tag","embeddable":true,"href":"https:\/\/www.diarioimagen.net\/index.php?rest_route=%2Fwp%2Fv2%2Ftags&post=426141"}],"curies":[{"name":"wp","href":"https:\/\/api.w.org\/{rel}","templated":true}]}}