{"id":426152,"date":"2019-05-06T00:10:28","date_gmt":"2019-05-06T05:10:28","guid":{"rendered":"https:\/\/www.diarioimagen.net\/?p=426152"},"modified":"2019-05-06T01:51:24","modified_gmt":"2019-05-06T06:51:24","slug":"nueva-manera-de-migrar-de-centroamericanos","status":"publish","type":"post","link":"https:\/\/www.diarioimagen.net\/?p=426152","title":{"rendered":"Nueva manera de migrar de centroamericanos"},"content":{"rendered":"<p><a href=\"https:\/\/www.diarioimagen.net\/wp-content\/uploads\/2019\/05\/MIGRANTES6.jpg\"><img loading=\"lazy\" decoding=\"async\" class=\"aligncenter size-large wp-image-426226\" src=\"https:\/\/www.diarioimagen.net\/wp-content\/uploads\/2019\/05\/MIGRANTES6-460x259.jpg\" alt=\"\" width=\"460\" height=\"259\" srcset=\"https:\/\/www.diarioimagen.net\/wp-content\/uploads\/2019\/05\/MIGRANTES6-460x259.jpg 460w, https:\/\/www.diarioimagen.net\/wp-content\/uploads\/2019\/05\/MIGRANTES6-240x135.jpg 240w, https:\/\/www.diarioimagen.net\/wp-content\/uploads\/2019\/05\/MIGRANTES6-235x132.jpg 235w, https:\/\/www.diarioimagen.net\/wp-content\/uploads\/2019\/05\/MIGRANTES6-202x114.jpg 202w, https:\/\/www.diarioimagen.net\/wp-content\/uploads\/2019\/05\/MIGRANTES6-350x196.jpg 350w, https:\/\/www.diarioimagen.net\/wp-content\/uploads\/2019\/05\/MIGRANTES6-220x123.jpg 220w, https:\/\/www.diarioimagen.net\/wp-content\/uploads\/2019\/05\/MIGRANTES6-237x132.jpg 237w, https:\/\/www.diarioimagen.net\/wp-content\/uploads\/2019\/05\/MIGRANTES6.jpg 480w\" sizes=\"auto, (max-width: 460px) 100vw, 460px\" \/><\/a><\/p>\n<p>&nbsp;<\/p>\n<p>Para el secretario general acad\u00e9mico de El Colegio de la Frontera Norte, \u00d3scar Conteras, la expulsi\u00f3n de las poblaciones es un fen\u00f3meno a escala internacional derivado de las condiciones de extrema pobreza y violencia en sus lugares de origen, como en el caso de los centroamericanos, que salen de sus pa\u00edses en busca de un mejor futuro en Estados Unidos.<\/p>\n<p>En entrevista, se\u00f1al\u00f3 que el porcentaje de los integrantes de las caravanas migrantes no es representativo en comparaci\u00f3n con los cerca de 200 mil centroamericanos que transita cada a\u00f1o por M\u00e9xico con el objetivo de llegar a Estados Unidos, s\u00f3lo que ahora han encontrado una nueva manera de viajar en grupo, lo que consideran m\u00e1s seguro.<\/p>\n<p>Explic\u00f3 que a lo largo de la traves\u00eda los migrantes experimentan violencia, extorsi\u00f3n, secuestros y robos, tanto de bandas del crimen organizado como de parte de algunas autoridades, por lo que han descubierto que en caravana el viaje es menos costoso y riesgoso.<\/p>\n<p>\u201cSon espectaculares las caravanas de miles de personas, pero no se trata realmente de algo inusual, lo \u00fanico que cambio en el m\u00e9todo, que en este caso es a trav\u00e9s de grupos grandes\u201d.<\/p>\n<p>Ante este panorama, dijo que M\u00e9xico tiene que respetar sus derechos humanos y estar preparados para recibir a los migrantes, \u201csabemos que el fen\u00f3meno ocurre, que es una forma distinta de organizaci\u00f3n, tenemos que estar m\u00e1s preparados en la asistencia humanitaria que requieren\u201d, precis\u00f3.<\/p>\n","protected":false},"excerpt":{"rendered":"<p>Para el secretario general acad\u00e9mico de El Colegio de la Frontera Norte, \u00d3scar Conteras, la expulsi\u00f3n de las poblaciones es un fen\u00f3meno a escala internacional derivado de las condiciones de extrema pobreza y violencia en sus lugares de origen, como en el caso de los centroamericanos, que salen de sus pa\u00edses en busca de un mejor futuro en Estados Unidos.<\/p>\n","protected":false},"author":3,"featured_media":426226,"comment_status":"open","ping_status":"open","sticky":false,"template":"","format":"standard","meta":{"_monsterinsights_skip_tracking":false,"_monsterinsights_sitenote_active":false,"_monsterinsights_sitenote_note":"","_monsterinsights_sitenote_category":0,"footnotes":""},"categories":[25512],"tags":[79477,85014,43673],"class_list":["post-426152","post","type-post","status-publish","format-standard","has-post-thumbnail","hentry","category-nacional-nacional","tag-centroamericanos","tag-migrar","tag-nacional"],"_links":{"self":[{"href":"https:\/\/www.diarioimagen.net\/index.php?rest_route=\/wp\/v2\/posts\/426152","targetHints":{"allow":["GET"]}}],"collection":[{"href":"https:\/\/www.diarioimagen.net\/index.php?rest_route=\/wp\/v2\/posts"}],"about":[{"href":"https:\/\/www.diarioimagen.net\/index.php?rest_route=\/wp\/v2\/types\/post"}],"author":[{"embeddable":true,"href":"https:\/\/www.diarioimagen.net\/index.php?rest_route=\/wp\/v2\/users\/3"}],"replies":[{"embeddable":true,"href":"https:\/\/www.diarioimagen.net\/index.php?rest_route=%2Fwp%2Fv2%2Fcomments&post=426152"}],"version-history":[{"count":0,"href":"https:\/\/www.diarioimagen.net\/index.php?rest_route=\/wp\/v2\/posts\/426152\/revisions"}],"wp:featuredmedia":[{"embeddable":true,"href":"https:\/\/www.diarioimagen.net\/index.php?rest_route=\/wp\/v2\/media\/426226"}],"wp:attachment":[{"href":"https:\/\/www.diarioimagen.net\/index.php?rest_route=%2Fwp%2Fv2%2Fmedia&parent=426152"}],"wp:term":[{"taxonomy":"category","embeddable":true,"href":"https:\/\/www.diarioimagen.net\/index.php?rest_route=%2Fwp%2Fv2%2Fcategories&post=426152"},{"taxonomy":"post_tag","embeddable":true,"href":"https:\/\/www.diarioimagen.net\/index.php?rest_route=%2Fwp%2Fv2%2Ftags&post=426152"}],"curies":[{"name":"wp","href":"https:\/\/api.w.org\/{rel}","templated":true}]}}