{"id":426157,"date":"2019-05-06T00:11:50","date_gmt":"2019-05-06T05:11:50","guid":{"rendered":"https:\/\/www.diarioimagen.net\/?p=426157"},"modified":"2019-05-06T01:46:38","modified_gmt":"2019-05-06T06:46:38","slug":"se-suman-varias-ciudades-a-protesta-contra-el-presidente","status":"publish","type":"post","link":"https:\/\/www.diarioimagen.net\/?p=426157","title":{"rendered":"Se suman varias ciudades a protesta contra el Presidente"},"content":{"rendered":"<div id=\"attachment_426223\" style=\"width: 470px\" class=\"wp-caption aligncenter\"><a href=\"https:\/\/www.diarioimagen.net\/wp-content\/uploads\/2019\/05\/marcha.jpg\"><img loading=\"lazy\" decoding=\"async\" aria-describedby=\"caption-attachment-426223\" class=\"size-large wp-image-426223\" src=\"https:\/\/www.diarioimagen.net\/wp-content\/uploads\/2019\/05\/marcha-460x259.jpg\" alt=\"\" width=\"460\" height=\"259\" srcset=\"https:\/\/www.diarioimagen.net\/wp-content\/uploads\/2019\/05\/marcha-460x259.jpg 460w, https:\/\/www.diarioimagen.net\/wp-content\/uploads\/2019\/05\/marcha-240x135.jpg 240w, https:\/\/www.diarioimagen.net\/wp-content\/uploads\/2019\/05\/marcha-235x132.jpg 235w, https:\/\/www.diarioimagen.net\/wp-content\/uploads\/2019\/05\/marcha-202x114.jpg 202w, https:\/\/www.diarioimagen.net\/wp-content\/uploads\/2019\/05\/marcha-350x196.jpg 350w, https:\/\/www.diarioimagen.net\/wp-content\/uploads\/2019\/05\/marcha-220x123.jpg 220w, https:\/\/www.diarioimagen.net\/wp-content\/uploads\/2019\/05\/marcha-237x132.jpg 237w, https:\/\/www.diarioimagen.net\/wp-content\/uploads\/2019\/05\/marcha.jpg 480w\" sizes=\"auto, (max-width: 460px) 100vw, 460px\" \/><\/a><p id=\"caption-attachment-426223\" class=\"wp-caption-text\">Esta protesta se da luego de que en redes sociales se convocara mediante un video a una marcha nacional para protestar contra las pol\u00edticas p\u00fablicas de L\u00f3pez Obrador, este domingo. Se habla que la convocatoria fue emitida para 24 ciudades.<\/p><\/div>\n<p>&nbsp;<\/p>\n<p>En diversas ciudades del pa\u00eds, entre ellas, Quer\u00e9taro, Monterrey, Morelia, Hermosillo, Tijuana, Le\u00f3n, Guadalajara, M\u00e9rida y Puebla, ciudadanos se manifestaron contra las pol\u00edticas implementadas por el presidente L\u00f3pez Obrador, en el marco de una marcha silenciosa que se realiz\u00f3 de manera pac\u00edfica.<\/p>\n<p>Esta protesta se da luego de que en redes sociales se convocara mediante un video a una marcha nacional para protestar contra las pol\u00edticas p\u00fablicas de L\u00f3pez Obrador, ayer domingo. Se habla que la convocatoria fue emitida para 24 ciudades.<\/p>\n<p>En Quer\u00e9taro, cientos de ciudadanos se sumaron a la marcha silenciosa contra las pol\u00edticas de L\u00f3pez Obrador, a cinco meses de haber iniciado su gesti\u00f3n. Con pancartas en mano, los manifestantes rechazaron lo que denominaron consultas a modo por parte del gobierno federal para decidir temas de trascendencia nacional.<\/p>\n<p>\u00a1No somos <em>fif\u00eds<\/em>, somos mexicanos!, \u00a1as\u00ed no AMLO!, y \u201c\u00a1Fuera el socialismo!\u201d, son algunas de las frases que se vieron en las pancartas, algunas de las cuales fueron colocadas en ventanas y puertas de viviendas del Centro Hist\u00f3rico local.<\/p>\n<p>La marcha contra las acciones de gobierno de L\u00f3pez Obrador se replic\u00f3 en varias ciudades del pa\u00eds, incluyendo la Ciudad de M\u00e9xico.<\/p>\n<p>Mientras, en Morelia, Michoac\u00e1n, un contingente de personas camin\u00f3 con direcci\u00f3n al centro. La movilizaci\u00f3n fue encabezada por el pol\u00edtico panista, Salvador L\u00f3pez Ordu\u00f1a, y los ciudadanos gritan consignas en contra del Presidente del pa\u00eds.<\/p>\n<p>En Hermosillo, Sonora, unas cien personas realizaron manifestaci\u00f3n pac\u00edfica en contra del actual gobierno federal. La vocera de la organizaci\u00f3n \u201cNosotros Somos Chalecos M\u00e9xico\u201d, Andrea Moreno, explic\u00f3 en entrevista con medios de comunicaci\u00f3n, que se trata de un movimiento nacional que pide respeto al jefe del Ejecutivo.<\/p>\n<p>Luego de caminar desde la Plaza Zaragoza al mercado municipal, en el centro de la ciudad, los participantes entonaron el Himno Nacional y distribuyeron volantes con informaci\u00f3n sobre el colectivo.<\/p>\n<p>Moreno, quien se identific\u00f3 como ama de casa, plante\u00f3 que los manifestantes est\u00e1n en contra de la cancelaci\u00f3n de diversos programas de apoyo social y \u201clo m\u00e1s grave es lo que hace con la Constituci\u00f3n, ha hecho cambios fuertes para salirse con la suya, nos quiere llevar hacia un Estado autoritario\u201d.<\/p>\n<p>En Tijuana, tambi\u00e9n se convoc\u00f3 a la marcha pac\u00edfica ayer domingo, a las 11:00 horas en Playas de Tijuana, pero s\u00f3lo acudieron seis personas, por lo que la actividad se cancel\u00f3; en tanto, a las 09:00 se hab\u00eda convocado a una marcha a favor del presidente L\u00f3pez Obrador, a la cual tampoco hubo asistencia.<\/p>\n<p>En Guadalajara, en la zona centro de la ciudad, cientos de personas se manifestaron ayer en contra del actual gobierno federal.<\/p>\n<p>En Plaza Universidad, ubicada en el Centro Hist\u00f3rico de Guadalajara, se reunieron integrantes de la asociaci\u00f3n Xiudadanos mx y ciudadanos en general, para expresar su inconformidad en contra de las decisiones que ha tomado el gobierno federal como el aeropuerto, el Tren Maya, etc.<\/p>\n<p>Durante la manifestaci\u00f3n se pudieron apreciar diversas sombrillas negras con leyendas pintadas en blanco y pancartas con consignas como \u201cAMLORenuncia\u201d, \u201cNo reelecci\u00f3n\u201d, \u201cJusticia sin Ley: corrupci\u00f3n\u201d, \u201cPeje\u2026 Est\u00e1n cayendo los populistas, cambias o te cambiamos\u201d, etc.<\/p>\n<p>Los manifestantes mostraron su desacuerdo a las pol\u00edticas y proyectos del presidente Andr\u00e9s Manuel L\u00f3pez Obrador.<\/p>\n<p>En Le\u00f3n, Guanajuato, el ex presidente de M\u00e9xico, Vicente Fox Quesada, encabez\u00f3 una marcha en contra de las pol\u00edticas del actual jefe del Ejecutivo federal.<\/p>\n<p>Vestidos en su mayor\u00eda de blanco, en Monterrey, grupos de regiomontanos realizaron una manifestaci\u00f3n en contra de la administraci\u00f3n del presidente\u00a0 L\u00f3pez Obrador, en la Explanada de los H\u00e9roes de esta ciudad.<\/p>\n<p>En M\u00e9rida, Yucat\u00e1n, unas 400 personas se reunieron en la plaza principal de esta ciudad y marcharon hasta el Monumento a la Patria, ubicado en el Paseo de Montejo para unirse a la protesta nacional contra el gobierno de L\u00f3pez Obrador.<\/p>\n<p>La gran mayor\u00eda de los participantes vest\u00edan de blanco y portaban pancartas con consignas en contra del mandatario, en donde lo responsabilizan de que se haya disparado la violencia y la inseguridad en el pa\u00eds.<\/p>\n<p style=\"text-align: center;\"><strong>La marcha en la Ciudad de M\u00e9xico<\/strong><\/p>\n<p>Miles se manifestaron en los carriles centrales de Paseo de la Reforma para concluir en el Monumento a la Revoluci\u00f3n, en la que pidieron la renuncia del presidente Andr\u00e9s Manuel L\u00f3pez Obrador.<\/p>\n<p>Los ciudadanos, algunos vestidos de blanco, se reunieron esta ma\u00f1ana en la columna del \u00c1ngel de la Independencia para participar en la denominada \u201cmarcha del silencio\u201d, donde manifestaron sus inconformidades con el presidente de M\u00e9xico.<\/p>\n<p>La movilizaci\u00f3n que inici\u00f3 minutos despu\u00e9s de las 11:00 horas, congreg\u00f3 a miles de inconformes quienes, portando pancartas contra el Ejecutivo federal, avanzaron sobre Paseo de la Reforma y calles aleda\u00f1as.<\/p>\n<p>Entre los reclamos de los asistentes a la marcha, que provoc\u00f3 el cierre de distintas vialidades, se encontraban \u201cAMLO Renuncia\u201d, \u201cSI AL NAIM\u201d y \u201cNo al desmantelamiento del sistema de salud p\u00fablica\u201d.<\/p>\n<p>Los manifestantes a esta movilizaci\u00f3n ciudadana fueron convocados mediante las redes sociales.<\/p>\n<p>Aunque la convocatoria fue para una \u201cMarcha del Silencio\u201d, algunos manifestantes gritaban: \u201c\u00a1Fuera AMLO! \u00a1Fuera AMLO!\u201d. Otros llevaban algunas cartulinas y letreros en los que protestaban contra el Gobierno de M\u00e9xico.<\/p>\n<p>En la pancarta central, el contingente expuso que son ciudadanos independientes, \u201cajenos a partidos pol\u00edticos, asociaciones o grupos protag\u00f3nicos\u201d; otra rezaba: \u201cSi violas la Constituci\u00f3n pediremos tu destituci\u00f3n\u201d.<\/p>\n","protected":false},"excerpt":{"rendered":"<p>En diversas ciudades del pa\u00eds, entre ellas, Quer\u00e9taro, Monterrey, Morelia, Hermosillo, Tijuana, Le\u00f3n, Guadalajara, M\u00e9rida y Puebla, ciudadanos se manifestaron contra las pol\u00edticas implementadas por el presidente L\u00f3pez Obrador, en el marco de una marcha silenciosa que se realiz\u00f3 de manera pac\u00edfica.<\/p>\n","protected":false},"author":3,"featured_media":426223,"comment_status":"open","ping_status":"open","sticky":false,"template":"","format":"standard","meta":{"_monsterinsights_skip_tracking":false,"_monsterinsights_sitenote_active":false,"_monsterinsights_sitenote_note":"","_monsterinsights_sitenote_category":0,"footnotes":""},"categories":[3],"tags":[2545,85016,3382,28472],"class_list":["post-426157","post","type-post","status-publish","format-standard","has-post-thumbnail","hentry","category-nacional","tag-amlo","tag-marcha-del-silencio","tag-presidente","tag-protestas"],"_links":{"self":[{"href":"https:\/\/www.diarioimagen.net\/index.php?rest_route=\/wp\/v2\/posts\/426157","targetHints":{"allow":["GET"]}}],"collection":[{"href":"https:\/\/www.diarioimagen.net\/index.php?rest_route=\/wp\/v2\/posts"}],"about":[{"href":"https:\/\/www.diarioimagen.net\/index.php?rest_route=\/wp\/v2\/types\/post"}],"author":[{"embeddable":true,"href":"https:\/\/www.diarioimagen.net\/index.php?rest_route=\/wp\/v2\/users\/3"}],"replies":[{"embeddable":true,"href":"https:\/\/www.diarioimagen.net\/index.php?rest_route=%2Fwp%2Fv2%2Fcomments&post=426157"}],"version-history":[{"count":0,"href":"https:\/\/www.diarioimagen.net\/index.php?rest_route=\/wp\/v2\/posts\/426157\/revisions"}],"wp:featuredmedia":[{"embeddable":true,"href":"https:\/\/www.diarioimagen.net\/index.php?rest_route=\/wp\/v2\/media\/426223"}],"wp:attachment":[{"href":"https:\/\/www.diarioimagen.net\/index.php?rest_route=%2Fwp%2Fv2%2Fmedia&parent=426157"}],"wp:term":[{"taxonomy":"category","embeddable":true,"href":"https:\/\/www.diarioimagen.net\/index.php?rest_route=%2Fwp%2Fv2%2Fcategories&post=426157"},{"taxonomy":"post_tag","embeddable":true,"href":"https:\/\/www.diarioimagen.net\/index.php?rest_route=%2Fwp%2Fv2%2Ftags&post=426157"}],"curies":[{"name":"wp","href":"https:\/\/api.w.org\/{rel}","templated":true}]}}