{"id":426195,"date":"2019-05-06T00:10:15","date_gmt":"2019-05-06T05:10:15","guid":{"rendered":"https:\/\/www.diarioimagen.net\/?p=426195"},"modified":"2019-05-06T01:56:16","modified_gmt":"2019-05-06T06:56:16","slug":"los-fanaticos-mexicanos-entre-el-dinero-y-la-incompetencia","status":"publish","type":"post","link":"https:\/\/www.diarioimagen.net\/?p=426195","title":{"rendered":"Los fan\u00e1ticos mexicanos: entre el dinero y la incompetencia"},"content":{"rendered":"<h2>\u00cdndice pol\u00edtico<\/h2>\n<h5>Francisco Rodr\u00edguez<\/h5>\n<p>&nbsp;<\/p>\n<div id=\"attachment_426236\" style=\"width: 470px\" class=\"wp-caption aligncenter\"><a href=\"https:\/\/www.diarioimagen.net\/wp-content\/uploads\/2019\/05\/la-economia-de-lopez-MARAL.jpg\"><img loading=\"lazy\" decoding=\"async\" aria-describedby=\"caption-attachment-426236\" class=\"size-large wp-image-426236\" src=\"https:\/\/www.diarioimagen.net\/wp-content\/uploads\/2019\/05\/la-economia-de-lopez-MARAL-460x289.jpg\" alt=\"\" width=\"460\" height=\"289\" srcset=\"https:\/\/www.diarioimagen.net\/wp-content\/uploads\/2019\/05\/la-economia-de-lopez-MARAL-460x289.jpg 460w, https:\/\/www.diarioimagen.net\/wp-content\/uploads\/2019\/05\/la-economia-de-lopez-MARAL-240x151.jpg 240w, https:\/\/www.diarioimagen.net\/wp-content\/uploads\/2019\/05\/la-economia-de-lopez-MARAL-768x483.jpg 768w, https:\/\/www.diarioimagen.net\/wp-content\/uploads\/2019\/05\/la-economia-de-lopez-MARAL.jpg 1200w\" sizes=\"auto, (max-width: 460px) 100vw, 460px\" \/><\/a><p id=\"caption-attachment-426236\" class=\"wp-caption-text\">La econom\u00eda de L\u00f3pez&#8230; | Maral<\/p><\/div>\n<p>&nbsp;<\/p>\n<p>Despu\u00e9s de la gran crisis hipotecaria del 2008 que puso al mundo contra las cuerdas \u2014una pelea cuyo ganador todav\u00eda no se define\u2014 el fanatismo pol\u00edtico, social y religioso se ha convertido en la enfermedad mundial del presente siglo. Los estudiosos no alcanzan a definir la patolog\u00eda, pero todos se asoman al estudio de sus or\u00edgenes.<\/p>\n<p>\u00bfQu\u00e9 complicidades unen a los grupos extremistas o a los que preconizan la supremac\u00eda de una raza dondequiera que se encuentren en el mundo? \u00bfHay alguna relaci\u00f3n entre los actos de violencia cometidos contra periodistas y escritores y la discriminaci\u00f3n que sufren las etnias y la pobreza?<\/p>\n<p>La intolerancia progresa en todas partes y mata a gran escala. Plantea numerosas cuestiones de \u00edndole moral y pol\u00edtica. Se considera, cada vez m\u00e1s, una seria amenaza para la democracia, la paz y la seguridad. Porque siempre ha estado presente en la historia humana. Es inherente a nuestra naturaleza.<\/p>\n<p>Ha provocado la mayor\u00eda de las persecuciones y confrontaciones ideol\u00f3gicas violentas. Detiene cualquier posibilidad de instaurar un multiculturalismo pac\u00edfico: aceptaci\u00f3n y aprecio por la diversidad, a la capacidad de vivir y hacer vivir a los dem\u00e1s, al libre arbitrio de tener cada cual sus propias convicciones.<\/p>\n<p>Se ha convertido en un privilegio gozar de los derechos y libertades sin vulnerar los del pr\u00f3jimo, hacer un frente al miedo m\u00e1s de doscientos a\u00f1os despu\u00e9s de que\u00a0Voltaire\u00a0condujera una batalla filos\u00f3fica apasionada contra el sectarismo que legitima la intolerancia.<\/p>\n<p>En los a\u00f1os que van del presente siglo se ha registrado un recrudecimiento inaceptable de la discriminaci\u00f3n y hostilidad de ra\u00edz xenof\u00f3bica. La intolerancia se expresa en franca violencia contra los migrantes, pr\u00e1cticamente en todas las regiones del mundo.<\/p>\n<p>El racismo y el fascismo se han agravado por la distribuci\u00f3n inequitativa de la riqueza, la marginaci\u00f3n y la exclusi\u00f3n social. Las nuevas tecnolog\u00edas de la comunicaci\u00f3n, incluidas las redes sociales, se utilizan para difundir propaganda maniquea y discriminatoria contra pobres y migrantes, sin saber que todos vamos en el mismo barco.<\/p>\n<p>Los atentados y magnicidios colectivos perpetrados por j\u00f3venes neonazis y los cr\u00edmenes de lesa humanidad sin castigo que han erosionado los tejidos pol\u00edticos se construyen sobre cimientos de tirria. El fanatismo pol\u00edtico e ideol\u00f3gico y el odio, son las dos caras de la misma moneda.<\/p>\n<p>Trescientos a\u00f1os despu\u00e9s de que\u00a0Denis Diderot, uno de los grandes cerebros de la Enciclopedia Francesa, dijera que \u201cdel fanatismo a la barbarie s\u00f3lo media un paso\u201d, se hace realidad lo que hace pocos a\u00f1os advirtiera\u00a0Ryszard Kapu\u015bci\u0144ski, el periodista polaco que mejor entendi\u00f3 nuestra profesi\u00f3n:<\/p>\n<p>\u201cSi entre las muchas verdades eliges una sola y la persigues ciegamente, ella se convertir\u00e1 en falsedad, y t\u00fa en un fan\u00e1tico \u201c. No es exagerado decir que M\u00e9xico se ha polarizado en la actualidad entre los dos tipos de fan\u00e1ticos m\u00e1s destacados: los de la derecha y los de la izquierda.<\/p>\n<p>Y aunque las posiciones geom\u00e9tricas suenen a flancos demasiado recurridos y a sofismas idiom\u00e1ticos, cuando en la pr\u00e1ctica se utiliza el term\u00f3metro, resulta que arrojan resultados que se parecen incre\u00edblemente con las medidas que est\u00e1n asolando a todas las realidades, en todas las latitudes del planeta.<\/p>\n<p>Mientras no se desenhebre el peculiar galimat\u00edas que se ha formado en las c\u00fapulas del poder, y se defina si la raz\u00f3n asiste a los pragm\u00e1ticos o a los idealistas, con la correspondiente cuota de poder econ\u00f3mico y pol\u00edtico, esta cuesti\u00f3n no dejar\u00e1 de presidir todas las reyertas, de zanjar todos los acercamientos posibles.<\/p>\n<p>Vivimos en un mundo polarizado, definido simplemente porque s\u00f3lo el dos por ciento de la poblaci\u00f3n planetaria goza de comodidades sin cuento, mientras todos los dem\u00e1s nos debatimos en la insensatez de pagar para poder subsistir. Esta inequidad ha formado una argamasa intragable. Al interior de los pa\u00edses produce la confrontaci\u00f3n de los fan\u00e1ticos.<\/p>\n<p>El fanatismo ha llegado a ser una actividad que se manifiesta con pasi\u00f3n exagerada, desmedida e irracional en defensa de una idea, una teor\u00eda, una cultura, un estilo de vida. El fan\u00e1tico es una persona que defiende con tenacidad desmedida sus creencias y opiniones, pues se empe\u00f1a en preocuparse ciegamente con algo.<\/p>\n<p>Hay fan\u00e1ticos religiosos, deportivos, antirreligiosos, ac\u00e9rrimos defensores de valores tradicionales contra el cambio. En M\u00e9xico existen todos los tipos que puedan describirse. Pero alrededor del conflicto de poder actual se han definido dos: los que promueven la defensa de los privilegios del pasado inmediato\u2026<\/p>\n<p>&#8230; y quienes luchan contra ellos, buscando la definici\u00f3n de nuevas reglas y actitudes, de nuevos compromisos con los m\u00e1s pobres, pero desgraciadamente entrampados en el garlito de la transparencia, o en la inacci\u00f3n contra los elementos nocivos que han atentado contra la estabilidad del pa\u00eds.<\/p>\n<p>Dec\u00edan las abuelas que no hay m\u00e1s cera que la que arde. Y as\u00ed es en el seno de la discusi\u00f3n mexicana. Podr\u00e1n tener raz\u00f3n los que se ubican en favor de los d\u00e9biles, pero mientras no demuestren que tienen las agallas para liquidar las injusticias, seguir\u00e1n tropezando con las mismas piedras. De nada servir\u00e1 el fanatismo. Puede ser vencido por la marruller\u00eda.<\/p>\n<p>Nunca podr\u00e1n demostrar, si no se enfrentan con valor a la realidad, que son distintos a los que se fueron, los fan\u00e1ticos que no sean apoyados con acciones por los l\u00edderes de su poder, por las mayor\u00edas que hoy, s\u00f3lo hoy, conforman las c\u00e1maras y las gubernaturas. El paso del tiempo es inclemente y nadie resiste su juicio.<\/p>\n<p>Cuando las obsesiones y las compulsiones de hacen cr\u00f3nicas, se habla de una neurosis social que puede transformar el pa\u00eds en un trastorno invivible, dentro de un fanatismo obsesivo &#8211; compulsivo.<\/p>\n<p>Por eso, la necesidad de actuar antes de que lo hagan, por ejemplo, los enemigos de Alfredo Jalife, los que hablan de que su ayuda al nuevo r\u00e9gimen ser\u00eda la del discurso del odio, antes, tambi\u00e9n, que los\u00a0cacerolistas\u00a0del 5 de mayo, que quieren que s\u00f3lo los chicharrones de los ni\u00f1os bien sean los \u00fanicos que truenen.<\/p>\n<p>La realidad del pa\u00eds desigual y la necesidad de su rescate social debe imponerse al discurso del odio de los capitostes y de sus amanuenses, de los indiciados pol\u00edticos y los gritones en la calle que no tienen idea a qui\u00e9n sirven. Desde luego, son siervos de los due\u00f1os del dinero.<\/p>\n<p>La verdadera izquierda est\u00e1 secuestrada por sus enemigos infiltrados en las mejores posiciones del gabinete y reduce a cero toda posibilidad de justicia. Son los mismos fan\u00e1ticos de siempre.<\/p>\n<p>\u00bfNo cree usted?<\/p>\n<p><strong><em>\u00cdndice Flam\u00edgero:<\/em><\/strong>\u00a0\u201cGurr\u00eda Trevi\u00f1o de\u00a0\u00c1ngel de la dependencia\u00a0a idiota confeso\u201d titula a su mensaje don Rub\u00e9n M\u00fajica V\u00e9lez y agrega: \u201cGurr\u00eda Trevi\u00f1o, \u00bforate? Porque c\u00ednico, \u00a1siempre! \u00c1ngel Gurr\u00eda, que se ha sostenido por a\u00f1os en la OCDE, lleg\u00f3 por primera vez a diagnosticar el futuro de M\u00e9xico con AMLO. Declar\u00f3 que Pemex est\u00e1 en un hoyo, en una crisis tal que Pemex es un peligro para M\u00e9xico y para su econom\u00eda. Pero afirm\u00f3: \u2018De la actual situaci\u00f3n de Pemex tambi\u00e9n soy responsable&#8230; de la pol\u00edtica fiscal de la Federaci\u00f3n con Pemex&#8230; le quit\u00e1bamos hasta el 70 por ciento de\u00a0todos sus ingresos&#8230; le cre\u00e1bamos a Pemex un hoyo artificial, una p\u00e9rdida artificial, oblig\u00e1bamos a la empresa a que\u00a0se endeudara, y se lleg\u00f3 100 mil millones de d\u00f3lares. Definitivamente\u00a0creamos ese endeudamiento excesivo\u2019.\u00a0\u00a0Pero a Pemex, adem\u00e1s, Pe\u00f1a Nieto \u2014esta sabandija neoliberal\u2014 jam\u00e1s le hizo un diagnostico tan riguroso, tan c\u00ednico. Gurr\u00eda en cualquier otro pa\u00eds merecer\u00eda\u00a0c\u00e1rcel\u00a0y en Norcorea o en China\u00a0\u00a1pared\u00f3n!\u00a0\u00a0Y Urz\u00faa parec\u00eda\u00a0ganz\u00faa\u00a0elogiando a este sinverg\u00fcenza que fue\u00a0asesor\u00a0de Pe\u00f1a bien pagado y a quien hay que mandar ahora a la\u00a0china Hilaria! + + + La\u00a0Secretar\u00eda de Econom\u00eda\u00a0y la\u00a0embajada de India\u00a0en\u00a0 M\u00e9xico\u00a0presentaron el jueves pasado la primera C\u00e1mara de Negocios entre ambos pa\u00edses, en donde el embajador de\u00a0India\u00a0en\u00a0M\u00e9xico,\u00a0Muktesh Pardeshi, se\u00f1al\u00f3 que entre ambos pa\u00edses existe el compromiso de fortalecer las relaciones comerciales y la necesidad de promover las \u00e1reas de negocios, adem\u00e1s expuso que en 2018 hubo inversiones por 10 mil millones de d\u00f3lares entre los dos pa\u00edses, detall\u00f3 que en 10 a\u00f1os los negocios bilaterales han crecido 240 por ciento, y que solamente en los \u00faltimos tres a\u00f1os se incrementaron 74 por ciento. Por su parte, la secretaria de Econom\u00eda,\u00a0Graciela M\u00e1rquez, destac\u00f3 que este organismo ser\u00e1 una oportunidad para fortalecer la relaci\u00f3n bilateral a trav\u00e9s de mecanismos de inversi\u00f3n. Tambi\u00e9n se\u00f1al\u00f3 que en territorio mexicano hay 180 empresas de la India con 3 mil millones de d\u00f3lares de inversi\u00f3n y que generan empleo para 30 mil personas, seg\u00fan datos de la embajada.\u00a0 M\u00e1rquez Col\u00edn\u00a0asever\u00f3 que ambos pa\u00edses tiene oportunidad de colaborar y crecer en sectores como el automotriz, farmac\u00e9utico, tecnol\u00f3gico y aeroespacial.<\/p>\n<p><em><u><a href=\"http:\/\/www.indicepolitico.com\" target=\"_blank\" rel=\"noopener noreferrer\">www.indicepolitico.com<\/a><br \/>\n<a href=\"mailto:pacorodriguez@journalist.com\" target=\"_blank\" rel=\"noopener noreferrer\">pacorodriguez@journalist.com<\/a><br \/>\n<a href=\"https:\/\/twitter.com\/pacorodriguez\" target=\"_blank\" rel=\"noopener noreferrer\">@pacorodriguez<\/a><\/u><\/em><\/p>\n","protected":false},"excerpt":{"rendered":"<p><span style=\"color: #005497;\"><strong>Francisco Rodr\u00edguez<\/strong><\/span><br \/>\n<br \/>\nDespu\u00e9s de la gran crisis hipotecaria del 2008 que puso al mundo contra las cuerdas \u2014una pelea cuyo ganador todav\u00eda no se define\u2014 el fanatismo pol\u00edtico, social y religioso se ha convertido en la enfermedad mundial del presente siglo. Los estudiosos no alcanzan a definir la patolog\u00eda, pero todos se asoman al estudio de sus or\u00edgenes.<\/p>\n","protected":false},"author":3,"featured_media":426236,"comment_status":"open","ping_status":"open","sticky":false,"template":"","format":"standard","meta":{"_monsterinsights_skip_tracking":false,"_monsterinsights_sitenote_active":false,"_monsterinsights_sitenote_note":"","_monsterinsights_sitenote_category":0,"footnotes":""},"categories":[549],"tags":[43689,550,43674],"class_list":["post-426195","post","type-post","status-publish","format-standard","has-post-thumbnail","hentry","category-francisco-rodriguez","tag-francisco-rodriguez","tag-indice-politico","tag-opinion"],"_links":{"self":[{"href":"https:\/\/www.diarioimagen.net\/index.php?rest_route=\/wp\/v2\/posts\/426195","targetHints":{"allow":["GET"]}}],"collection":[{"href":"https:\/\/www.diarioimagen.net\/index.php?rest_route=\/wp\/v2\/posts"}],"about":[{"href":"https:\/\/www.diarioimagen.net\/index.php?rest_route=\/wp\/v2\/types\/post"}],"author":[{"embeddable":true,"href":"https:\/\/www.diarioimagen.net\/index.php?rest_route=\/wp\/v2\/users\/3"}],"replies":[{"embeddable":true,"href":"https:\/\/www.diarioimagen.net\/index.php?rest_route=%2Fwp%2Fv2%2Fcomments&post=426195"}],"version-history":[{"count":0,"href":"https:\/\/www.diarioimagen.net\/index.php?rest_route=\/wp\/v2\/posts\/426195\/revisions"}],"wp:featuredmedia":[{"embeddable":true,"href":"https:\/\/www.diarioimagen.net\/index.php?rest_route=\/wp\/v2\/media\/426236"}],"wp:attachment":[{"href":"https:\/\/www.diarioimagen.net\/index.php?rest_route=%2Fwp%2Fv2%2Fmedia&parent=426195"}],"wp:term":[{"taxonomy":"category","embeddable":true,"href":"https:\/\/www.diarioimagen.net\/index.php?rest_route=%2Fwp%2Fv2%2Fcategories&post=426195"},{"taxonomy":"post_tag","embeddable":true,"href":"https:\/\/www.diarioimagen.net\/index.php?rest_route=%2Fwp%2Fv2%2Ftags&post=426195"}],"curies":[{"name":"wp","href":"https:\/\/api.w.org\/{rel}","templated":true}]}}