{"id":426331,"date":"2019-05-07T00:07:12","date_gmt":"2019-05-07T05:07:12","guid":{"rendered":"https:\/\/www.diarioimagen.net\/?p=426331"},"modified":"2019-05-07T05:44:11","modified_gmt":"2019-05-07T10:44:11","slug":"rinde-protesta-la-mesa-directiva-del-colegio-de-abogados-del-valle-de-mexico","status":"publish","type":"post","link":"https:\/\/www.diarioimagen.net\/?p=426331","title":{"rendered":"Rinde protesta la mesa directiva del Colegio de Abogados del Valle de M\u00e9xico"},"content":{"rendered":"<ul>\n<li><strong><em>Filial Huixquilucan<\/em><\/strong><\/li>\n<\/ul>\n<p>&nbsp;<\/p>\n<div id=\"attachment_426406\" style=\"width: 470px\" class=\"wp-caption aligncenter\"><a href=\"https:\/\/www.diarioimagen.net\/?attachment_id=426406\" rel=\"attachment wp-att-426406\"><img loading=\"lazy\" decoding=\"async\" aria-describedby=\"caption-attachment-426406\" class=\"size-large wp-image-426406\" src=\"https:\/\/www.diarioimagen.net\/wp-content\/uploads\/2019\/05\/HUIXQUILUCAN-7-460x259.jpg\" alt=\"\" width=\"460\" height=\"259\" srcset=\"https:\/\/www.diarioimagen.net\/wp-content\/uploads\/2019\/05\/HUIXQUILUCAN-7-460x259.jpg 460w, https:\/\/www.diarioimagen.net\/wp-content\/uploads\/2019\/05\/HUIXQUILUCAN-7-240x135.jpg 240w, https:\/\/www.diarioimagen.net\/wp-content\/uploads\/2019\/05\/HUIXQUILUCAN-7-235x132.jpg 235w, https:\/\/www.diarioimagen.net\/wp-content\/uploads\/2019\/05\/HUIXQUILUCAN-7-202x114.jpg 202w, https:\/\/www.diarioimagen.net\/wp-content\/uploads\/2019\/05\/HUIXQUILUCAN-7-350x196.jpg 350w, https:\/\/www.diarioimagen.net\/wp-content\/uploads\/2019\/05\/HUIXQUILUCAN-7-220x123.jpg 220w, https:\/\/www.diarioimagen.net\/wp-content\/uploads\/2019\/05\/HUIXQUILUCAN-7-237x132.jpg 237w, https:\/\/www.diarioimagen.net\/wp-content\/uploads\/2019\/05\/HUIXQUILUCAN-7.jpg 480w\" sizes=\"auto, (max-width: 460px) 100vw, 460px\" \/><\/a><p id=\"caption-attachment-426406\" class=\"wp-caption-text\">Tras hacer un reconocimiento p\u00fablico a Joaqu\u00edn Rodr\u00edguez Lugo, por su trabajo de m\u00e1s de 40 a\u00f1os en el Colegio de Abogados, el alcalde Enrique \u00c1lvarez del Villar, precis\u00f3 que con la filial en Huixquilucan se tendr\u00e1n importantes avances.<\/p><\/div>\n<p>&nbsp;<\/p>\n<p><strong>Huixquilucan, Estado de M\u00e9xico<\/strong>.- \u201cLa abogac\u00eda es mucho m\u00e1s que una profesi\u00f3n, es una vocaci\u00f3n de vida, por lo que los exhorto a respetar y hacer respetar la dignidad de los juristas\u201d, asegur\u00f3 el presidente municipal, Enrique Vargas del Villar, durante la toma de protesta del Colegio de Abogados del Valle de M\u00e9xico A.C, filial Huixquilucan.<\/p>\n<p>Acompa\u00f1ado por el magistrado Sergio Javier Medina Pe\u00f1aloza, presidente del Tribunal Superior de Justicia del Estado de M\u00e9xico y H\u00e9ctor C\u00e9sar Guti\u00e9rrez Cedillo, presidente de la filial local del Colegio de Abogados del Valle de M\u00e9xico, el edil les reiter\u00f3 que cuentan con su apoyo y el del gobierno municipal para trabajar en beneficio de los mexiquenses.<\/p>\n<p>Vargas del Villar mencion\u00f3 que con esta coordinaci\u00f3n se podr\u00e1 brindar certeza jur\u00eddica a los ciudadanos que tanto lo necesitan.<\/p>\n<p>Tras hacer un reconocimiento p\u00fablico a Joaqu\u00edn Rodr\u00edguez Lugo, por su trabajo de m\u00e1s de 40 a\u00f1os en el Colegio de Abogados, el Presidente Municipal, precis\u00f3 que con la filial en Huixquilucan se tendr\u00e1n importantes avances en esta materia.<\/p>\n<p>Asimismo, refrend\u00f3 el respaldo a las decisiones del Poder Judicial del Estado de M\u00e9xico, por parte de los alcaldes emanados de Acci\u00f3n Nacional.<\/p>\n","protected":false},"excerpt":{"rendered":"<p>\u201cLa abogac\u00eda es mucho m\u00e1s que una profesi\u00f3n, es una vocaci\u00f3n de vida, por lo que los exhorto a respetar y hacer respetar la dignidad de los juristas\u201d, asegur\u00f3 el presidente municipal, Enrique Vargas del Villar, durante la toma de protesta del Colegio de Abogados del Valle de M\u00e9xico A.C, filial Huixquilucan.<\/p>\n","protected":false},"author":3,"featured_media":426406,"comment_status":"open","ping_status":"open","sticky":false,"template":"","format":"standard","meta":{"_monsterinsights_skip_tracking":false,"_monsterinsights_sitenote_active":false,"_monsterinsights_sitenote_note":"","_monsterinsights_sitenote_category":0,"footnotes":""},"categories":[35155],"tags":[85062,43675,1097],"class_list":["post-426331","post","type-post","status-publish","format-standard","has-post-thumbnail","hentry","category-estado-de-mexico-estado-de-mexico","tag-colegio-de-abogados","tag-estado-de-mexico","tag-huixquilucan"],"_links":{"self":[{"href":"https:\/\/www.diarioimagen.net\/index.php?rest_route=\/wp\/v2\/posts\/426331","targetHints":{"allow":["GET"]}}],"collection":[{"href":"https:\/\/www.diarioimagen.net\/index.php?rest_route=\/wp\/v2\/posts"}],"about":[{"href":"https:\/\/www.diarioimagen.net\/index.php?rest_route=\/wp\/v2\/types\/post"}],"author":[{"embeddable":true,"href":"https:\/\/www.diarioimagen.net\/index.php?rest_route=\/wp\/v2\/users\/3"}],"replies":[{"embeddable":true,"href":"https:\/\/www.diarioimagen.net\/index.php?rest_route=%2Fwp%2Fv2%2Fcomments&post=426331"}],"version-history":[{"count":0,"href":"https:\/\/www.diarioimagen.net\/index.php?rest_route=\/wp\/v2\/posts\/426331\/revisions"}],"wp:featuredmedia":[{"embeddable":true,"href":"https:\/\/www.diarioimagen.net\/index.php?rest_route=\/wp\/v2\/media\/426406"}],"wp:attachment":[{"href":"https:\/\/www.diarioimagen.net\/index.php?rest_route=%2Fwp%2Fv2%2Fmedia&parent=426331"}],"wp:term":[{"taxonomy":"category","embeddable":true,"href":"https:\/\/www.diarioimagen.net\/index.php?rest_route=%2Fwp%2Fv2%2Fcategories&post=426331"},{"taxonomy":"post_tag","embeddable":true,"href":"https:\/\/www.diarioimagen.net\/index.php?rest_route=%2Fwp%2Fv2%2Ftags&post=426331"}],"curies":[{"name":"wp","href":"https:\/\/api.w.org\/{rel}","templated":true}]}}