{"id":426333,"date":"2019-05-07T00:06:50","date_gmt":"2019-05-07T05:06:50","guid":{"rendered":"https:\/\/www.diarioimagen.net\/?p=426333"},"modified":"2019-05-07T05:45:02","modified_gmt":"2019-05-07T10:45:02","slug":"en-naucalpan-continuan-los-festejos-en-favor-de-la-ninez","status":"publish","type":"post","link":"https:\/\/www.diarioimagen.net\/?p=426333","title":{"rendered":"En Naucalpan contin\u00faan los festejos en favor de la ni\u00f1ez"},"content":{"rendered":"<p><a href=\"https:\/\/www.diarioimagen.net\/?attachment_id=426409\" rel=\"attachment wp-att-426409\"><img loading=\"lazy\" decoding=\"async\" class=\"aligncenter size-large wp-image-426409\" src=\"https:\/\/www.diarioimagen.net\/wp-content\/uploads\/2019\/05\/NAUCALPAN-7-460x259.jpg\" alt=\"\" width=\"460\" height=\"259\" srcset=\"https:\/\/www.diarioimagen.net\/wp-content\/uploads\/2019\/05\/NAUCALPAN-7-460x259.jpg 460w, https:\/\/www.diarioimagen.net\/wp-content\/uploads\/2019\/05\/NAUCALPAN-7-240x135.jpg 240w, https:\/\/www.diarioimagen.net\/wp-content\/uploads\/2019\/05\/NAUCALPAN-7-235x132.jpg 235w, https:\/\/www.diarioimagen.net\/wp-content\/uploads\/2019\/05\/NAUCALPAN-7-202x114.jpg 202w, https:\/\/www.diarioimagen.net\/wp-content\/uploads\/2019\/05\/NAUCALPAN-7-350x196.jpg 350w, https:\/\/www.diarioimagen.net\/wp-content\/uploads\/2019\/05\/NAUCALPAN-7-220x123.jpg 220w, https:\/\/www.diarioimagen.net\/wp-content\/uploads\/2019\/05\/NAUCALPAN-7-237x132.jpg 237w, https:\/\/www.diarioimagen.net\/wp-content\/uploads\/2019\/05\/NAUCALPAN-7.jpg 480w\" sizes=\"auto, (max-width: 460px) 100vw, 460px\" \/><\/a><\/p>\n<p>&nbsp;<\/p>\n<p><strong>Naucalpan, Estado de M\u00e9xico<\/strong><strong>.-<\/strong> Gustavo Parra S\u00e1nchez, titular de la secretaria de organizaci\u00f3n del comit\u00e9 municipal del PRI, contin\u00faa realizando eventos para festejar a los ni\u00f1os en su d\u00eda en varias colonias de esta localidad y en apoyo a las familias de escasos recursos econ\u00f3micos.<\/p>\n<p>En los festejos el responsable de esta secretar\u00eda, observ\u00f3 que la ni\u00f1ez debe respetar a sus padres y ponerle mayor empe\u00f1o y dedicaci\u00f3n al estudio, ya que se sabe es el \u00fanico camino para la superaci\u00f3n y lograr un mejor sistema de vida.<\/p>\n","protected":false},"excerpt":{"rendered":"<p>Gustavo Parra S\u00e1nchez, titular de la secretaria de organizaci\u00f3n del comit\u00e9 municipal del PRI, contin\u00faa realizando eventos para festejar a los ni\u00f1os en su d\u00eda en varias colonias de esta localidad y en apoyo a las familias de escasos recursos econ\u00f3micos.<\/p>\n","protected":false},"author":3,"featured_media":426409,"comment_status":"open","ping_status":"open","sticky":false,"template":"","format":"standard","meta":{"_monsterinsights_skip_tracking":false,"_monsterinsights_sitenote_active":false,"_monsterinsights_sitenote_note":"","_monsterinsights_sitenote_category":0,"footnotes":""},"categories":[35155],"tags":[43675,20602,970,26932],"class_list":["post-426333","post","type-post","status-publish","format-standard","has-post-thumbnail","hentry","category-estado-de-mexico-estado-de-mexico","tag-estado-de-mexico","tag-festejo","tag-naucalpan","tag-ninez"],"_links":{"self":[{"href":"https:\/\/www.diarioimagen.net\/index.php?rest_route=\/wp\/v2\/posts\/426333","targetHints":{"allow":["GET"]}}],"collection":[{"href":"https:\/\/www.diarioimagen.net\/index.php?rest_route=\/wp\/v2\/posts"}],"about":[{"href":"https:\/\/www.diarioimagen.net\/index.php?rest_route=\/wp\/v2\/types\/post"}],"author":[{"embeddable":true,"href":"https:\/\/www.diarioimagen.net\/index.php?rest_route=\/wp\/v2\/users\/3"}],"replies":[{"embeddable":true,"href":"https:\/\/www.diarioimagen.net\/index.php?rest_route=%2Fwp%2Fv2%2Fcomments&post=426333"}],"version-history":[{"count":0,"href":"https:\/\/www.diarioimagen.net\/index.php?rest_route=\/wp\/v2\/posts\/426333\/revisions"}],"wp:featuredmedia":[{"embeddable":true,"href":"https:\/\/www.diarioimagen.net\/index.php?rest_route=\/wp\/v2\/media\/426409"}],"wp:attachment":[{"href":"https:\/\/www.diarioimagen.net\/index.php?rest_route=%2Fwp%2Fv2%2Fmedia&parent=426333"}],"wp:term":[{"taxonomy":"category","embeddable":true,"href":"https:\/\/www.diarioimagen.net\/index.php?rest_route=%2Fwp%2Fv2%2Fcategories&post=426333"},{"taxonomy":"post_tag","embeddable":true,"href":"https:\/\/www.diarioimagen.net\/index.php?rest_route=%2Fwp%2Fv2%2Ftags&post=426333"}],"curies":[{"name":"wp","href":"https:\/\/api.w.org\/{rel}","templated":true}]}}