{"id":426362,"date":"2019-05-07T00:01:07","date_gmt":"2019-05-07T05:01:07","guid":{"rendered":"https:\/\/www.diarioimagen.net\/?p=426362"},"modified":"2019-05-08T00:19:47","modified_gmt":"2019-05-08T05:19:47","slug":"popularidad-de-lopez-obrador-sigue-a-la-baja","status":"publish","type":"post","link":"https:\/\/www.diarioimagen.net\/?p=426362","title":{"rendered":"Popularidad de L\u00f3pez Obrador sigue a la baja"},"content":{"rendered":"<h2>La Retaguardia<\/h2>\n<h5>Adriana Moreno Cordero<\/h5>\n<p>&nbsp;<\/p>\n<ul>\n<li><strong><em>Con tal de tener extraordinario, Morena cede ante oposici\u00f3n<\/em><\/strong><\/li>\n<li><strong><em>PRI no es moneda de cambio: Moreno C\u00e1rdenas<\/em><\/strong><\/li>\n<\/ul>\n<p>&nbsp;<\/p>\n<p>Si bien todav\u00eda tiene un \u00edndice de aprobaci\u00f3n alto, diversas encuestadoras coinciden en que la popularidad del presidente <strong>Andr\u00e9s Manuel L\u00f3pez Obrador,<\/strong> va a la baja, en un intenso movimiento de tan solo tres meses, mientras que, por ejemplo, en Facebook, cada vez menos seguidores del tabasque\u00f1o siguen sus acostumbradas conferencias de prensa ma\u00f1aneras por una b\u00e1sica raz\u00f3n: los temas son cada vez m\u00e1s repetitivos; demasiados lugares comunes y por qu\u00e9 no decirlo, tambi\u00e9n muchas mentiras. En suma, la emoci\u00f3n se ha perdido.<\/p>\n<p>Aunque de un momento a otro, el tabasque\u00f1o diga que \u00e9l tiene otros datos, ayer, no le qued\u00f3 m\u00e1s remedio que \u201chacer de tripas coraz\u00f3n\u201d y saludar a la Marcha del Silencio que se llev\u00f3 a cabo el fin de semana no s\u00f3lo en la Ciudad de M\u00e9xico, sino en otras ciudades del pa\u00eds, en rechazo a una administraci\u00f3n que sin duda se ha caracterizado por gobernar mediante ocurrencias.<\/p>\n<p>Al respecto, L\u00f3pez Obrador dijo que no es florero de nadie. \u00a1Qu\u00e9 bueno que avisa, porque en sus giras se aprecia otra cosa muy diferente!, y no aspira a ser \u201cmonedita de oro\u201d, (\u00bfpa caerle bien a todos?).<\/p>\n<p>Es m\u00e1s, hasta agreg\u00f3 que le daba gusto, \u201cque se organizara esta manifestaci\u00f3n y ojal\u00e1 y se sigan manifestando con libertad quienes no est\u00e1n a favor del gobierno\u00bb.\u00a0 Lo que s\u00ed, es que a como van las cosas, cada vez ser\u00e1n m\u00e1s los que se manifiesten en contra, dado el grado de decepci\u00f3n y desencanto que poco a poco la llamada Cuarta Transformaci\u00f3n va generando.<\/p>\n<p>Eso s\u00ed, el Presidente utiliz\u00f3 el recurso de autovictimizarse al recordar los 18 a\u00f1os que le cost\u00f3 llegar a la presidencia de la Rep\u00fablica en los que tuvo que padecer represi\u00f3n, golpes y sufrimiento, quiz\u00e1 por eso, el tabasque\u00f1o recomend\u00f3 dar terapia a los que incurren en actos de corrupci\u00f3n.<\/p>\n<p>Bueno, como \u00e9l sufri\u00f3 tanto para llegar a donde est\u00e1 y ahora ya no sabe qu\u00e9 hacer, a lo mejor el que necesita sesiones de terapia es otro.<\/p>\n<p>Pero sin duda, el tema que m\u00e1s le apura al jefe del Ejecutivo, es que se apruebe su \u201ctan llevada y tra\u00edda\u201d reforma educativa.<\/p>\n<p>Por lo menos, el primer paso ya se dio, pues ayer, por m\u00e1s pataleos que dio la fracci\u00f3n del PAN, en voz de <strong>Dami\u00e1n Zepeda,<\/strong> que consider\u00f3 el per\u00edodo extraordinario como un \u201cmadruguete educativo\u201d, no pudo evitarlo y en la sesi\u00f3n de la Comisi\u00f3n Permanente del Congreso de la Uni\u00f3n, con 30 votos a favor, seis en contra y cero abstenciones, se aprob\u00f3 la realizaci\u00f3n del per\u00edodo extraordinario, que iniciar\u00e1 ma\u00f1ana, para ventilar\u00a0 la reforma educativa y las leyes secundarias de la Guardia Nacional.<\/p>\n<p>La amenaza de los \u201cmaestros\u201d de la Coordinadora Nacional de Trabajadores de la Educaci\u00f3n, de realizar movilizaciones y protestas, se cierne como una sombra ominosa sobre los legisladores de Morena, por eso, se vieron obligados a ceder ante la oposici\u00f3n que accedi\u00f3 a dicho per\u00edodo, pero solo si se contemplaban otros temas, adem\u00e1s del de las Leyes Secundarias de la Guardia Nacional, como la legislaci\u00f3n reglamentaria en materia de extinci\u00f3n de dominio, la reforma constitucional en materia de paridad de g\u00e9nero y la reforma en materia de personas trabajadoras del hogar.<\/p>\n<p style=\"text-align: center;\"><strong>Municiones<\/strong><\/p>\n<p>*** Para muchos, lo que sucede en el PRI, ya no importa tanto en el mundo pol\u00edtico. Sin embargo, el proceso de renovaci\u00f3n de la dirigencia, es algo digno de llamar la atenci\u00f3n, porque de eso depende su sobrevivencia.<\/p>\n<p>Resulta que en d\u00edas pasados, trascendi\u00f3 que el aspirante que por ning\u00fan motivo quiere que se lleve un m\u00e9todo de consulta abierta a la militancia, es ni m\u00e1s ni menos que Jos\u00e9 Narro Robles, lo que de inmediato caus\u00f3 reacciones encontradas en el Revolucionario Institucional.<\/p>\n<p>Los otros dos aspirantes: el gobernador de Campeche, Alejandro Moreno y la ex gobernadora de Yucat\u00e1n, Ivonne Ortega Pacheco, coincidieron en que el m\u00e9todo de consulta abierta a la militancia no era negociable.<\/p>\n<p>*** Ortega Pacheco denunci\u00f3 que cambiar el m\u00e9todo de selecci\u00f3n, era un intento de imposici\u00f3n en el PRI, mientras que el gobernador Moreno C\u00e1rdenas, fue enf\u00e1tico al se\u00f1alar que la actual dirigencia que encabeza Claudia Ruiz Massieu, no puede traicionar a la militancia y tiene que aprobar lo acordado en el Consejo tricolor, la c\u00fapula no puede seguir teniendo al partido ni como reh\u00e9n ni como moneda de cambio.<\/p>\n<p>*** Ahora s\u00ed no tienen por d\u00f3nde librarla el ex gobernador de Puebla, Mario Mar\u00edn y el empresario Kamel Nacif. Pr\u00e1cticamente a unos d\u00edas de que se lleve a cabo la elecci\u00f3n extraordinaria en Puebla y antes, &#8211;el 19 de mayo&#8211;, el debate entre los candidatos al gobierno del estado, la Interpol gir\u00f3 ficha roja en contra de ambos, acusados de tortura en contra de la periodista Lydia Cacho.<\/p>\n<p>As\u00ed lo inform\u00f3 el Fiscal General de la Rep\u00fablica, Alejandro Gertz Manero, que ya gir\u00f3 orden de aprehensi\u00f3n contra estos dos personajes en los tiempos\u00a0 en que Mar\u00edn se hizo m\u00e1s famoso por el mote del \u201cgober precioso\u201d.<\/p>\n<p>*** \u00bfQui\u00e9n entiende al presidente L\u00f3pez Obrador? En uno de los muchos temas que maneja en su \u201cma\u00f1anera\u201d, asegur\u00f3 que le llevar\u00e1 tiempo acabar con la inseguridad,\u00a0 \u201cporque nos dejaron un pa\u00eds en ruinas\u201d, cuando no hace mucho tiempo, a pregunta m\u00e1s que forzada en otra de las \u201cma\u00f1aneras\u201d, respondi\u00f3 que en seis meses terminar\u00eda con este flagelo y en la comparecencia del secretario de Seguridad P\u00fablica y Protecci\u00f3n Ciudadana, Alfonso Durazo, en el Senado de la Rep\u00fablica, explic\u00f3 ante los legisladores que le llevar\u00e1 al gobierno de la Cuarta Transformaci\u00f3n tres a\u00f1os, o sea, la mitad de la actual gesti\u00f3n, revertir este problema y hacia el final del actual sexenio, en el 2024, \u201centregar un pa\u00eds estable y en paz\u201d. \u00bfSer\u00e1?<\/p>\n<p>*** En el marco del 30 aniversario del PRD, que se llev\u00f3\u00a0 cabo el fin se amana, la Direcci\u00f3n Estatal en la Ciudad de M\u00e9xico, eligi\u00f3 a las 16 dirigencias colegiadas en las alcald\u00edas, que tienen como objetivo recuperar la CDMX.<\/p>\n<p>El nombramiento de los liderazgos estuvo a cargo de Nora Arias Contreras, Brenda Villena Guill\u00e9n, Carlos Estrada Meraz y Daniel Pacheco Santiago. Para ello, se realiz\u00f3 un proceso de an\u00e1lisis a fin de definir los mejores perfiles que encabezar\u00e1n el fortalecimiento del perredismo en todas las alcald\u00edas.<\/p>\n<p>Los dirigentes perredistas escogieron a los militantes con trayectoria y experiencia en cada demarcaci\u00f3n. De esa manera, el PRD capitalino hizo a un lado a quienes fueron desleales e impostores y que pretendieron \u201cdinamitar\u201d a nuestro partido al prestar su servicio a quienes hoy gobiernan y se dicen democr\u00e1ticos.<\/p>\n<p>Adem\u00e1s, los integrantes de la Direcci\u00f3n Estatal, encomendaron a los liderazgos en las 16 alcald\u00edas trabajar arduamente en la ruta de impulsar a nuestro partido con el prop\u00f3sito de recuperar la grandeza que lo llev\u00f3 al poder durante 21 a\u00f1os en la Ciudad de M\u00e9xico.<\/p>\n<p><a href=\"mailto:morcora@gmail.com\" target=\"_blank\" rel=\"noopener noreferrer\"><em>morcora@gmail.com<\/em><\/a><\/p>\n","protected":false},"excerpt":{"rendered":"<p><span style=\"color: #005497;\"><strong>Adriana Moreno Cordero<\/strong><\/span><\/p>\n","protected":false},"author":3,"featured_media":0,"comment_status":"open","ping_status":"open","sticky":false,"template":"","format":"standard","meta":{"_monsterinsights_skip_tracking":false,"_monsterinsights_sitenote_active":false,"_monsterinsights_sitenote_note":"","_monsterinsights_sitenote_category":0,"footnotes":""},"categories":[69370],"tags":[69369,69368,43674],"class_list":["post-426362","post","type-post","status-publish","format-standard","hentry","category-adriana-moreno-cordero","tag-adriana-moreno-cordero","tag-la-retaguardia","tag-opinion"],"_links":{"self":[{"href":"https:\/\/www.diarioimagen.net\/index.php?rest_route=\/wp\/v2\/posts\/426362","targetHints":{"allow":["GET"]}}],"collection":[{"href":"https:\/\/www.diarioimagen.net\/index.php?rest_route=\/wp\/v2\/posts"}],"about":[{"href":"https:\/\/www.diarioimagen.net\/index.php?rest_route=\/wp\/v2\/types\/post"}],"author":[{"embeddable":true,"href":"https:\/\/www.diarioimagen.net\/index.php?rest_route=\/wp\/v2\/users\/3"}],"replies":[{"embeddable":true,"href":"https:\/\/www.diarioimagen.net\/index.php?rest_route=%2Fwp%2Fv2%2Fcomments&post=426362"}],"version-history":[{"count":0,"href":"https:\/\/www.diarioimagen.net\/index.php?rest_route=\/wp\/v2\/posts\/426362\/revisions"}],"wp:attachment":[{"href":"https:\/\/www.diarioimagen.net\/index.php?rest_route=%2Fwp%2Fv2%2Fmedia&parent=426362"}],"wp:term":[{"taxonomy":"category","embeddable":true,"href":"https:\/\/www.diarioimagen.net\/index.php?rest_route=%2Fwp%2Fv2%2Fcategories&post=426362"},{"taxonomy":"post_tag","embeddable":true,"href":"https:\/\/www.diarioimagen.net\/index.php?rest_route=%2Fwp%2Fv2%2Ftags&post=426362"}],"curies":[{"name":"wp","href":"https:\/\/api.w.org\/{rel}","templated":true}]}}