{"id":426372,"date":"2019-05-07T00:05:21","date_gmt":"2019-05-07T05:05:21","guid":{"rendered":"https:\/\/www.diarioimagen.net\/?p=426372"},"modified":"2019-05-07T03:46:52","modified_gmt":"2019-05-07T08:46:52","slug":"molesta-la-transformacion-dice-amlo","status":"publish","type":"post","link":"https:\/\/www.diarioimagen.net\/?p=426372","title":{"rendered":"Molesta la transformaci\u00f3n, dice AMLO"},"content":{"rendered":"<h2>Desde el portal<\/h2>\n<h5>\u00c1ngel Soriano<\/h5>\n<p>&nbsp;<\/p>\n<p>El presidente Andr\u00e9s Manuel L\u00f3pez Obrador reconoci\u00f3 como un contrapeso propio de la democracia las marchas realizadas en 14 ciudades del pa\u00eds, cuyos participantes piden su renuncia y se manifestaron en contra de las pol\u00edticas p\u00fablicas en marcha.<\/p>\n<p>\u201cEs natural que haya inconformidades porque molesta la transformaci\u00f3n\u201d, se\u00f1al\u00f3 el presidente.<\/p>\n<p>Dijo que es bueno que se d\u00e9 este tipo de movimientos sociales, est\u00e1n en su derecho de manifestarse, dijo y los exhort\u00f3 a continuar haci\u00e9ndolas. Advirti\u00f3 que desde la campa\u00f1a electoral advirti\u00f3 que habr\u00eda un cambio de r\u00e9gimen, no de gobierno, que se escuchar\u00e1 a todos, pero preferentemente a los sectores m\u00e1s vulnerables.<\/p>\n<p>Respecto a la solicitud de que renuncie y a las cr\u00edticas hacia su gobierno, dijo que \u201cno soy monedita de oro\u201d y expres\u00f3 su respeto a los manifestantes que se expresan en un pa\u00eds libre, con pleno derecho en una democracia.<\/p>\n<p>Es normal y previsible que haya desacuerdos, que haya otras corrientes de opini\u00f3n, y qu\u00e9 bueno que lo hacen por la v\u00eda pac\u00edfica.<\/p>\n<p>Entre los manifestantes se encontraba el ex presidente Vicente Fox que concurri\u00f3 a la marcha realizada en Le\u00f3n, Guanajuato, y a trav\u00e9s de las redes sociales hizo lo propio el tambi\u00e9n ex presidente Felipe Calder\u00f3n, quien aprovech\u00f3 la presencia de los contingentes en la Ciudad de M\u00e9xico para promover a su agrupaci\u00f3n pol\u00edtica por un \u201cM\u00e9xico Libre\u201d al mismo que muchos ciudadanos rechazaron haber recibido pagos por su asistencia y se anunci\u00f3 tambi\u00e9n otra marcha el pr\u00f3ximo domingo en apoyo a AMLO.<\/p>\n<p style=\"text-align: center;\"><strong>TURBULENCIAS<br \/>\nCirug\u00eda reconstructiva <\/strong><strong>al ISSSTE<\/strong><\/p>\n<p>El ISSSTE atraviesa por un proceso emergente de cirug\u00eda reconstructiva, asegur\u00f3 su director general, Luis Antonio Ram\u00edrez Pineda, al asegurar que esa es una de las principales premisas del Presidente Andr\u00e9s Manuel L\u00f3pez Obrador, y por ello se trabaja en el rescate y reordenaci\u00f3n de la instituci\u00f3n emblem\u00e1tica de la seguridad social en M\u00e9xico.<\/p>\n<p>A\u00f1adi\u00f3 que los problemas de flujo que enfrenta el ISSSTE no significan que est\u00e9 en quiebra o que pueda caer en una moratoria en el pago de las pensiones o en retiro; con el respaldo de la Secretar\u00eda de Hacienda, la firma de convenios con gobiernos estatales e instancias regionales para la recuperaci\u00f3n de adeudos por m\u00e1s de 20 mil millones de pesos, en la actual coyuntura representan la posibilidad de una recuperaci\u00f3n acelerada y de regresar a un plano de normalidad operativa\u2026<\/p>\n<p>El gobernador Alejandro Murat Hinojosa anunci\u00f3 el decreto de cambio de denominaci\u00f3n de la Secretar\u00eda de Asuntos Ind\u00edgenas a Secretar\u00eda de Pueblos Ind\u00edgenas y Afromexicano (Sepia), publicado el pasado 27 de abril, y que ampl\u00eda las facultades de la dependencia para un mejor cumplimiento de sus objetivos.<\/p>\n<p>Destac\u00f3 que con esta reforma se actuar\u00e1 en concordancia con la denominaci\u00f3n aprobada por la ONU y con el Instituto Nacional de Pueblos Ind\u00edgenas (INPI) y la titular de la Sepia, Eufrosina Cruz Mendoza, dio a conocer la convocatoria dirigida a los habitantes de municipios en donde se hable alguna lengua ind\u00edgena para que participen en el Programa de Formadores Culturales para la Salvaguarda de las Lenguas Ind\u00edgenas \u201cLenguas Vivas 2019\u201d que transmitir\u00e1 el sentido de pertenencia e identidad que caracteriza a los pueblos y comunidades ind\u00edgenas, adem\u00e1s de salvaguardar las lenguas ixcateca, chocholteca, zoque y amuzgo, que est\u00e1n en riesgo de desaparici\u00f3n, al tiempo que se revalorar\u00e1n y fortalecer\u00e1n las lenguas restantes\u2026Por primera ocasi\u00f3n, la Facultad de Medicina de la Universidad Aut\u00f3noma del Estado de M\u00e9xico fue sede de la Reuni\u00f3n de Oficiales Nacionales de la Asociaci\u00f3n Mexicana de M\u00e9dicos en Formaci\u00f3n (AMMEF), la agrupaci\u00f3n en su tipo m\u00e1s grande y representativa del pa\u00eds, con reconocimiento por parte de la Organizaci\u00f3n de las Naciones Unidas (ONU) y la Organizaci\u00f3n Mundial de la Salud (OMS)\u2026<\/p>\n<p><em><a href=\"mailto:asorianocarrasco@yahoo.com\" target=\"_blank\" rel=\"noopener noreferrer\">asorianocarrasco@yahoo.com<\/a><br \/>\n<a href=\"https:\/\/twitter.com\/brecharevista\" target=\"_blank\" rel=\"noopener noreferrer\">@BrechaRevista<\/a><a href=\"mailto:asorianocarrasco@yahoo.com\" target=\"_blank\" rel=\"noopener noreferrer\"><br \/>\n<\/a><a href=\"https:\/\/revistabrecha.com\" target=\"_blank\" rel=\"noopener noreferrer\">www.revistabrecha.com<\/a><\/em><\/p>\n","protected":false},"excerpt":{"rendered":"<p><span style=\"color: #005497;\"><strong>\u00c1ngel Soriano<\/strong><\/span><\/p>\n","protected":false},"author":3,"featured_media":0,"comment_status":"open","ping_status":"open","sticky":false,"template":"","format":"standard","meta":{"_monsterinsights_skip_tracking":false,"_monsterinsights_sitenote_active":false,"_monsterinsights_sitenote_note":"","_monsterinsights_sitenote_category":0,"footnotes":""},"categories":[135],"tags":[85,86,43674],"class_list":["post-426372","post","type-post","status-publish","format-standard","hentry","category-angel-soriano-opinion","tag-angel-soriano","tag-desde-el-portal","tag-opinion"],"_links":{"self":[{"href":"https:\/\/www.diarioimagen.net\/index.php?rest_route=\/wp\/v2\/posts\/426372","targetHints":{"allow":["GET"]}}],"collection":[{"href":"https:\/\/www.diarioimagen.net\/index.php?rest_route=\/wp\/v2\/posts"}],"about":[{"href":"https:\/\/www.diarioimagen.net\/index.php?rest_route=\/wp\/v2\/types\/post"}],"author":[{"embeddable":true,"href":"https:\/\/www.diarioimagen.net\/index.php?rest_route=\/wp\/v2\/users\/3"}],"replies":[{"embeddable":true,"href":"https:\/\/www.diarioimagen.net\/index.php?rest_route=%2Fwp%2Fv2%2Fcomments&post=426372"}],"version-history":[{"count":0,"href":"https:\/\/www.diarioimagen.net\/index.php?rest_route=\/wp\/v2\/posts\/426372\/revisions"}],"wp:attachment":[{"href":"https:\/\/www.diarioimagen.net\/index.php?rest_route=%2Fwp%2Fv2%2Fmedia&parent=426372"}],"wp:term":[{"taxonomy":"category","embeddable":true,"href":"https:\/\/www.diarioimagen.net\/index.php?rest_route=%2Fwp%2Fv2%2Fcategories&post=426372"},{"taxonomy":"post_tag","embeddable":true,"href":"https:\/\/www.diarioimagen.net\/index.php?rest_route=%2Fwp%2Fv2%2Ftags&post=426372"}],"curies":[{"name":"wp","href":"https:\/\/api.w.org\/{rel}","templated":true}]}}