{"id":426387,"date":"2019-05-07T00:10:34","date_gmt":"2019-05-07T05:10:34","guid":{"rendered":"https:\/\/www.diarioimagen.net\/?p=426387"},"modified":"2019-05-07T07:06:22","modified_gmt":"2019-05-07T12:06:22","slug":"pemex-lo-unico-que-ya-preserva-a-mexico","status":"publish","type":"post","link":"https:\/\/www.diarioimagen.net\/?p=426387","title":{"rendered":"Pemex, lo \u00fanico que ya preserva a M\u00e9xico"},"content":{"rendered":"<h2>\u00cdndice pol\u00edtico<\/h2>\n<h5>Francisco Rodr\u00edguez<\/h5>\n<p>&nbsp;<\/p>\n<div id=\"attachment_426430\" style=\"width: 470px\" class=\"wp-caption aligncenter\"><a href=\"https:\/\/www.diarioimagen.net\/?attachment_id=426430\" rel=\"attachment wp-att-426430\"><img loading=\"lazy\" decoding=\"async\" aria-describedby=\"caption-attachment-426430\" class=\"size-large wp-image-426430\" src=\"https:\/\/www.diarioimagen.net\/wp-content\/uploads\/2019\/05\/vengativo-MARAL-460x342.jpg\" alt=\"\" width=\"460\" height=\"342\" srcset=\"https:\/\/www.diarioimagen.net\/wp-content\/uploads\/2019\/05\/vengativo-MARAL-460x342.jpg 460w, https:\/\/www.diarioimagen.net\/wp-content\/uploads\/2019\/05\/vengativo-MARAL-240x178.jpg 240w, https:\/\/www.diarioimagen.net\/wp-content\/uploads\/2019\/05\/vengativo-MARAL-768x571.jpg 768w, https:\/\/www.diarioimagen.net\/wp-content\/uploads\/2019\/05\/vengativo-MARAL.jpg 1200w\" sizes=\"auto, (max-width: 460px) 100vw, 460px\" \/><\/a><p id=\"caption-attachment-426430\" class=\"wp-caption-text\">Vengativo&#8230; | Maral<\/p><\/div>\n<p>&nbsp;<\/p>\n<p>\u00bfQu\u00e9 proyecto respalda la viabilidad econ\u00f3mica de nuestro pa\u00eds? Si est\u00e1 en marcha un proceso de regeneraci\u00f3n democr\u00e1tica, \u00bfcu\u00e1les son los recursos propios o ajenos para concretarlo? Si no hay pa\u00eds soberano, \u00bfde cu\u00e1l transici\u00f3n se habla? Debemos intentar una reflexi\u00f3n ahora que todav\u00eda hay tiempo.<\/p>\n<p>Si es un hecho el fracaso del modelo exportador sustentado en las maquiladoras. Si no hay protecci\u00f3n posible para el mercado interno ni para el productor nacional. Si la invasi\u00f3n de productos agropecuarios, manufacturados, industriales y tecnol\u00f3gicos extranjeros, gracias a una demencial apertura, arrasar\u00e1n con el pa\u00eds, cabe la pregunta: \u00bfcu\u00e1l es el pa\u00eds en regeneraci\u00f3n o transformaci\u00f3n?<\/p>\n<p>Ya no debemos hablar de un futuro protectorado maquilador, en el que estamos metidos desde los ochentas del siglo anterior, cuando hasta las m\u00e1quinas est\u00e1n abandonando nuestra frontera norte, su santuario favorito en cincuenta a\u00f1os, y se recorren inexorablemente hacia el sur planetario, buscando y encontrando mano de obra m\u00e1s barata y disciplinada&#8230;&#8230; ni creo tenemos derecho a arrogarnos el campeonato de la sumisi\u00f3n pol\u00edtica para esperar un protectorado a secas tipo Puerto Rico, como el que quisieran los abajo firmantes del discurso contra el odio, oponi\u00e9ndose al ingreso al gobierno de intelectuales de verdad. Hasta esa oportunidad ya se les pas\u00f3.<\/p>\n<p>Cuando Shelton propuso que fu\u00e9ramos maquiladoras de maquiladoras, y se integraran al proceso productivo de ensamblaje productos terminados nacionales, fuimos bateados en toda la l\u00ednea, igual que cuando se plante\u00f3 se abrieran las carteras a la inversi\u00f3n europea y asi\u00e1tica para aprovechar maquilar en nuestro territorio y exportar aprovechando las ventajas de tres mil kil\u00f3metros de franja fronteriza con el mayor mercado de consumidores americanos. El modelo del pleno empleo que se propon\u00eda fue rechazado por los aterrados yanquis, por dos razones:<\/p>\n<p>Primero, porque supon\u00eda el desbordamiento de los cauces tradicionales de los pr\u00e9stamos atados a nuestra econom\u00eda y la posibilidad de respirar un aire de mayor libertad con empresarios de otro jaez y de otros principios m\u00e1s laxos. Nuestro pasado colonial deb\u00eda seguir atado a la suerte de Washington.<\/p>\n<p>Segundo, porque asesores en seguridad nacional del gabacho, encabezados por Zbigniew Brzezinski, el asilado inc\u00f3modo, pariente de Henry Kissinger, opinaron que los t\u00e9rminos del condicionamiento eran \u00e9sos y no quer\u00edan \u201c que les creciera otro Jap\u00f3n en la frontera sur\u201d. El miedo no andaba en burro.<\/p>\n<p>Era tal el espanto que provoc\u00f3 la sola idea, en los ochentas, de tener capitales asi\u00e1ticos a 200 kil\u00f3metros de la frontera norte, que hasta la fecha prevalece el condicionamiento de que todo va bien mientras eso no vuelva a suceder. Ante la sola menci\u00f3n de que habr\u00eda capitales chinos en el Tren Maya&#8230;&#8230; sonaron en alto las alarmas en Nueva York y el yerno de Trump intervino para recordar en casa de un funcionario de Televisa que ese horror no podr\u00eda permitirse. Tuvo que entrar al juego el CEO de BlackRock, Larry Fink, para poner su nombre en garant\u00eda de que no deb\u00eda pasar. Esos son los t\u00e9rminos actuales del conflicto.<\/p>\n<p>El origen de esa hipoteca es tal que s\u00f3lo se refiere a quien, responsabilizado de los apagones en Venezuela, es el \u00fanico gancho del que est\u00e1n colgadas todas las negociaciones de estabilidad y gobernabilidad que hasta ahora se avizoran.<\/p>\n<p>O nos asumimos como capataces o seguimos siendo palafreneros de los due\u00f1os de ese negocio llamado M\u00e9xico. Son los t\u00e9rminos incondicionales de la rendici\u00f3n. Nosotros debemos pugnar porque en el Congreso, en los gobiernos estatales y en los partidos haya una franca actitud de abierta defensa a los intereses nacionales que nos quedan.<\/p>\n<p>Por el lado del debate ideol\u00f3gico, en la mesa de discusiones se plantea una alternativa que, por donde se le mire, es autoritaria para los sistemas pol\u00edticos: continuar apoyando el desarrollo sobre los tradicionales aliados corporativos del pasado\u200e inmediato, tipo keynesiano o soportarlo sobre las bases que en otras latitudes apoyan a los sistemas liberales, neoliberales o de la nueva derecha (grupos empresariales, clericales y militares) como en la Cuenca del Pac\u00edfico y la misma China, la enorme potencia del siglo.<\/p>\n<p>M\u00e9xico est\u00e1 obligado a destrabar esta disyuntiva por muchos factores: su ubicaci\u00f3n geoestrat\u00e9gica con relaci\u00f3n al mancom\u00fan norteamericano, la despolitizaci\u00f3n de algunas franjas de poblaci\u00f3n, la penetraci\u00f3n internacional que ha distorsionado el contenido de comunicaci\u00f3n con sus bases el agotamiento de los modelos reivindicadores del proyecto constitucional original, la p\u00e9rdida de los valores que descansaron en la tradici\u00f3n hist\u00f3rica, ideol\u00f3gica y cultural, la p\u00e9rdida de respeto hacia el esquema de divisi\u00f3n de poderes, el deterioro del empleo y del salario real una econom\u00eda desquiciada, notoria ausencia de definiciones en las \u00e1reas jur\u00eddicas, econ\u00f3micas y pol\u00edticas de la intervenci\u00f3n estatal, y en fin, el obligado tr\u00e1nsito de una sociedad tradicional m\u00e1s o menos urbanizada, hacia una sociedad que desea ser moderna en sus objetivos, pero que carece de equipos compactos para llevarlo a cabo.<\/p>\n<p>Se necesita dinero fresco, se necesita reactivar la econom\u00eda, se necesita reducir el servicio de la deuda, volver eficientes los esquemas de recaudaci\u00f3n, inspirar confianza en el futuro inmediato, recuperar las enormes deudas fiscales que tienen los capitostes beneficiados con la complicidad del salinismo-atracomulquismo, etc.<\/p>\n<p>Para hablar claro, hay que actuar m\u00e1s claro. Porque la lengua larga corresponde a colas limpias. Para se\u00f1alar el camino por el que se ha de transitar, primero hay que hacerlo respetar. Indicar claramente que los costos de esto pasan primero por la aplicaci\u00f3n de la justicia a quienes se han burlado del Estado y de los ciudadanos.<\/p>\n<p>Porque si no, tendremos que aguantar\u00a0<em>ad infinitum<\/em>\u00a0los reclamos del\u00a0<em>\u00c1ngel de la Dependencia<\/em>, Gurr\u00eda Trevi\u00f1o, el traidor, que venga en nombre de los nefastos de la OCDE a rega\u00f1arnos porque estamos invirtiendo en lo \u00fanico que nos queda: Pemex, dizque porque hacemos peligrar a M\u00e9xico.<\/p>\n<p>\u00bfPemex es otro peligro para M\u00e9xico? \u00bfHasta cu\u00e1ndo tendremos que aguantar esto?<\/p>\n<p>\u00bfY los colaboradores del nuevo r\u00e9gimen se quedan callados?\u200e \u00bfNadie responde por M\u00e9xico? \u00bfSeguimos siendo los condenados de la Tierra?<\/p>\n<p>Pemex es la \u00fanica opci\u00f3n, que quede claro. Pero primero hay que limpiar los establos de la paraestatal, liquidar y castigar a los corruptos l\u00edderes\u00a0<em>charros<\/em>\u00a0y caciques sindicales que medran contra el pueblo mexicano.<\/p>\n<p>Es el proyecto que nos respalda . Es la base de nuestra regeneraci\u00f3n nacional . Todo lo dem\u00e1s ya tron\u00f3. O va para all\u00e1. \u00bfNo lo podemos comprender? \u00bfNo cree usted?<\/p>\n<p><strong><em>\u00cdndice Flam\u00edgero<\/em><\/strong><em>: <\/em>Desaparici\u00f3n de las Direcciones Generales Adjuntas de la administraci\u00f3n p\u00fablica, la reducci\u00f3n en el presupuesto destinado a vi\u00e1ticos para funcionarios y el recorte en el n\u00famero de asesores, fueron medidas anunciadas la semana anterior, orientadas todas ellas a generar ahorros para transferir mayores recursos a Petr\u00f3leos Mexicanos. \u201cHemos decidido destinar todo lo ahorrado con estas medidas a incrementar los beneficios fiscales adicionales que se otorgar\u00e1n a Pemex con el objeto de fortalecer esta gran empresa estrat\u00e9gica de la naci\u00f3n\u201d, dijo Carlos Urz\u00faa Mac\u00edas, secretario de Hacienda y Cr\u00e9dito P\u00fablico, en un mensaje en el Palacio Nacional, en el que estuvo acompa\u00f1ado por Irma Er\u00e9ndira Sandoval, secretaria de la Funci\u00f3n P\u00fablica. La medida de apoyo adicional a Petr\u00f3leos Mexicanos fue anunciada un d\u00eda despu\u00e9s de que Jos\u00e9 \u00c1ngel Gurr\u00eda, secretario general de la Organizaci\u00f3n para la Cooperaci\u00f3n y el Desarrollo Econ\u00f3micos (OCDE), dijera que la deuda de la petrolera, en torno a 106 mil millones de d\u00f3lares, hace peligrar la estabilidad del pa\u00eds.<\/p>\n<p><em><u><a href=\"http:\/\/www.indicepolitico.com\" target=\"_blank\" rel=\"noopener noreferrer\">www.indicepolitico.com<\/a><br \/>\n<a href=\"mailto:pacorodriguez@journalist.com\" target=\"_blank\" rel=\"noopener noreferrer\">pacorodriguez@journalist.com<\/a><br \/>\n<a href=\"https:\/\/twitter.com\/pacorodriguez\" target=\"_blank\" rel=\"noopener noreferrer\">@pacorodriguez<\/a><\/u><\/em><\/p>\n","protected":false},"excerpt":{"rendered":"<p><span style=\"color: #005497;\"><strong>Francisco Rodr\u00edguez<\/strong><\/span><br \/>\n<br \/>\n\u00bfQu\u00e9 proyecto respalda la viabilidad econ\u00f3mica de nuestro pa\u00eds? Si est\u00e1 en marcha un proceso de regeneraci\u00f3n democr\u00e1tica, \u00bfcu\u00e1les son los recursos propios o ajenos para concretarlo? Si no hay pa\u00eds soberano, \u00bfde cu\u00e1l transici\u00f3n se habla? Debemos intentar una reflexi\u00f3n ahora que todav\u00eda hay tiempo.<\/p>\n","protected":false},"author":3,"featured_media":426430,"comment_status":"open","ping_status":"open","sticky":false,"template":"","format":"standard","meta":{"_monsterinsights_skip_tracking":false,"_monsterinsights_sitenote_active":false,"_monsterinsights_sitenote_note":"","_monsterinsights_sitenote_category":0,"footnotes":""},"categories":[549],"tags":[43689,550,43674],"class_list":["post-426387","post","type-post","status-publish","format-standard","has-post-thumbnail","hentry","category-francisco-rodriguez","tag-francisco-rodriguez","tag-indice-politico","tag-opinion"],"_links":{"self":[{"href":"https:\/\/www.diarioimagen.net\/index.php?rest_route=\/wp\/v2\/posts\/426387","targetHints":{"allow":["GET"]}}],"collection":[{"href":"https:\/\/www.diarioimagen.net\/index.php?rest_route=\/wp\/v2\/posts"}],"about":[{"href":"https:\/\/www.diarioimagen.net\/index.php?rest_route=\/wp\/v2\/types\/post"}],"author":[{"embeddable":true,"href":"https:\/\/www.diarioimagen.net\/index.php?rest_route=\/wp\/v2\/users\/3"}],"replies":[{"embeddable":true,"href":"https:\/\/www.diarioimagen.net\/index.php?rest_route=%2Fwp%2Fv2%2Fcomments&post=426387"}],"version-history":[{"count":0,"href":"https:\/\/www.diarioimagen.net\/index.php?rest_route=\/wp\/v2\/posts\/426387\/revisions"}],"wp:featuredmedia":[{"embeddable":true,"href":"https:\/\/www.diarioimagen.net\/index.php?rest_route=\/wp\/v2\/media\/426430"}],"wp:attachment":[{"href":"https:\/\/www.diarioimagen.net\/index.php?rest_route=%2Fwp%2Fv2%2Fmedia&parent=426387"}],"wp:term":[{"taxonomy":"category","embeddable":true,"href":"https:\/\/www.diarioimagen.net\/index.php?rest_route=%2Fwp%2Fv2%2Fcategories&post=426387"},{"taxonomy":"post_tag","embeddable":true,"href":"https:\/\/www.diarioimagen.net\/index.php?rest_route=%2Fwp%2Fv2%2Ftags&post=426387"}],"curies":[{"name":"wp","href":"https:\/\/api.w.org\/{rel}","templated":true}]}}