{"id":426524,"date":"2019-05-08T00:11:13","date_gmt":"2019-05-08T05:11:13","guid":{"rendered":"https:\/\/www.diarioimagen.net\/?p=426524"},"modified":"2019-05-09T00:11:35","modified_gmt":"2019-05-09T05:11:35","slug":"senado-y-diputados-seran-el-centro-de-la-atencion","status":"publish","type":"post","link":"https:\/\/www.diarioimagen.net\/?p=426524","title":{"rendered":"Senado y Diputados ser\u00e1n el centro de la atenci\u00f3n"},"content":{"rendered":"<h2>Tras la puerta del poder<\/h2>\n<h5>Roberto Vizca\u00edno<\/h5>\n<p>&nbsp;<\/p>\n<div id=\"attachment_426532\" style=\"width: 470px\" class=\"wp-caption aligncenter\"><a href=\"https:\/\/www.diarioimagen.net\/?attachment_id=426532\" rel=\"attachment wp-att-426532\"><img loading=\"lazy\" decoding=\"async\" aria-describedby=\"caption-attachment-426532\" class=\"size-large wp-image-426532\" src=\"https:\/\/www.diarioimagen.net\/wp-content\/uploads\/2019\/05\/sin-resultados-LUIS-XAVIER-8-460x353.jpg\" alt=\"\" width=\"460\" height=\"353\" srcset=\"https:\/\/www.diarioimagen.net\/wp-content\/uploads\/2019\/05\/sin-resultados-LUIS-XAVIER-8-460x353.jpg 460w, https:\/\/www.diarioimagen.net\/wp-content\/uploads\/2019\/05\/sin-resultados-LUIS-XAVIER-8-240x184.jpg 240w, https:\/\/www.diarioimagen.net\/wp-content\/uploads\/2019\/05\/sin-resultados-LUIS-XAVIER-8-768x589.jpg 768w, https:\/\/www.diarioimagen.net\/wp-content\/uploads\/2019\/05\/sin-resultados-LUIS-XAVIER-8.jpg 1200w\" sizes=\"auto, (max-width: 460px) 100vw, 460px\" \/><\/a><p id=\"caption-attachment-426532\" class=\"wp-caption-text\">Sin resultados&#8230; | Luis Xavier<\/p><\/div>\n<p>&nbsp;<\/p>\n<p>Luego de que 3 senadores de Morena &#8211;entre ellos<strong> Salom\u00f3n Jara<\/strong>, vocero de la fracci\u00f3n mayoritaria&#8211;, se ausentaron e hicieron perder por 1 voto la aprobaci\u00f3n de la reforma educativa, <strong>Ricardo Monreal <\/strong>aprovech\u00f3 el error para no s\u00f3lo rectificar el rumbo sino para adem\u00e1s sacar adelante otros pendientes importantes.<\/p>\n<p>Es as\u00ed que mientras otros senadores y diputados hac\u00edan maletas para irse de vacaciones a sus para\u00edsos, el zacatecano negoci\u00f3 y acord\u00f3 con los otros coordinadores un r\u00e1pido extraordinario que arranca hoy sin fecha exacta de clausura para adem\u00e1s discutir y aprobar no s\u00f3lo la controvertida reforma educativa, sino la normas secundarias que dar\u00e1n operatividad a la Guardia Nacional, la Ley de Extinci\u00f3n de Dominio, la Ley del Instituto de Aseguramiento de Bienes, la reforma constitucional sobre Paridad de G\u00e9nero y las adecuaciones al tema de las y los trabajadores dom\u00e9sticos en la Ley Federal del Trabajo.<\/p>\n<p>\u00a1\u00a1Ufff!!<\/p>\n<p>L\u00e1stima para aquellos senadores y diputados que ya se ve\u00edan panza arriba con chela en mano y bajo el sol caribe\u00f1o, o del Pac\u00edfico.<\/p>\n<p><strong>Ricardo Monreal,<\/strong> presidente de la Junta de Coordinaci\u00f3n Pol\u00edtica del Senado consider\u00f3 que este primer periodo extraordinario (porque tiene previsto un segundo extraordinario), bien podr\u00eda durar hasta el viernes 17 de mayo.<\/p>\n<p>Record\u00f3 que adem\u00e1s de los temas que se abordar\u00e1n en este extraordinario quedan <strong>pendientes<\/strong> lo del Fuero, la Consulta Popular, la Revocaci\u00f3n de Mandato, la Ley de Confianza ciudadana y la de Austeridad Republicana.<\/p>\n<p>Estos \u00faltimos, explic\u00f3, son los que faltar\u00edan tramitar para agotar todos los temas de la agenda legislativa prioritaria que se trazaron hace ocho meses.<\/p>\n<p>Eso hace necesario, dijo, volver a convocar otro <strong>periodo extraordinario<\/strong> para revisar estos temas.<\/p>\n<p>En lo que corresponde a la Guardia Nacional, el an\u00e1lisis de la Ley General del Uso de la Fuerza y la Ley General del Registro de Detenciones todo est\u00e1 ya muy avanzado, se\u00f1al\u00f3.<\/p>\n<p>Las cosas se han atorado en el an\u00e1lisis de la Ley Org\u00e1nica de ese nuevo cuerpo de seguridad.<\/p>\n<p>En ese grupo tambi\u00e9n estar\u00e1 la Ley General del Sistema Nacional de Seguridad P\u00fablica.<\/p>\n<p>Consider\u00f3 que no habr\u00eda raz\u00f3n para que la ley secundaria de la Guardia Nacional no estuviera aprobada antes del 25 de mayo.<\/p>\n<p>Hoy el extraordinario iniciar\u00e1 en San L\u00e1zaro con el debate sobre la reforma educativa que fue devuelta por el Senado.<\/p>\n<p style=\"text-align: center;\"><strong>Monreal, sin respiro<\/strong><\/p>\n<p>En medio de todo este traj\u00edn legislativo, el coordinador de la mayor\u00eda de Morena en el Senado, se dio tiempo para el fin de la semana ir a hacer campa\u00f1a a Aguascalientes por el candidato de Morena a alcalde.<\/p>\n<p>Y de regreso se reuni\u00f3 con integrantes del gobierno federal y representantes de grupos parlamentarios con quienes, y durante casi 3 horas, analiz\u00f3 los temas del extraordinario de sesiones.<\/p>\n<p>El zacatecano calific\u00f3 como inmejorable el ambiente entre los grupos parlamentarios para lograr acuerdos.<\/p>\n<p>Al encuentro acudieron: por el PAN, <strong>Dami\u00e1n Zepeda Vidales<\/strong>; por Movimiento Ciudadano, <strong>Dante Delgado<\/strong> as\u00ed como un representante del PRI.<\/p>\n<p>Por parte del gobierno federal asistieron: el subsecretario de Gobernaci\u00f3n, <strong>Zo\u00e9 Robledo; Jorge Alcocer,<\/strong> coordinador de asesores de la Secretar\u00eda de Gobernaci\u00f3n; <strong>Jos\u00e9 Luis V\u00e1zquez,<\/strong> representante de Consejer\u00eda Jur\u00eddica de la Presidencia de la Rep\u00fablica; y <strong>Bertha Alcalde Luj\u00e1n<\/strong>, directora general de Apoyo Jur\u00eddico de la Secretar\u00eda de Seguridad y Protecci\u00f3n Ciudadana (SSPC).<\/p>\n<p><strong>Ante el grupo Monreal<\/strong> destac\u00f3 que van muy avanzadas las pl\u00e1ticas sobre la Ley General del Uso de la Fuerza y la Ley General del Registro de Detenciones.<\/p>\n<p>\u201cNos hemos detenido m\u00e1s en la Ley Org\u00e1nica de la Guardia Nacional\u201d, insisti\u00f3.<\/p>\n<p>De igual manera, dijo, estar\u00e1n avanzadas las cosas en la Ley de Extinci\u00f3n de Dominio, en la Ley del Instituto de Aseguramiento de Bienes; as\u00ed como en la de Paridad de G\u00e9nero, y la de Trabajadores y Trabajadoras del Hogar. Al concluir, los asistentes acordaron continuar con las mesas de trabajo para que los temas pendientes puedan ser discutidos a la brevedad en el pleno.<\/p>\n<p style=\"text-align: center;\"><strong>\u201cNi lo he pensado\u201d<\/strong><\/p>\n<p>La reacci\u00f3n del empresario neolon\u00e9s <strong>Alfonso Romo<\/strong>, hoy jefe de la Oficina de la Presidencia con <strong>Andr\u00e9s Manuel L\u00f3pez Obrador,<\/strong> fue inmediata.<\/p>\n<p>Durante la ma\u00f1ana de ayer, cuando apenas comenzaban a circular las noticias del d\u00eda anterior, los editoriales y las columnas pol\u00edticas Romo ya estaba presente en los principales y m\u00e1s influyentes espacios radiof\u00f3nicos y televisivos para negar haberle renunciado al Presidente.<\/p>\n<p>Y es que el periodista <strong>Raymundo Riva Palacio<\/strong> en su habitual columna <em>Estrictamente Personal,<\/em> entraba con el siguiente p\u00e1rrafo:<\/p>\n<p>\u201cEl maltrato del presidente Andr\u00e9s Manuel L\u00f3pez Obrador a sus colaboradores no hab\u00eda hecho crisis hasta hace unos d\u00edas, cuando el jefe de la Oficina de la Presidencia, Alfonso Romo, present\u00f3 su renuncia.<\/p>\n<p>No se la acept\u00f3, pero la herida qued\u00f3 abierta. Este episodio grita el estado de \u00e1nimo que se est\u00e1 viviendo en Palacio Nacional (aunque Romo despacha en un edificio inteligente en Los Pinos), y las dificultades internas que tiene el equipo presidencial para ayudar a gobernar a L\u00f3pez Obrador.\u00a0 El rechazo a aceptar la renuncia sofoc\u00f3 lo que habr\u00eda sido el principio de una crisis profunda, pero est\u00e1 lejos de haberse resuelto la tensi\u00f3n que se vive en los corredores palaciegos. A los problemas naturales del ejercicio del gobierno se est\u00e1n acumulando los agravios del presidente contra su propio equipo\u201d.<\/p>\n<p>En su recorrido por los medios, <strong>Romo <\/strong>no s\u00f3lo rechaz\u00f3 haber presentado la renuncia a <strong>L\u00f3pez Obrador,<\/strong> sino adem\u00e1s se dedic\u00f3 a reiterar que su relaci\u00f3n con \u00e9l era inmejorable.<\/p>\n<p>\u201cNi siquiera se me ha ocurrido\u201d, dijo respecto de su presumible dimisi\u00f3n por maltrato.<\/p>\n<p>Y de paso rechaz\u00f3 tener una mala relaci\u00f3n con <strong>Carlos Urz\u00faa,<\/strong> secretario de Hacienda, ni con nadie del gabinete.<\/p>\n<p>\u201cPodemos tener muchas diferencias, como existe en tu casa o con los compa\u00f1eros de trabajo (\u2026) son discusiones, puntos de vista (diferentes) con todos, no solo con \u00e9l\u201d, dijo.<\/p>\n<p>Y de <strong>L\u00f3pez Obrador,<\/strong> dijo:<\/p>\n<p>\u201cMe ha dado mucha libertad para poder coordinar, para poder aglutinar, principalmente el sector privado en M\u00e9xico, para poderlos enlazar y ser un puente importante con diferentes miembros del gabinete. La verdad no me puedo quejar\u201d. Una reacci\u00f3n como en la mejor \u00e9poca de otros gobiernos.<\/p>\n<p><em><u><a href=\"http:\/\/endirecto.mx\" target=\"_blank\" rel=\"noopener noreferrer\">www.endirecto.mx<\/a><br \/>\n<a href=\"https:\/\/twitter.com\/_rvizcaino\" target=\"_blank\" rel=\"noopener noreferrer\">@_RVizcaino<\/a><br \/>\n<a href=\"https:\/\/www.facebook.com\/rvizcainoa\" target=\"_blank\" rel=\"noopener noreferrer\">facebook.com\/rvizcainoa<\/a><\/u><\/em><\/p>\n","protected":false},"excerpt":{"rendered":"<p><span style=\"color: #005497;\"><strong>Roberto Vizca\u00edno<\/strong><\/span><br \/>\n<br \/>\nLuego de que 3 senadores de Morena &#8211;entre ellos<strong> Salom\u00f3n Jara<\/strong>, vocero de la fracci\u00f3n mayoritaria&#8211;, se ausentaron e hicieron perder por 1 voto la aprobaci\u00f3n de la reforma educativa, <strong>Ricardo Monreal <\/strong>aprovech\u00f3 el error para no s\u00f3lo rectificar el rumbo sino para adem\u00e1s sacar adelante otros pendientes importantes.<\/p>\n","protected":false},"author":3,"featured_media":426532,"comment_status":"open","ping_status":"open","sticky":false,"template":"","format":"standard","meta":{"_monsterinsights_skip_tracking":false,"_monsterinsights_sitenote_active":false,"_monsterinsights_sitenote_note":"","_monsterinsights_sitenote_category":0,"footnotes":""},"categories":[136],"tags":[43674,93,94],"class_list":["post-426524","post","type-post","status-publish","format-standard","has-post-thumbnail","hentry","category-roberto-vizcaino-opinion","tag-opinion","tag-roberto-vizcaino","tag-tras-la-puerta-del-poder"],"_links":{"self":[{"href":"https:\/\/www.diarioimagen.net\/index.php?rest_route=\/wp\/v2\/posts\/426524","targetHints":{"allow":["GET"]}}],"collection":[{"href":"https:\/\/www.diarioimagen.net\/index.php?rest_route=\/wp\/v2\/posts"}],"about":[{"href":"https:\/\/www.diarioimagen.net\/index.php?rest_route=\/wp\/v2\/types\/post"}],"author":[{"embeddable":true,"href":"https:\/\/www.diarioimagen.net\/index.php?rest_route=\/wp\/v2\/users\/3"}],"replies":[{"embeddable":true,"href":"https:\/\/www.diarioimagen.net\/index.php?rest_route=%2Fwp%2Fv2%2Fcomments&post=426524"}],"version-history":[{"count":0,"href":"https:\/\/www.diarioimagen.net\/index.php?rest_route=\/wp\/v2\/posts\/426524\/revisions"}],"wp:featuredmedia":[{"embeddable":true,"href":"https:\/\/www.diarioimagen.net\/index.php?rest_route=\/wp\/v2\/media\/426532"}],"wp:attachment":[{"href":"https:\/\/www.diarioimagen.net\/index.php?rest_route=%2Fwp%2Fv2%2Fmedia&parent=426524"}],"wp:term":[{"taxonomy":"category","embeddable":true,"href":"https:\/\/www.diarioimagen.net\/index.php?rest_route=%2Fwp%2Fv2%2Fcategories&post=426524"},{"taxonomy":"post_tag","embeddable":true,"href":"https:\/\/www.diarioimagen.net\/index.php?rest_route=%2Fwp%2Fv2%2Ftags&post=426524"}],"curies":[{"name":"wp","href":"https:\/\/api.w.org\/{rel}","templated":true}]}}