{"id":426554,"date":"2019-05-08T00:10:05","date_gmt":"2019-05-08T05:10:05","guid":{"rendered":"https:\/\/www.diarioimagen.net\/?p=426554"},"modified":"2019-05-08T04:39:03","modified_gmt":"2019-05-08T09:39:03","slug":"elegimos-un-nuevo-regimen-para-instalar-el-miedo","status":"publish","type":"post","link":"https:\/\/www.diarioimagen.net\/?p=426554","title":{"rendered":"\u00bfElegimos un nuevo r\u00e9gimen para instalar el miedo?"},"content":{"rendered":"<h2>\u00cdndice pol\u00edtico<\/h2>\n<h5>Francisco Rodr\u00edguez<\/h5>\n<p>&nbsp;<\/p>\n<div id=\"attachment_426604\" style=\"width: 470px\" class=\"wp-caption aligncenter\"><a href=\"https:\/\/www.diarioimagen.net\/?attachment_id=426604\" rel=\"attachment wp-att-426604\"><img loading=\"lazy\" decoding=\"async\" aria-describedby=\"caption-attachment-426604\" class=\"size-large wp-image-426604\" src=\"https:\/\/www.diarioimagen.net\/wp-content\/uploads\/2019\/05\/ni-los-veo-ni-los-oigo-MARAL-460x321.jpg\" alt=\"\" width=\"460\" height=\"321\" srcset=\"https:\/\/www.diarioimagen.net\/wp-content\/uploads\/2019\/05\/ni-los-veo-ni-los-oigo-MARAL-460x321.jpg 460w, https:\/\/www.diarioimagen.net\/wp-content\/uploads\/2019\/05\/ni-los-veo-ni-los-oigo-MARAL-240x168.jpg 240w, https:\/\/www.diarioimagen.net\/wp-content\/uploads\/2019\/05\/ni-los-veo-ni-los-oigo-MARAL-768x536.jpg 768w, https:\/\/www.diarioimagen.net\/wp-content\/uploads\/2019\/05\/ni-los-veo-ni-los-oigo-MARAL.jpg 1200w\" sizes=\"auto, (max-width: 460px) 100vw, 460px\" \/><\/a><p id=\"caption-attachment-426604\" class=\"wp-caption-text\">Ni los veo, ni los oigo&#8230; | Maral<\/p><\/div>\n<p>&nbsp;<\/p>\n<p>Hay un reposicionamiento de fuerzas en Europa, el Oriente Asi\u00e1tico, Jap\u00f3n y los\u00a0<em>Tigres del Pac\u00edfico<\/em>\u00a0y de parte de potencias emergentes como Pakist\u00e1n, India y sobre todo, China. El pensamiento monocorde que rigi\u00f3 desde los cen\u00e1culos neoyorquinos de las dinast\u00edas petroleras y acereras toca a su fin. Es tiempo de recoger varas.<\/p>\n<p>La reorganizaci\u00f3n del poder que hoy se observa era impensable hace algunos a\u00f1os. El derrumbe del Muro de Berl\u00edn fue el fin de la \u00e9poca dorada de las grandes c\u00fapulas. El hartazgo internacional es un hecho y se refleja en todos los terrenos, desde el productivo y el comercial, hasta el financiero, b\u00e9lico e industrial.<\/p>\n<p>Los pocos aliados de los imperios decimon\u00f3nicos fueron empujados por gobiernos t\u00edteres, c\u00f3mplices de las mentiras terroristas de Washington y escenificaron un triste espect\u00e1culo durante la invasi\u00f3n de Irak que nunca tuvo alg\u00fan sustento en el sentido com\u00fan.<\/p>\n<p>Son las exequias del pensamiento \u00fanico, del criterio neoliberal, del mundo globalizado. La dr\u00e1stica ca\u00edda de la producci\u00f3n industrial estadunidense \u2014la agropecuaria no, \u00e9sa est\u00e1 a cargo de mexicanos indocumentados y de una gran baraja de etnias indefensas\u2014, el desfavorable balance comercial con el exterior&#8230;&#8230;. la abrupta depreciaci\u00f3n del d\u00f3lar, las maniobras de autodefensa del Eje Par\u00eds &#8211; Berl\u00edn- Mosc\u00fa &#8211; Pek\u00edn para abandonar la divisa verde como factor de cambio y adoptar las fortalecidas monedas duras, euro, rublo, yen, yuan, en todas las transacciones de materias primas, en las transacciones petroleras y en las reservas federales de las naciones insurgentes, no augura un futuro al gusto de los Estados Unidos.<\/p>\n<p>Para abundar en la err\u00e1tica conducci\u00f3n de la econom\u00eda norteamericana, el ofertismo fiscal, la escasa afluencia de fondos de inversi\u00f3n a sus estructuras productivas, la inequitativa distribuci\u00f3n del ingreso, el doble d\u00e9ficit fiscal y financiero que abruma a ese pa\u00eds habla de lo in\u00fatil del salvajismo capitalista para solventar crisis estructurales.<\/p>\n<p>La posesi\u00f3n de oro y grandes cantidades de d\u00f3lares endeudados \u2014en manos de las econom\u00edas china, rusa y japonesa\u2014, el in\u00fatil sacrificio de los residentes de origen latino, africano y europeo en los Estados Unidos, masacrados en injustas invasiones preventivas que le han merecido el reclamo un\u00e1nime del planeta&#8230;&#8230; m\u00e1s el manejo imp\u00fadico de los recursos dom\u00e9sticos frente a los de ocupaci\u00f3n, llevan a la conclusi\u00f3n que la econom\u00eda republicana es un fraude y m\u00e1s a\u00fan: que el Imperio que conocimos anta\u00f1o se encuentra en ca\u00edda libre.<\/p>\n<p>Quedaron atr\u00e1s los d\u00edas de la soberbia, del Imperio imbatible. Hoy son los tiempos de recoger varas, lo malo es que aparte de algunos Premios Nobel de Econom\u00eda, nadie les avisa. Las almas caritativas brillan por su ausencia. Est\u00e1n ocupadas en la lucha por la sobrevivencia, por resistir los coletazos del monstruo en agon\u00eda.<\/p>\n<p>La religi\u00f3n pol\u00edtica de los WASP, la reelecci\u00f3n de Donald Trump s\u00f3lo se apoya en todas las agresiones que se le puedan hacer a los migrantes mexicanos, que lo \u00fanico que han hecho en toda su vida es luchar por el abastecimiento alimentario de los Estados Unidos y el fortalecimiento de sus cadenas agropecuarias y agroindustriales. Son los culpables de la escasa bonanza y de su sobrevivencia. \u00a1Qui\u00e9n lo dijera!<\/p>\n<p>Si Estados Unidos emergi\u00f3, despu\u00e9s de la Segunda Guerra Mundial como la potencia implacable y victoriosa a la que lleg\u00f3 a culparse de todo: de destituir gobiernos legalmente establecidos, de saquear las riquezas ajenas, de definir a placer zonas de influencia, de inyectar divisas para establecer su sistema de vida&#8230;&#8230; de imponer al Papa, de meter al Caballo de Troya \u2014el polaco Lech Walesa\u2014 para destruir el Pacto de Varsovia, de acabar con la econom\u00eda del vodka-cola, de derribar el Muro de Berl\u00edn, de dictar la nueva Guerra Fr\u00eda, y de acabar con el comunismo, hoy aparece como un gigante sin piernas, en art\u00edculo mortis.<\/p>\n<p>Ya no est\u00e1 el horno para bollos. Los Estados Unidos se han convertido en una naci\u00f3n depredadora, imitaci\u00f3n de las republiquitas bananeras, con un despliegue militar dirigido contra enemigos rid\u00edculamente d\u00e9biles a los que asigna un papel desmesurado como pilares de los Ejes del Mal.<\/p>\n<p>Evidencia a cada paso que su contraparte medi\u00e1tica, la Rusia de Vladimir Putin, conserva y detenta la capacidad estrat\u00e9gica para suprimir del panorama b\u00e9lico a los Estados Unidos. Los grandes avances tecnol\u00f3gicos rusos a partir de la fibra \u00f3ptica siguen siendo el secreto mejor guardado&#8230; y mejor usado.<\/p>\n<p>El coletazo del abandono del d\u00f3lar en las transacciones petroleras internacionales pegar\u00e1 de lleno en la l\u00ednea de flotaci\u00f3n de la nave mexicana. Aqu\u00ed, como en ninguna parte se recibir\u00e1n los impactos catastr\u00f3ficos, porque dise\u00f1amos una econom\u00eda entreguista y endeble. Seremos el pasto de las fieras.<\/p>\n<p>Nos educaron en el respeto y la obediencia al d\u00f3lar. Fuera de all\u00ed, todo era Cuautitl\u00e1n. Tendremos que empezar a pensar en t\u00e9rminos de posicionamientos geoestrat\u00e9gicos indispensables. Esta Naci\u00f3n no puede ser v\u00edctima de los descastados.<\/p>\n<p>Frente a la gran crisis que se viene, el imperio de la raz\u00f3n es necesario, pero nunca suficiente. Tiene que estar apoyado en una aut\u00e9ntica revoluci\u00f3n ideol\u00f3gica que encabece luchas de liberaci\u00f3n de varios rangos, sustentadas en gobiernos populares en alianza extrema con sociedades nacionalistas y patri\u00f3ticas.<\/p>\n<p>De esta manera, y s\u00f3lo de \u00e9sta, detendremos el saqueo del odio, la ambici\u00f3n y la intolerancia. Desafortunadamente ten\u00eda raz\u00f3n el viejo Robert Schumann \u2014\u00a0uno de los \u201cpadres de Europa\u201d, en referencia a su determinante participaci\u00f3n en la creaci\u00f3n de las Comunidades Europeas\u2014 en su teor\u00eda del acortamiento del tiempo. Los tiempos de la lucha ya se adelantaron. Hoy tenemos que enfrentar el miedo y la indolencia del equipo del nuevo\u00a0<em>establishment<\/em>, representantes espurios del r\u00e9gimen pol\u00edtico al que elegimos en las urnas hace muy poco con abrumadora mayor\u00eda.<\/p>\n<p>Y es que los acompa\u00f1antes del\u00a0<em>Tlatoani<\/em>\u00a0no est\u00e1n a la altura de las circunstancias de M\u00e9xico ni del entorno mundial. El movimiento contestatario enarbolado desde hace tres d\u00e9cadas por L\u00f3pez Obrador, en el terreno de la pr\u00e1ctica gubernamental es lo m\u00e1s parecido a un parto de los montes.<\/p>\n<p>Desafortunadamente, ser\u00e1n los primeros adversarios de los nuevos tiempos. Por no haber tenido las agallas ni los conocimientos para aprovechar la coyuntura internacional de desarrollar un gobierno con rostro popular. Se han dejado atrapar por el miedo, el enemigo natural de toda impronta ben\u00e9fica.<\/p>\n<p>Todos est\u00e1n ateridos de miedo en el primer c\u00edrculo. Unos por incompetencia, otros por intereses ileg\u00edtimos y otros por miedo a perder la chamba. No han podido acompa\u00f1ar al torbellino. La vor\u00e1gine del poder popular les qued\u00f3 demasiado grande. Estaban acostumbrados a otras yeguas.<\/p>\n<p>Los rebas\u00f3, les pas\u00f3 encima la gran oportunidad que tuvimos los mexicanos de definir el paso hist\u00f3rico del nuevo r\u00e9gimen. Ya no tienen para d\u00f3nde hacerse, pues ya ense\u00f1aron el cobre. No sirven para nada. Y un hombre solo no puede subrogarse en el trabajo de sus ayudantes. No le pagamos para eso.<\/p>\n<p>Resultaron buenos patroncitos, pero malos subalternos. No saben dar ni pedir. Llegaron al l\u00edmite de su competencia. \u00bfNo cree usted?<\/p>\n<p><strong><em>\u00cdndice Flam\u00edgero:<\/em><\/strong> Como una salida en falso fue calificada la defensa a AMLO del titular de la SCT, Javier Jim\u00e9nez Espri\u00fa, al emplear algo m\u00e1s que iron\u00eda en tweet el domingo por la tarde, tras la llamada Marcha del Silencio que, en honor a la verdad, congreg\u00f3 a escasos marchantes: \u201cNunca pens\u00e9 que todos los que est\u00e1n contra AMLO fueran a la marcha, pero s\u00ed&#8230; , \u00a1FUERON TODOS!\u201d. La reacci\u00f3n de los usuarios de redes sociales no esper\u00f3: lo tundieron. Pero, \u00bfy los dem\u00e1s miembros del gabinete presidencial? \u00bfNinguno tuvo los arrestos para reaccionar en apoyo a su jefe? + + + Honor a quien honor merece. Criticado varias veces en este espacio por lo que \u2014para no variar\u2014 parec\u00eda ser inacci\u00f3n hoy hay que reconocer al fiscal general de la Rep\u00fablica, Alejandro Gertz Manero. Su conferencia de prensa de hace un par de d\u00edas fue esclarecedora. Conocer que\u00a0el gobierno federal ha presentado 12 mil 700 denuncias por actos de corrupci\u00f3n desde el 1 de diciembre,\u00a0no es poca cosa. Saber ya que el oscuro caso Odebrecht tendr\u00e1 desenlace judicial en menos de dos meses, debe reconocerse. Esas, entre otras, fueron buenas noticias brindadas a los 100 d\u00edas de gesti\u00f3n del funcionario.<\/p>\n<p><em><u><a href=\"http:\/\/www.indicepolitico.com\" target=\"_blank\" rel=\"noopener noreferrer\">www.indicepolitico.com<\/a><br \/>\n<a href=\"mailto:pacorodriguez@journalist.com\" target=\"_blank\" rel=\"noopener noreferrer\">pacorodriguez@journalist.com<\/a><br \/>\n<a href=\"https:\/\/twitter.com\/pacorodriguez\" target=\"_blank\" rel=\"noopener noreferrer\">@pacorodriguez<\/a><\/u><\/em><\/p>\n","protected":false},"excerpt":{"rendered":"<p><span style=\"color: #005497;\"><strong>Francisco Rodr\u00edguez<\/strong><\/span><br \/>\n<br \/>\nHay un reposicionamiento de fuerzas en Europa, el Oriente Asi\u00e1tico, Jap\u00f3n y los\u00a0Tigres del Pac\u00edfico\u00a0y de parte de potencias emergentes como Pakist\u00e1n, India y sobre todo, China. El pensamiento monocorde que rigi\u00f3 desde los cen\u00e1culos neoyorquinos de las dinast\u00edas petroleras y acereras toca a su fin. Es tiempo de recoger varas.<\/p>\n","protected":false},"author":3,"featured_media":426604,"comment_status":"open","ping_status":"open","sticky":false,"template":"","format":"standard","meta":{"_monsterinsights_skip_tracking":false,"_monsterinsights_sitenote_active":false,"_monsterinsights_sitenote_note":"","_monsterinsights_sitenote_category":0,"footnotes":""},"categories":[549],"tags":[43689,550,43674],"class_list":["post-426554","post","type-post","status-publish","format-standard","has-post-thumbnail","hentry","category-francisco-rodriguez","tag-francisco-rodriguez","tag-indice-politico","tag-opinion"],"_links":{"self":[{"href":"https:\/\/www.diarioimagen.net\/index.php?rest_route=\/wp\/v2\/posts\/426554","targetHints":{"allow":["GET"]}}],"collection":[{"href":"https:\/\/www.diarioimagen.net\/index.php?rest_route=\/wp\/v2\/posts"}],"about":[{"href":"https:\/\/www.diarioimagen.net\/index.php?rest_route=\/wp\/v2\/types\/post"}],"author":[{"embeddable":true,"href":"https:\/\/www.diarioimagen.net\/index.php?rest_route=\/wp\/v2\/users\/3"}],"replies":[{"embeddable":true,"href":"https:\/\/www.diarioimagen.net\/index.php?rest_route=%2Fwp%2Fv2%2Fcomments&post=426554"}],"version-history":[{"count":0,"href":"https:\/\/www.diarioimagen.net\/index.php?rest_route=\/wp\/v2\/posts\/426554\/revisions"}],"wp:featuredmedia":[{"embeddable":true,"href":"https:\/\/www.diarioimagen.net\/index.php?rest_route=\/wp\/v2\/media\/426604"}],"wp:attachment":[{"href":"https:\/\/www.diarioimagen.net\/index.php?rest_route=%2Fwp%2Fv2%2Fmedia&parent=426554"}],"wp:term":[{"taxonomy":"category","embeddable":true,"href":"https:\/\/www.diarioimagen.net\/index.php?rest_route=%2Fwp%2Fv2%2Fcategories&post=426554"},{"taxonomy":"post_tag","embeddable":true,"href":"https:\/\/www.diarioimagen.net\/index.php?rest_route=%2Fwp%2Fv2%2Ftags&post=426554"}],"curies":[{"name":"wp","href":"https:\/\/api.w.org\/{rel}","templated":true}]}}