{"id":426674,"date":"2019-05-09T00:10:22","date_gmt":"2019-05-09T05:10:22","guid":{"rendered":"https:\/\/www.diarioimagen.net\/?p=426674"},"modified":"2019-05-09T07:14:38","modified_gmt":"2019-05-09T12:14:38","slug":"desconcierto-y-terror-entre-vecinos-del-zocalo-de-cuernavaca","status":"publish","type":"post","link":"https:\/\/www.diarioimagen.net\/?p=426674","title":{"rendered":"Desconcierto y terror entre vecinos del Z\u00f3calo de Cuernavaca"},"content":{"rendered":"<p><a href=\"https:\/\/www.diarioimagen.net\/?attachment_id=426779\" rel=\"attachment wp-att-426779\"><img loading=\"lazy\" decoding=\"async\" class=\"aligncenter size-large wp-image-426779\" src=\"https:\/\/www.diarioimagen.net\/wp-content\/uploads\/2019\/05\/CUERNAVACA9buena-460x259.jpg\" alt=\"\" width=\"460\" height=\"259\" srcset=\"https:\/\/www.diarioimagen.net\/wp-content\/uploads\/2019\/05\/CUERNAVACA9buena-460x259.jpg 460w, https:\/\/www.diarioimagen.net\/wp-content\/uploads\/2019\/05\/CUERNAVACA9buena-240x135.jpg 240w, https:\/\/www.diarioimagen.net\/wp-content\/uploads\/2019\/05\/CUERNAVACA9buena-235x132.jpg 235w, https:\/\/www.diarioimagen.net\/wp-content\/uploads\/2019\/05\/CUERNAVACA9buena-202x114.jpg 202w, https:\/\/www.diarioimagen.net\/wp-content\/uploads\/2019\/05\/CUERNAVACA9buena-350x196.jpg 350w, https:\/\/www.diarioimagen.net\/wp-content\/uploads\/2019\/05\/CUERNAVACA9buena-220x123.jpg 220w, https:\/\/www.diarioimagen.net\/wp-content\/uploads\/2019\/05\/CUERNAVACA9buena-237x132.jpg 237w, https:\/\/www.diarioimagen.net\/wp-content\/uploads\/2019\/05\/CUERNAVACA9buena.jpg 480w\" sizes=\"auto, (max-width: 460px) 100vw, 460px\" \/><\/a><\/p>\n<p>&nbsp;<\/p>\n<p>El desconcierto prevalece entre los habitantes de la Zona Centro de Cuernavaca, luego de la agresi\u00f3n que sufrieron ambulantes que se manifestaban frente al Palacio de Gobierno, cuando un hombre armado les dispar\u00f3, ocasionando la muerte de dos l\u00edderes y lesiones a tres m\u00e1s.<\/p>\n<p>Sobre la calle Gutenberg \u00fanicamente permanecen los seis c\u00edrculos blancos que marcan el lugar donde quedaron los casquillos percutidos contra los\u00a0 manifestantes.<\/p>\n<p>\u201cHoy no se instalaron todos los puestos, faltan algunos que se ponen a un costado de la plaza, el puesto de peri\u00f3dicos tampoco abri\u00f3, escucharon por las noticias lo qu\u00e9 pas\u00f3 y ya no vinieron\u201d, se\u00f1al\u00f3 ayer uno de los comerciantes que vende en la esquina de Palacio de Gobierno.<\/p>\n<p>En entrevista, narr\u00f3 que al momento de los disparos todos corrieron a resguardarse; gritaban, y despu\u00e9s regresaron a tratar de ayudar a los que fueron baleados.<\/p>\n<p>\u201cHubo personas con crisis nerviosa y algunos de ellos se retiraron\u201d, se\u00f1al\u00f3 al comentar que desde el martes les hab\u00edan dicho que pod\u00edan instalar sus puestos donde siempre.<\/p>\n<p>Hugo S\u00e1nchez, un comerciante del lugar, relat\u00f3 que la ma\u00f1ana de ayer mi\u00e9rcoles los comerciantes realizaban su manifestaci\u00f3n y un grupo de reporteros locales entrevistaban al secretario de Desarrollo Social del estado, Gilberto Alcal\u00e1, cuando se escucharon las detonaciones.<\/p>\n<p>Precis\u00f3 que corrieron a esconderse del hombre vestido de negro que disparaba y caminaba sobre la calle de Gutenberg y sigui\u00f3 su paso por la Plaza de Armas, quit\u00e1ndose la ropa, y cuando fue alcanzado y detenido, muy cerca de la Plazuela del Zacate, ya no vest\u00eda de negro.<\/p>\n<p>Sobre la calle quedaron tirados las personas alcanzadas por las balas, \u201cel que qued\u00f3 en la parte trasera del puesto de refrescos y dulces qued\u00f3 lesionado\u201d.<\/p>\n<p>A\u00f1adi\u00f3 que despu\u00e9s de ser detenido el sujeto fue ingresado a Palacio de Gobierno, antes de ser llevado a la Torre de Morelos, donde fue puesto a disposici\u00f3n de las autoridades.<\/p>\n","protected":false},"excerpt":{"rendered":"<p>El desconcierto prevalece entre los habitantes de la Zona Centro de Cuernavaca, luego de la agresi\u00f3n que sufrieron ambulantes que se manifestaban frente al Palacio de Gobierno, cuando un hombre armado les dispar\u00f3, ocasionando la muerte de dos l\u00edderes y lesiones a tres m\u00e1s.<\/p>\n","protected":false},"author":3,"featured_media":426779,"comment_status":"open","ping_status":"open","sticky":false,"template":"","format":"standard","meta":{"_monsterinsights_skip_tracking":false,"_monsterinsights_sitenote_active":false,"_monsterinsights_sitenote_note":"","_monsterinsights_sitenote_category":0,"footnotes":""},"categories":[25512],"tags":[835,43677,7396,7056],"class_list":["post-426674","post","type-post","status-publish","format-standard","has-post-thumbnail","hentry","category-nacional-nacional","tag-cuernavaca","tag-seguridad","tag-terror","tag-zocalo"],"_links":{"self":[{"href":"https:\/\/www.diarioimagen.net\/index.php?rest_route=\/wp\/v2\/posts\/426674","targetHints":{"allow":["GET"]}}],"collection":[{"href":"https:\/\/www.diarioimagen.net\/index.php?rest_route=\/wp\/v2\/posts"}],"about":[{"href":"https:\/\/www.diarioimagen.net\/index.php?rest_route=\/wp\/v2\/types\/post"}],"author":[{"embeddable":true,"href":"https:\/\/www.diarioimagen.net\/index.php?rest_route=\/wp\/v2\/users\/3"}],"replies":[{"embeddable":true,"href":"https:\/\/www.diarioimagen.net\/index.php?rest_route=%2Fwp%2Fv2%2Fcomments&post=426674"}],"version-history":[{"count":0,"href":"https:\/\/www.diarioimagen.net\/index.php?rest_route=\/wp\/v2\/posts\/426674\/revisions"}],"wp:featuredmedia":[{"embeddable":true,"href":"https:\/\/www.diarioimagen.net\/index.php?rest_route=\/wp\/v2\/media\/426779"}],"wp:attachment":[{"href":"https:\/\/www.diarioimagen.net\/index.php?rest_route=%2Fwp%2Fv2%2Fmedia&parent=426674"}],"wp:term":[{"taxonomy":"category","embeddable":true,"href":"https:\/\/www.diarioimagen.net\/index.php?rest_route=%2Fwp%2Fv2%2Fcategories&post=426674"},{"taxonomy":"post_tag","embeddable":true,"href":"https:\/\/www.diarioimagen.net\/index.php?rest_route=%2Fwp%2Fv2%2Ftags&post=426674"}],"curies":[{"name":"wp","href":"https:\/\/api.w.org\/{rel}","templated":true}]}}