{"id":426676,"date":"2019-05-09T00:11:46","date_gmt":"2019-05-09T05:11:46","guid":{"rendered":"https:\/\/www.diarioimagen.net\/?p=426676"},"modified":"2019-05-09T07:12:44","modified_gmt":"2019-05-09T12:12:44","slug":"la-ctm-culpa-a-nuevo-grupo-sindical-del-ataque-en-morelos","status":"publish","type":"post","link":"https:\/\/www.diarioimagen.net\/?p=426676","title":{"rendered":"La CTM culpa a nuevo grupo sindical del ataque en Morelos"},"content":{"rendered":"<p><a href=\"https:\/\/www.diarioimagen.net\/?attachment_id=426776\" rel=\"attachment wp-att-426776\"><img loading=\"lazy\" decoding=\"async\" class=\"aligncenter size-large wp-image-426776\" src=\"https:\/\/www.diarioimagen.net\/wp-content\/uploads\/2019\/05\/CTM9-460x259.jpg\" alt=\"\" width=\"460\" height=\"259\" srcset=\"https:\/\/www.diarioimagen.net\/wp-content\/uploads\/2019\/05\/CTM9-460x259.jpg 460w, https:\/\/www.diarioimagen.net\/wp-content\/uploads\/2019\/05\/CTM9-240x135.jpg 240w, https:\/\/www.diarioimagen.net\/wp-content\/uploads\/2019\/05\/CTM9-235x132.jpg 235w, https:\/\/www.diarioimagen.net\/wp-content\/uploads\/2019\/05\/CTM9-202x114.jpg 202w, https:\/\/www.diarioimagen.net\/wp-content\/uploads\/2019\/05\/CTM9-350x196.jpg 350w, https:\/\/www.diarioimagen.net\/wp-content\/uploads\/2019\/05\/CTM9-220x123.jpg 220w, https:\/\/www.diarioimagen.net\/wp-content\/uploads\/2019\/05\/CTM9-237x132.jpg 237w, https:\/\/www.diarioimagen.net\/wp-content\/uploads\/2019\/05\/CTM9.jpg 480w\" sizes=\"auto, (max-width: 460px) 100vw, 460px\" \/><\/a><\/p>\n<p>&nbsp;<\/p>\n<p>En un video difundido en redes sociales, el primer secretario general suplente de la CTM en Morelos, Roberto Castrej\u00f3n Campos, padre de Roberto Castrej\u00f3n Calder\u00f3n, una de las v\u00edctimas mortales tras la balacera en el Z\u00f3calo de Cuernavaca, responsabiliz\u00f3 de los hechos a la dirigencia del Nuevo Grupo Sindical (NGS).<\/p>\n<p>\u201cEsto no es m\u00e1s que obra de ellos, no es la delincuencia organizada, ellos recurr\u00edan a la delincuencia organizada para hacer esto\u201d, destaca.<\/p>\n<p>Castrej\u00f3n Campos asegur\u00f3 que los dirigentes del NGS, Bulmaro Hern\u00e1ndez Ju\u00e1rez, y su hijo Ben Hur Hern\u00e1ndez Bringas, utilizan la violencia y al crimen organizado para alcanzar sus fines.<\/p>\n<p>En el video difundido, Castrej\u00f3n Campos asegura que los responsables de la violencia y del ataque contra Garc\u00eda y su hijo, quienes murieron, son los l\u00edderes del NGS.<\/p>\n<p>\u201cYo no culpo al gobierno del estado, ellos no tienen nada que ver, al contrario, ellos quisieron buscar un acercamiento y que no hubiesen problemas. Esto es culpa de Bulmaro Hern\u00e1ndez Ju\u00e1rez y de Ben Hur Hern\u00e1ndez Bringas\u201d, se\u00f1al\u00f3.<\/p>\n<p>Castrej\u00f3n Calder\u00f3n muri\u00f3 ayer mi\u00e9rcoles tras recibir un disparo en la mand\u00edbula durante el ataque en el Centro de Cuernavaca.<\/p>\n<p>El agresor, que fue detenido, dispar\u00f3 contra el dirigente de la Secci\u00f3n 15 de la CTM, Jes\u00fas Garc\u00eda Rodr\u00edguez, quien lleg\u00f3 al hospital sin signos vitales.<\/p>\n<p>Los hechos de violencia se dan en el marco de la disputa por los espacios del comercio ambulante en el Z\u00f3calo de Cuernavaca, lugares invadidos mayormente bajo la tutela del NGS.<\/p>\n<p>Antes de los disparos, en el gobierno de Morelos se realizaba una reuni\u00f3n entre autoridades y el NGS para iniciar un reordenamiento del comercio ambulante; sin embargo, Jes\u00fas Garc\u00eda y un grupo de personas que lo acompa\u00f1aban protestaban con un bloqueo de calle debido a que no hab\u00edan sido llamados a dicha mesa.<\/p>\n","protected":false},"excerpt":{"rendered":"<p>En un video difundido en redes sociales, el primer secretario general suplente de la CTM en Morelos, Roberto Castrej\u00f3n Campos, padre de Roberto Castrej\u00f3n Calder\u00f3n, una de las v\u00edctimas mortales tras la balacera en el Z\u00f3calo de Cuernavaca, responsabiliz\u00f3 de los hechos a la dirigencia del Nuevo Grupo Sindical (NGS).<\/p>\n","protected":false},"author":3,"featured_media":426776,"comment_status":"open","ping_status":"open","sticky":false,"template":"","format":"standard","meta":{"_monsterinsights_skip_tracking":false,"_monsterinsights_sitenote_active":false,"_monsterinsights_sitenote_note":"","_monsterinsights_sitenote_category":0,"footnotes":""},"categories":[25512],"tags":[8626,2894,835,85131],"class_list":["post-426676","post","type-post","status-publish","format-standard","has-post-thumbnail","hentry","category-nacional-nacional","tag-ataque","tag-ctm","tag-cuernavaca","tag-grupo-sindical"],"_links":{"self":[{"href":"https:\/\/www.diarioimagen.net\/index.php?rest_route=\/wp\/v2\/posts\/426676","targetHints":{"allow":["GET"]}}],"collection":[{"href":"https:\/\/www.diarioimagen.net\/index.php?rest_route=\/wp\/v2\/posts"}],"about":[{"href":"https:\/\/www.diarioimagen.net\/index.php?rest_route=\/wp\/v2\/types\/post"}],"author":[{"embeddable":true,"href":"https:\/\/www.diarioimagen.net\/index.php?rest_route=\/wp\/v2\/users\/3"}],"replies":[{"embeddable":true,"href":"https:\/\/www.diarioimagen.net\/index.php?rest_route=%2Fwp%2Fv2%2Fcomments&post=426676"}],"version-history":[{"count":0,"href":"https:\/\/www.diarioimagen.net\/index.php?rest_route=\/wp\/v2\/posts\/426676\/revisions"}],"wp:featuredmedia":[{"embeddable":true,"href":"https:\/\/www.diarioimagen.net\/index.php?rest_route=\/wp\/v2\/media\/426776"}],"wp:attachment":[{"href":"https:\/\/www.diarioimagen.net\/index.php?rest_route=%2Fwp%2Fv2%2Fmedia&parent=426676"}],"wp:term":[{"taxonomy":"category","embeddable":true,"href":"https:\/\/www.diarioimagen.net\/index.php?rest_route=%2Fwp%2Fv2%2Fcategories&post=426676"},{"taxonomy":"post_tag","embeddable":true,"href":"https:\/\/www.diarioimagen.net\/index.php?rest_route=%2Fwp%2Fv2%2Ftags&post=426676"}],"curies":[{"name":"wp","href":"https:\/\/api.w.org\/{rel}","templated":true}]}}