{"id":426720,"date":"2019-05-09T00:09:03","date_gmt":"2019-05-09T05:09:03","guid":{"rendered":"https:\/\/www.diarioimagen.net\/?p=426720"},"modified":"2019-05-09T07:03:04","modified_gmt":"2019-05-09T12:03:04","slug":"promueve-la-uaem-igualdad-laboral-para-madres-universitarias","status":"publish","type":"post","link":"https:\/\/www.diarioimagen.net\/?p=426720","title":{"rendered":"Promueve la UAEM igualdad laboral para madres universitarias"},"content":{"rendered":"<ul>\n<li><em><strong>Alfredo Barrera encabeza desayuno conmemorativo<\/strong><\/em><\/li>\n<\/ul>\n<p>&nbsp;<\/p>\n<div id=\"attachment_426764\" style=\"width: 470px\" class=\"wp-caption aligncenter\"><a href=\"https:\/\/www.diarioimagen.net\/?attachment_id=426764\" rel=\"attachment wp-att-426764\"><img loading=\"lazy\" decoding=\"async\" aria-describedby=\"caption-attachment-426764\" class=\"size-large wp-image-426764\" src=\"https:\/\/www.diarioimagen.net\/wp-content\/uploads\/2019\/05\/UAEM-9-460x259.jpg\" alt=\"\" width=\"460\" height=\"259\" srcset=\"https:\/\/www.diarioimagen.net\/wp-content\/uploads\/2019\/05\/UAEM-9-460x259.jpg 460w, https:\/\/www.diarioimagen.net\/wp-content\/uploads\/2019\/05\/UAEM-9-240x135.jpg 240w, https:\/\/www.diarioimagen.net\/wp-content\/uploads\/2019\/05\/UAEM-9-235x132.jpg 235w, https:\/\/www.diarioimagen.net\/wp-content\/uploads\/2019\/05\/UAEM-9-202x114.jpg 202w, https:\/\/www.diarioimagen.net\/wp-content\/uploads\/2019\/05\/UAEM-9-350x196.jpg 350w, https:\/\/www.diarioimagen.net\/wp-content\/uploads\/2019\/05\/UAEM-9-220x123.jpg 220w, https:\/\/www.diarioimagen.net\/wp-content\/uploads\/2019\/05\/UAEM-9-237x132.jpg 237w, https:\/\/www.diarioimagen.net\/wp-content\/uploads\/2019\/05\/UAEM-9.jpg 480w\" sizes=\"auto, (max-width: 460px) 100vw, 460px\" \/><\/a><p id=\"caption-attachment-426764\" class=\"wp-caption-text\">El rector Alfredo Barrera Baca encabez\u00f3 el desayuno conmemorativo al D\u00eda de la Madre, organizado por el Sindicato \u00danico de Trabajadores y Empleados al Servicio de la UAEM.<\/p><\/div>\n<p>&nbsp;<\/p>\n<p><strong>Toluca, Estado de M\u00e9xico<\/strong>.- La Universidad Aut\u00f3noma del Estado de M\u00e9xico promueve la igualdad laboral de las madres universitarias, porque el principio verdadero de la equidad de g\u00e9nero es actuar con respeto y justicia, sostuvo el rector Alfredo Barrera Baca, al encabezar el desayuno conmemorativo al D\u00eda de la Madre, organizado por el Sindicato \u00danico de Trabajadores y Empleados al Servicio de la UAEM (SUTESUAEM).<\/p>\n<p>Acompa\u00f1ado del secretario de Administraci\u00f3n, Juan Manuel Reyes Viurquez, y el secretario general del SUTESUAEM, Pedro Rodr\u00edguez Magallanes, Barrera Baca destac\u00f3 que las prestaciones que la Aut\u00f3noma mexiquense brinda durante la maternidad de las trabajadoras universitarias son posibles como resultado de las estrategias y firme posici\u00f3n de la agrupaci\u00f3n gremial.<\/p>\n<p>Durante este evento, marco en el cual se llev\u00f3 a cabo una rifa de regalos para las festejadas, Barrera Baca manifest\u00f3 que las madres sindicalizadas de esta casa de estudios se caracterizan por su constancia en la labor administrativa y ser modelo de trabajo que se adapta a toda circunstancia, a trav\u00e9s de habilidades y creatividad.<\/p>\n<p>\u201cLas madres universitarias conducen el \u00e9xito de oficinas, laboratorios, escuelas, \u00e1reas deportivas y culturales de la instituci\u00f3n\u201d, subray\u00f3 Barrera Baca, quien abund\u00f3 que el noble empe\u00f1o de las trabajadoras de la instituci\u00f3n representa la generosidad que entregan a la sociedad.<\/p>\n<p>En su oportunidad, Pedro Rodr\u00edguez Magallanes resalt\u00f3 la necesidad de estar conscientes del apoyo que necesitan las madres universitarias para cumplir con su inigualable tarea y su papel en la sociedad, al incorporar en las nuevas generaciones valores como la bondad, la generosidad y el altruismo.<\/p>\n","protected":false},"excerpt":{"rendered":"<p>La Universidad Aut\u00f3noma del Estado de M\u00e9xico promueve la igualdad laboral de las madres universitarias, porque el principio verdadero de la equidad de g\u00e9nero es actuar con respeto y justicia, sostuvo el rector Alfredo Barrera Baca, al encabezar el desayuno conmemorativo al D\u00eda de la Madre, organizado por el Sindicato \u00danico de Trabajadores y Empleados al Servicio de la UAEM (SUTESUAEM).<\/p>\n","protected":false},"author":3,"featured_media":426764,"comment_status":"open","ping_status":"open","sticky":false,"template":"","format":"standard","meta":{"_monsterinsights_skip_tracking":false,"_monsterinsights_sitenote_active":false,"_monsterinsights_sitenote_note":"","_monsterinsights_sitenote_category":0,"footnotes":""},"categories":[35155],"tags":[43675,26688,452],"class_list":["post-426720","post","type-post","status-publish","format-standard","has-post-thumbnail","hentry","category-estado-de-mexico-estado-de-mexico","tag-estado-de-mexico","tag-igualdad","tag-toluca"],"_links":{"self":[{"href":"https:\/\/www.diarioimagen.net\/index.php?rest_route=\/wp\/v2\/posts\/426720","targetHints":{"allow":["GET"]}}],"collection":[{"href":"https:\/\/www.diarioimagen.net\/index.php?rest_route=\/wp\/v2\/posts"}],"about":[{"href":"https:\/\/www.diarioimagen.net\/index.php?rest_route=\/wp\/v2\/types\/post"}],"author":[{"embeddable":true,"href":"https:\/\/www.diarioimagen.net\/index.php?rest_route=\/wp\/v2\/users\/3"}],"replies":[{"embeddable":true,"href":"https:\/\/www.diarioimagen.net\/index.php?rest_route=%2Fwp%2Fv2%2Fcomments&post=426720"}],"version-history":[{"count":0,"href":"https:\/\/www.diarioimagen.net\/index.php?rest_route=\/wp\/v2\/posts\/426720\/revisions"}],"wp:featuredmedia":[{"embeddable":true,"href":"https:\/\/www.diarioimagen.net\/index.php?rest_route=\/wp\/v2\/media\/426764"}],"wp:attachment":[{"href":"https:\/\/www.diarioimagen.net\/index.php?rest_route=%2Fwp%2Fv2%2Fmedia&parent=426720"}],"wp:term":[{"taxonomy":"category","embeddable":true,"href":"https:\/\/www.diarioimagen.net\/index.php?rest_route=%2Fwp%2Fv2%2Fcategories&post=426720"},{"taxonomy":"post_tag","embeddable":true,"href":"https:\/\/www.diarioimagen.net\/index.php?rest_route=%2Fwp%2Fv2%2Ftags&post=426720"}],"curies":[{"name":"wp","href":"https:\/\/api.w.org\/{rel}","templated":true}]}}