{"id":426723,"date":"2019-05-09T00:08:32","date_gmt":"2019-05-09T05:08:32","guid":{"rendered":"https:\/\/www.diarioimagen.net\/?p=426723"},"modified":"2019-05-09T07:06:46","modified_gmt":"2019-05-09T12:06:46","slug":"llega-a-cuautitlan-el-programa-jovenes-construyendo-el-futuro","status":"publish","type":"post","link":"https:\/\/www.diarioimagen.net\/?p=426723","title":{"rendered":"Llega a Cuautitl\u00e1n el programa J\u00f3venes Construyendo el Futuro"},"content":{"rendered":"<ul>\n<li><strong><em>Dan la bienvenida a los primeros 34 participantes<\/em><\/strong><\/li>\n<\/ul>\n<p>&nbsp;<\/p>\n<div id=\"attachment_426767\" style=\"width: 470px\" class=\"wp-caption aligncenter\"><a href=\"https:\/\/www.diarioimagen.net\/?attachment_id=426767\" rel=\"attachment wp-att-426767\"><img loading=\"lazy\" decoding=\"async\" aria-describedby=\"caption-attachment-426767\" class=\"size-large wp-image-426767\" src=\"https:\/\/www.diarioimagen.net\/wp-content\/uploads\/2019\/05\/CUAUTITLAN-9-460x241.jpg\" alt=\"\" width=\"460\" height=\"241\" srcset=\"https:\/\/www.diarioimagen.net\/wp-content\/uploads\/2019\/05\/CUAUTITLAN-9-460x241.jpg 460w, https:\/\/www.diarioimagen.net\/wp-content\/uploads\/2019\/05\/CUAUTITLAN-9-240x126.jpg 240w, https:\/\/www.diarioimagen.net\/wp-content\/uploads\/2019\/05\/CUAUTITLAN-9.jpg 700w\" sizes=\"auto, (max-width: 460px) 100vw, 460px\" \/><\/a><p id=\"caption-attachment-426767\" class=\"wp-caption-text\">Los j\u00f3venes que inician actividades ya tienen un \u00e1rea de trabajo asignada\u00a0 y es de acuerdo a sus inquietudes, habilidades y conocimientos.<\/p><\/div>\n<p>&nbsp;<\/p>\n<p><strong>Cuautitl\u00e1n, Estado de M\u00e9xico<\/strong>.- En el marco del Programa J\u00f3venes Construyendo el Futuro, el presidente municipal, Ariel Ju\u00e1rez Rodr\u00edguez, dio la bienvenida a los participantes de este esquema de capacitaci\u00f3n en el que estar\u00e1n realizando actividades dentro de la administraci\u00f3n p\u00fablica municipal de Cuautitl\u00e1n.<\/p>\n<p>Esta es una oportunidad de desarrollar sus capacidades y sobre todo adquirir otros conocimientos que les permitan desempe\u00f1arse en un trabajo formal, pero de las ganas que le dediquen a sus actividades depender\u00e1 su futuro en gran medida, recalc\u00f3 el alcalde al darles la bienvenida.<\/p>\n<p>En este arranque del programa de la Secretar\u00eda del Trabajo y Previsi\u00f3n Social, se registraron 34 j\u00f3venes de entre 18 y 29 a\u00f1os, que no estudian, ni trabajan y que muchas veces son rechazados por carecer de experiencia y que est\u00e1n interesados en capacitarse en alguna actividad laboral, adem\u00e1s recibir\u00e1n un apoyo econ\u00f3mico de 3 mil 660 pesos mensuales durante un a\u00f1o y Seguro Social que dura este programa.<\/p>\n<p>Los j\u00f3venes que inician sus actividades ya tienen un \u00e1rea de trabajo asignada, y es de acuerdo a sus inquietudes, habilidades y conocimientos que desarrollar\u00e1n una actividad, debiendo cubrir el plan de trabajo solicitado por cada dependencia y cumpliendo con todos los requisitos, que incluye una evaluaci\u00f3n mensual tanto por la dependencia, como por el becario, informo la Direcci\u00f3n de Desarrollo y Bienestar Social de Cuautitl\u00e1n.<\/p>\n<p>Cabe se\u00f1alar que este programa contempla la integraci\u00f3n de personas con alguna discapacidad en la medida de sus habilidades para desempe\u00f1ar tareas espec\u00edficas, por lo que se estar\u00e1 atento a este grupo de personas que requieran dela capacitaci\u00f3n<\/p>\n","protected":false},"excerpt":{"rendered":"<p>En el marco del Programa J\u00f3venes Construyendo el Futuro, el presidente municipal, Ariel Ju\u00e1rez Rodr\u00edguez, dio la bienvenida a los participantes de este esquema de capacitaci\u00f3n en el que estar\u00e1n realizando actividades dentro de la administraci\u00f3n p\u00fablica municipal de Cuautitl\u00e1n.<\/p>\n","protected":false},"author":3,"featured_media":426767,"comment_status":"open","ping_status":"open","sticky":false,"template":"","format":"standard","meta":{"_monsterinsights_skip_tracking":false,"_monsterinsights_sitenote_active":false,"_monsterinsights_sitenote_note":"","_monsterinsights_sitenote_category":0,"footnotes":""},"categories":[35155],"tags":[681,43675,85135],"class_list":["post-426723","post","type-post","status-publish","format-standard","has-post-thumbnail","hentry","category-estado-de-mexico-estado-de-mexico","tag-cuautitlan","tag-estado-de-mexico","tag-programa-jovenes-construyendo-el-futuro"],"_links":{"self":[{"href":"https:\/\/www.diarioimagen.net\/index.php?rest_route=\/wp\/v2\/posts\/426723","targetHints":{"allow":["GET"]}}],"collection":[{"href":"https:\/\/www.diarioimagen.net\/index.php?rest_route=\/wp\/v2\/posts"}],"about":[{"href":"https:\/\/www.diarioimagen.net\/index.php?rest_route=\/wp\/v2\/types\/post"}],"author":[{"embeddable":true,"href":"https:\/\/www.diarioimagen.net\/index.php?rest_route=\/wp\/v2\/users\/3"}],"replies":[{"embeddable":true,"href":"https:\/\/www.diarioimagen.net\/index.php?rest_route=%2Fwp%2Fv2%2Fcomments&post=426723"}],"version-history":[{"count":0,"href":"https:\/\/www.diarioimagen.net\/index.php?rest_route=\/wp\/v2\/posts\/426723\/revisions"}],"wp:featuredmedia":[{"embeddable":true,"href":"https:\/\/www.diarioimagen.net\/index.php?rest_route=\/wp\/v2\/media\/426767"}],"wp:attachment":[{"href":"https:\/\/www.diarioimagen.net\/index.php?rest_route=%2Fwp%2Fv2%2Fmedia&parent=426723"}],"wp:term":[{"taxonomy":"category","embeddable":true,"href":"https:\/\/www.diarioimagen.net\/index.php?rest_route=%2Fwp%2Fv2%2Fcategories&post=426723"},{"taxonomy":"post_tag","embeddable":true,"href":"https:\/\/www.diarioimagen.net\/index.php?rest_route=%2Fwp%2Fv2%2Ftags&post=426723"}],"curies":[{"name":"wp","href":"https:\/\/api.w.org\/{rel}","templated":true}]}}