{"id":426856,"date":"2019-05-10T00:09:49","date_gmt":"2019-05-10T05:09:49","guid":{"rendered":"https:\/\/www.diarioimagen.net\/?p=426856"},"modified":"2019-05-10T01:43:02","modified_gmt":"2019-05-10T06:43:02","slug":"rescatan-a-27-centroamericanos-victimas-de-trata","status":"publish","type":"post","link":"https:\/\/www.diarioimagen.net\/?p=426856","title":{"rendered":"Rescatan a 27 centroamericanos, v\u00edctimas de trata"},"content":{"rendered":"<ul>\n<li><strong><em>Operativo en la Gustavo A. Madero<\/em><\/strong><\/li>\n<\/ul>\n<p>&nbsp;<\/p>\n<div id=\"attachment_426917\" style=\"width: 470px\" class=\"wp-caption aligncenter\"><a href=\"https:\/\/www.diarioimagen.net\/?attachment_id=426917\" rel=\"attachment wp-att-426917\"><img loading=\"lazy\" decoding=\"async\" aria-describedby=\"caption-attachment-426917\" class=\"size-large wp-image-426917\" src=\"https:\/\/www.diarioimagen.net\/wp-content\/uploads\/2019\/05\/RESCATE10-460x259.jpg\" alt=\"\" width=\"460\" height=\"259\" srcset=\"https:\/\/www.diarioimagen.net\/wp-content\/uploads\/2019\/05\/RESCATE10-460x259.jpg 460w, https:\/\/www.diarioimagen.net\/wp-content\/uploads\/2019\/05\/RESCATE10-240x135.jpg 240w, https:\/\/www.diarioimagen.net\/wp-content\/uploads\/2019\/05\/RESCATE10-235x132.jpg 235w, https:\/\/www.diarioimagen.net\/wp-content\/uploads\/2019\/05\/RESCATE10-202x114.jpg 202w, https:\/\/www.diarioimagen.net\/wp-content\/uploads\/2019\/05\/RESCATE10-350x196.jpg 350w, https:\/\/www.diarioimagen.net\/wp-content\/uploads\/2019\/05\/RESCATE10-220x123.jpg 220w, https:\/\/www.diarioimagen.net\/wp-content\/uploads\/2019\/05\/RESCATE10-237x132.jpg 237w, https:\/\/www.diarioimagen.net\/wp-content\/uploads\/2019\/05\/RESCATE10.jpg 480w\" sizes=\"auto, (max-width: 460px) 100vw, 460px\" \/><\/a><p id=\"caption-attachment-426917\" class=\"wp-caption-text\">Elementos policiacos rescataron a 27 extranjeros indocumentados que se encontraban retenidos en la colonia Tlalpexco, de la alcald\u00eda Gustavo A. Madero..<\/p><\/div>\n<p>&nbsp;<\/p>\n<p>Polic\u00edas de la Ciudad de M\u00e9xico rescataron a 27 extranjeros indocumentados que se encontraban retenidos por cuatro hombres y una mujer, en la colonia Tlalpexco, de la alcald\u00eda Gustavo A. Madero.<\/p>\n<p>Las v\u00edctimas de nacionalidad hondure\u00f1a y salvadore\u00f1a estaban al interior de un inmueble ubicado en avenida la Brecha y Andador San Pedro, lugar a donde se trasladaron los polic\u00edas, tras una denuncia an\u00f3nima.<\/p>\n<p>Al ingresar los uniformados a la vivienda, los afectados, entre ellos doce mujeres, cuatro ni\u00f1as, nueve ni\u00f1os y dos hombres, se\u00f1alaron que los dos sujetos junto con otros tres m\u00e1s lo ten\u00edan ah\u00ed en contra de su voluntad.<\/p>\n<p>Tras el hallazgo, se detuvo a los responsables, quienes se\u00f1alaron que recibir\u00edan por las 27 personas un pago de 25 mil pesos. Los retenidos fueron trasladados a las instalaciones de la Agencia Especializada de la Fiscal\u00eda General de la Rep\u00fablica, donde se definir\u00e1 su situaci\u00f3n legal en el pa\u00eds.<\/p>\n<p>En tanto que los cinco detenidos, de 19, 39, 42, 44 y 49 a\u00f1os de edad tambi\u00e9n quedaron a disposici\u00f3n de la misma Agencia Especializada en donde se inici\u00f3 la carpeta de investigaci\u00f3n por el delito de trata de personas y en las pr\u00f3ximas horas se definir\u00e1 su situaci\u00f3n jur\u00eddica.<\/p>\n","protected":false},"excerpt":{"rendered":"<p>Polic\u00edas de la Ciudad de M\u00e9xico rescataron a 27 extranjeros indocumentados que se encontraban retenidos por cuatro hombres y una mujer, en la colonia Tlalpexco, de la alcald\u00eda Gustavo A. Madero.<\/p>\n","protected":false},"author":3,"featured_media":426917,"comment_status":"open","ping_status":"open","sticky":false,"template":"","format":"standard","meta":{"_monsterinsights_skip_tracking":false,"_monsterinsights_sitenote_active":false,"_monsterinsights_sitenote_note":"","_monsterinsights_sitenote_category":0,"footnotes":""},"categories":[6],"tags":[79477,204,561,39746],"class_list":["post-426856","post","type-post","status-publish","format-standard","has-post-thumbnail","hentry","category-cd-de-mexico","tag-centroamericanos","tag-ciudad-de-mexico","tag-gustavo-a-madero","tag-rescatan"],"_links":{"self":[{"href":"https:\/\/www.diarioimagen.net\/index.php?rest_route=\/wp\/v2\/posts\/426856","targetHints":{"allow":["GET"]}}],"collection":[{"href":"https:\/\/www.diarioimagen.net\/index.php?rest_route=\/wp\/v2\/posts"}],"about":[{"href":"https:\/\/www.diarioimagen.net\/index.php?rest_route=\/wp\/v2\/types\/post"}],"author":[{"embeddable":true,"href":"https:\/\/www.diarioimagen.net\/index.php?rest_route=\/wp\/v2\/users\/3"}],"replies":[{"embeddable":true,"href":"https:\/\/www.diarioimagen.net\/index.php?rest_route=%2Fwp%2Fv2%2Fcomments&post=426856"}],"version-history":[{"count":0,"href":"https:\/\/www.diarioimagen.net\/index.php?rest_route=\/wp\/v2\/posts\/426856\/revisions"}],"wp:featuredmedia":[{"embeddable":true,"href":"https:\/\/www.diarioimagen.net\/index.php?rest_route=\/wp\/v2\/media\/426917"}],"wp:attachment":[{"href":"https:\/\/www.diarioimagen.net\/index.php?rest_route=%2Fwp%2Fv2%2Fmedia&parent=426856"}],"wp:term":[{"taxonomy":"category","embeddable":true,"href":"https:\/\/www.diarioimagen.net\/index.php?rest_route=%2Fwp%2Fv2%2Fcategories&post=426856"},{"taxonomy":"post_tag","embeddable":true,"href":"https:\/\/www.diarioimagen.net\/index.php?rest_route=%2Fwp%2Fv2%2Ftags&post=426856"}],"curies":[{"name":"wp","href":"https:\/\/api.w.org\/{rel}","templated":true}]}}