{"id":426881,"date":"2019-05-10T00:08:51","date_gmt":"2019-05-10T05:08:51","guid":{"rendered":"https:\/\/www.diarioimagen.net\/?p=426881"},"modified":"2019-05-10T01:57:08","modified_gmt":"2019-05-10T06:57:08","slug":"gobierno-y-empresarios-se-suman-a-jovenes-construyendo-el-futuro","status":"publish","type":"post","link":"https:\/\/www.diarioimagen.net\/?p=426881","title":{"rendered":"Gobierno y empresarios se suman a J\u00f3venes Construyendo el Futuro"},"content":{"rendered":"<ul>\n<li><strong><em>Llega a Tultitl\u00e1n el programa federal<\/em><\/strong><\/li>\n<\/ul>\n<p>&nbsp;<\/p>\n<div id=\"attachment_426952\" style=\"width: 470px\" class=\"wp-caption aligncenter\"><a href=\"https:\/\/www.diarioimagen.net\/?attachment_id=426952\" rel=\"attachment wp-att-426952\"><img loading=\"lazy\" decoding=\"async\" aria-describedby=\"caption-attachment-426952\" class=\"size-large wp-image-426952\" src=\"https:\/\/www.diarioimagen.net\/wp-content\/uploads\/2019\/05\/TULTITLAN-10-460x259.jpg\" alt=\"\" width=\"460\" height=\"259\" srcset=\"https:\/\/www.diarioimagen.net\/wp-content\/uploads\/2019\/05\/TULTITLAN-10-460x259.jpg 460w, https:\/\/www.diarioimagen.net\/wp-content\/uploads\/2019\/05\/TULTITLAN-10-240x135.jpg 240w, https:\/\/www.diarioimagen.net\/wp-content\/uploads\/2019\/05\/TULTITLAN-10-235x132.jpg 235w, https:\/\/www.diarioimagen.net\/wp-content\/uploads\/2019\/05\/TULTITLAN-10-202x114.jpg 202w, https:\/\/www.diarioimagen.net\/wp-content\/uploads\/2019\/05\/TULTITLAN-10-350x196.jpg 350w, https:\/\/www.diarioimagen.net\/wp-content\/uploads\/2019\/05\/TULTITLAN-10-220x123.jpg 220w, https:\/\/www.diarioimagen.net\/wp-content\/uploads\/2019\/05\/TULTITLAN-10-237x132.jpg 237w, https:\/\/www.diarioimagen.net\/wp-content\/uploads\/2019\/05\/TULTITLAN-10.jpg 480w\" sizes=\"auto, (max-width: 460px) 100vw, 460px\" \/><\/a><p id=\"caption-attachment-426952\" class=\"wp-caption-text\">El programa de reclutamiento y capacitaci\u00f3n de aprendices permite colocar en las \u00e1reas espec\u00edficas a j\u00f3venes, seg\u00fan su perfil y habilidades.<\/p><\/div>\n<p>&nbsp;<\/p>\n<p><strong>Tultitl\u00e1n, Estado de M\u00e9xico<\/strong>.- Preocupada porque la juventud\u00a0 pueda tener mejores oportunidades al ingresar al sector laboral, adquieran capacitaci\u00f3n y experiencia para un mejor desempe\u00f1o profesional, el gobierno de Elena Garc\u00eda Mart\u00ednez y empresarios de las diferentes compa\u00f1\u00edas asentadas en el municipio, llevaron a cabo una reuni\u00f3n para abordar el programa \u201cJ\u00f3venes Construyendo el Futuro\u201d.<\/p>\n<p>Elena Garc\u00eda coment\u00f3 que el programa federal, busca que miles de j\u00f3venes entre 18 a 29 a\u00f1os de edad puedan capacitarse para poder desarrollar sus habilidades, as\u00ed como aprovechar su talento y comenzar su experiencia laboral, mediante una beca mensual 3,600 pesos para que se capaciten durante un a\u00f1o.<\/p>\n<p>De igual manera se\u00f1al\u00f3 que a partir del 10 de enero en Tultitl\u00e1n se inici\u00f3 con el programa de reclutamiento y capacitaci\u00f3n de aprendices coloc\u00e1ndolos en las \u00e1reas espec\u00edficas dependiendo su perfil y habilidades espec\u00edficas.<\/p>\n<p>Argument\u00f3 a los empresarios \u201cme es grato saber que en Tultitl\u00e1n nos preocupamos y nos ocupamos en los j\u00f3venes ya que es muy dif\u00edcil incorporarse al sector laboral debido a factores como discriminaci\u00f3n, falta de experiencia pero sobre todo a no creer en la capacidad de los j\u00f3venes y varios de ellos se inclinan por delinquir\u201d.<\/p>\n<p>\u201cEs la oportunidad para que empresas, instituciones p\u00fablicas y organizaciones sociales nos unamos en este gran proyecto de nuestro presidente Andr\u00e9s Manuel L\u00f3pez Obrador para capacitar a j\u00f3venes para que sean productivos y mejoren la econom\u00eda en sus hogares y adquieran experiencia laboral\u201d.<\/p>\n<p>Por otra parte Horacio Duarte, subsecretario de empleo de la Secretar\u00eda del Trabajo y Previsi\u00f3n Social, coment\u00f3 que \u201cel estado de M\u00e9xico es una de las primeras entidades en sumarse a dicho programa y que dentro de los 2 mil 500 municipios de todo el pa\u00eds participan ya colocando diariamente 10 mil j\u00f3venes en diferentes instituciones p\u00fablicas y privadas\u201d.<\/p>\n<p>Tambi\u00e9n dijo que se pretenden colocar a 1 mill\u00f3n de j\u00f3venes en un a\u00f1o y hasta el momento ya se colocaron 500 mil; teniendo como presupuesto un monto de 40 mil millones de pesos que llegar\u00e1n directamente a los becarios, siendo esta la segunda mayor inversi\u00f3n social despu\u00e9s de los adultos mayores.<\/p>\n<p>Cabe resaltar que hasta el momento, los j\u00f3venes se han integrado en negocios de pr\u00e1cticamente todos los giros y ha habido experiencias positivas, pero tambi\u00e9n algunas otras donde hace falta que tomen en serio la oportunidad que el gobierno federal ofrece.<\/p>\n<p>Posteriormente Maurilio Hern\u00e1ndez Gonz\u00e1lez, Presidente de la Junta de Coordinaci\u00f3n Pol\u00edtica de la Sexag\u00e9sima Legislatura del Estado de M\u00e9xico, hizo un llamado a los j\u00f3venes a aprovechar la oportunidad de que una empresa les abra las puertas y les brinde un lugar para capacitarse y obtener experiencia, comentando que se debe de aprovechar bien el recurso destinado a este sector, uno de los m\u00e1s vulnerables y es momento de invertir en la juventud porque son el futuro de la econom\u00eda del pa\u00eds y as\u00ed dejar a un lado la econom\u00eda informal.<\/p>\n<p>Finalmente el funcionario se\u00f1al\u00f3 que \u201clos becados no solo reciben dinero, tambi\u00e9n se les da seguridad social, capacitaci\u00f3n por un a\u00f1o, as\u00ed como un monitoreo constante y evaluaci\u00f3n para la obtenci\u00f3n de una certificaci\u00f3n\u201d.<\/p>\n","protected":false},"excerpt":{"rendered":"<p>Preocupada porque la juventud\u00a0 pueda tener mejores oportunidades al ingresar al sector laboral, adquieran capacitaci\u00f3n y experiencia para un mejor desempe\u00f1o profesional, el gobierno de Elena Garc\u00eda Mart\u00ednez y empresarios de las diferentes compa\u00f1\u00edas asentadas en el municipio, llevaron a cabo una reuni\u00f3n para abordar el programa \u201cJ\u00f3venes Construyendo el Futuro\u201d.<\/p>\n","protected":false},"author":3,"featured_media":426952,"comment_status":"open","ping_status":"open","sticky":false,"template":"","format":"standard","meta":{"_monsterinsights_skip_tracking":false,"_monsterinsights_sitenote_active":false,"_monsterinsights_sitenote_note":"","_monsterinsights_sitenote_category":0,"footnotes":""},"categories":[35155],"tags":[43675,85172,578],"class_list":["post-426881","post","type-post","status-publish","format-standard","has-post-thumbnail","hentry","category-estado-de-mexico-estado-de-mexico","tag-estado-de-mexico","tag-jovenes-construyendo-el-futuro","tag-tultitlan"],"_links":{"self":[{"href":"https:\/\/www.diarioimagen.net\/index.php?rest_route=\/wp\/v2\/posts\/426881","targetHints":{"allow":["GET"]}}],"collection":[{"href":"https:\/\/www.diarioimagen.net\/index.php?rest_route=\/wp\/v2\/posts"}],"about":[{"href":"https:\/\/www.diarioimagen.net\/index.php?rest_route=\/wp\/v2\/types\/post"}],"author":[{"embeddable":true,"href":"https:\/\/www.diarioimagen.net\/index.php?rest_route=\/wp\/v2\/users\/3"}],"replies":[{"embeddable":true,"href":"https:\/\/www.diarioimagen.net\/index.php?rest_route=%2Fwp%2Fv2%2Fcomments&post=426881"}],"version-history":[{"count":0,"href":"https:\/\/www.diarioimagen.net\/index.php?rest_route=\/wp\/v2\/posts\/426881\/revisions"}],"wp:featuredmedia":[{"embeddable":true,"href":"https:\/\/www.diarioimagen.net\/index.php?rest_route=\/wp\/v2\/media\/426952"}],"wp:attachment":[{"href":"https:\/\/www.diarioimagen.net\/index.php?rest_route=%2Fwp%2Fv2%2Fmedia&parent=426881"}],"wp:term":[{"taxonomy":"category","embeddable":true,"href":"https:\/\/www.diarioimagen.net\/index.php?rest_route=%2Fwp%2Fv2%2Fcategories&post=426881"},{"taxonomy":"post_tag","embeddable":true,"href":"https:\/\/www.diarioimagen.net\/index.php?rest_route=%2Fwp%2Fv2%2Ftags&post=426881"}],"curies":[{"name":"wp","href":"https:\/\/api.w.org\/{rel}","templated":true}]}}