{"id":426882,"date":"2019-05-10T00:08:20","date_gmt":"2019-05-10T05:08:20","guid":{"rendered":"https:\/\/www.diarioimagen.net\/?p=426882"},"modified":"2019-05-10T01:58:22","modified_gmt":"2019-05-10T06:58:22","slug":"recorre-jueves-ciudadano-comunidades-de-huixquilucan-y-despachan-asuntos","status":"publish","type":"post","link":"https:\/\/www.diarioimagen.net\/?p=426882","title":{"rendered":"Recorre Jueves Ciudadano comunidades de Huixquilucan y despachan asuntos\u00a0\u00a0"},"content":{"rendered":"<ul>\n<li><strong><em>Ejercicio c\u00edvico para conocer las peticiones y necesidades<\/em><\/strong><\/li>\n<\/ul>\n<p>&nbsp;<\/p>\n<div id=\"attachment_426955\" style=\"width: 470px\" class=\"wp-caption aligncenter\"><a href=\"https:\/\/www.diarioimagen.net\/?attachment_id=426955\" rel=\"attachment wp-att-426955\"><img loading=\"lazy\" decoding=\"async\" aria-describedby=\"caption-attachment-426955\" class=\"size-large wp-image-426955\" src=\"https:\/\/www.diarioimagen.net\/wp-content\/uploads\/2019\/05\/HUIXQUILUCAN-10-460x259.jpg\" alt=\"\" width=\"460\" height=\"259\" srcset=\"https:\/\/www.diarioimagen.net\/wp-content\/uploads\/2019\/05\/HUIXQUILUCAN-10-460x259.jpg 460w, https:\/\/www.diarioimagen.net\/wp-content\/uploads\/2019\/05\/HUIXQUILUCAN-10-240x135.jpg 240w, https:\/\/www.diarioimagen.net\/wp-content\/uploads\/2019\/05\/HUIXQUILUCAN-10-235x132.jpg 235w, https:\/\/www.diarioimagen.net\/wp-content\/uploads\/2019\/05\/HUIXQUILUCAN-10-202x114.jpg 202w, https:\/\/www.diarioimagen.net\/wp-content\/uploads\/2019\/05\/HUIXQUILUCAN-10-350x196.jpg 350w, https:\/\/www.diarioimagen.net\/wp-content\/uploads\/2019\/05\/HUIXQUILUCAN-10-220x123.jpg 220w, https:\/\/www.diarioimagen.net\/wp-content\/uploads\/2019\/05\/HUIXQUILUCAN-10-237x132.jpg 237w, https:\/\/www.diarioimagen.net\/wp-content\/uploads\/2019\/05\/HUIXQUILUCAN-10.jpg 480w\" sizes=\"auto, (max-width: 460px) 100vw, 460px\" \/><\/a><p id=\"caption-attachment-426955\" class=\"wp-caption-text\">Llevar las \u00e1reas de la administraci\u00f3n a todas las comunidades, es el objetivo de los \u201cJueves Ciudadano\u201d.<\/p><\/div>\n<p>&nbsp;<\/p>\n<p><strong>Huixquilucan, Estado de M\u00e9xico<\/strong>.- Con el claro objetivo de mantener contacto directo con la ciudadan\u00eda, el gobierno municipal de Huixquilucan realiz\u00f3 el Jueves Ciudadano en la comunidad de Ignacio Allende.<\/p>\n<p>Tal y como ha sido una constante durante la gesti\u00f3n del presidente, Enrique Vargas del Villar, con este ejercicio ciudadano los titulares de las distintas \u00e1reas de la administraci\u00f3n p\u00fablica, conocen de manera directa las peticiones y necesidades del municipio.<\/p>\n<p>Es preciso recordar, que el gobierno que encabeza Enrique Vargas del Villar, ha realizado este ejercicio en distintas comunidades y colonias, en donde las personas han obtenido respuesta a sus inquietudes de manera inmediata. \u00a0Servicios P\u00fablicos, el organismo de Agua, Seguridad P\u00fablica y Vialidad, Medio Ambiente; Desarrollo Social, Econ\u00f3mico, Agropecuario y Urbano, DIF entre otros, han reforzado la comunicaci\u00f3n directa con los habitantes y en esta ocasi\u00f3n con la poblaci\u00f3n, perteneciente a la zona tradicional.<\/p>\n<p>Durante este a\u00f1o, el gobierno municipal ha llevado todas las \u00e1reas de la administraci\u00f3n a Zacamulpa, El Olivo y Santiago Yancuitlalpan, a trav\u00e9s del Jueves Ciudadano.<\/p>\n","protected":false},"excerpt":{"rendered":"<p>Con el claro objetivo de mantener contacto directo con la ciudadan\u00eda, el gobierno municipal de Huixquilucan realiz\u00f3 el Jueves Ciudadano en la comunidad de Ignacio Allende.<\/p>\n","protected":false},"author":3,"featured_media":426955,"comment_status":"open","ping_status":"open","sticky":false,"template":"","format":"standard","meta":{"_monsterinsights_skip_tracking":false,"_monsterinsights_sitenote_active":false,"_monsterinsights_sitenote_note":"","_monsterinsights_sitenote_category":0,"footnotes":""},"categories":[35155],"tags":[43675,1097,71148],"class_list":["post-426882","post","type-post","status-publish","format-standard","has-post-thumbnail","hentry","category-estado-de-mexico-estado-de-mexico","tag-estado-de-mexico","tag-huixquilucan","tag-jueves-ciudadano"],"_links":{"self":[{"href":"https:\/\/www.diarioimagen.net\/index.php?rest_route=\/wp\/v2\/posts\/426882","targetHints":{"allow":["GET"]}}],"collection":[{"href":"https:\/\/www.diarioimagen.net\/index.php?rest_route=\/wp\/v2\/posts"}],"about":[{"href":"https:\/\/www.diarioimagen.net\/index.php?rest_route=\/wp\/v2\/types\/post"}],"author":[{"embeddable":true,"href":"https:\/\/www.diarioimagen.net\/index.php?rest_route=\/wp\/v2\/users\/3"}],"replies":[{"embeddable":true,"href":"https:\/\/www.diarioimagen.net\/index.php?rest_route=%2Fwp%2Fv2%2Fcomments&post=426882"}],"version-history":[{"count":0,"href":"https:\/\/www.diarioimagen.net\/index.php?rest_route=\/wp\/v2\/posts\/426882\/revisions"}],"wp:featuredmedia":[{"embeddable":true,"href":"https:\/\/www.diarioimagen.net\/index.php?rest_route=\/wp\/v2\/media\/426955"}],"wp:attachment":[{"href":"https:\/\/www.diarioimagen.net\/index.php?rest_route=%2Fwp%2Fv2%2Fmedia&parent=426882"}],"wp:term":[{"taxonomy":"category","embeddable":true,"href":"https:\/\/www.diarioimagen.net\/index.php?rest_route=%2Fwp%2Fv2%2Fcategories&post=426882"},{"taxonomy":"post_tag","embeddable":true,"href":"https:\/\/www.diarioimagen.net\/index.php?rest_route=%2Fwp%2Fv2%2Ftags&post=426882"}],"curies":[{"name":"wp","href":"https:\/\/api.w.org\/{rel}","templated":true}]}}