{"id":426904,"date":"2019-05-10T00:01:05","date_gmt":"2019-05-10T05:01:05","guid":{"rendered":"https:\/\/www.diarioimagen.net\/?p=426904"},"modified":"2019-05-10T01:37:55","modified_gmt":"2019-05-10T06:37:55","slug":"dos-bocas-terquedad-del-presidente-puede-mas","status":"publish","type":"post","link":"https:\/\/www.diarioimagen.net\/?p=426904","title":{"rendered":"Dos Bocas: terquedad del Presidente puede m\u00e1s"},"content":{"rendered":"<h2>La Retaguardia<\/h2>\n<h5>Adriana Moreno Cordero<\/h5>\n<p>&nbsp;<\/p>\n<ul>\n<li><strong><em>Tv Azteca vuelve a ganar rating con el \u201cCanelo\u201d<\/em><\/strong><\/li>\n<li><em><strong>Morena &amp; Co. aprueban reforma educativa<\/strong> <\/em><\/li>\n<\/ul>\n<p>&nbsp;<\/p>\n<p>&nbsp;<\/p>\n<p>Cuando muchos cre\u00edan que nada m\u00e1s podr\u00eda rebasar la realidad y la l\u00f3gica de la llamada Cuarta Transformaci\u00f3n, el presidente <strong>Andr\u00e9s Manuel L\u00f3pez Obrador<\/strong> inform\u00f3 en su conferencia ma\u00f1anera, que ser\u00e1 Pemex, a cargo de su flamante y mudo director, <strong>Octavio Romero Oropeza<\/strong>, la encargada de construir la refiner\u00eda de Dos Bocas, -otro de los obstinados proyectos \u201cestrella\u201d del tabasque\u00f1o-, y que contar\u00e1 con la brillante supervisi\u00f3n de <strong>Roc\u00edo Nahle<\/strong>, la secretaria de Energ\u00eda, dependencia que por cierto, no cuenta con un \u00e1rea que se dedique a la construcci\u00f3n, ojo.<\/p>\n<p>Vale mucho la pena agregar que respecto a Petr\u00f3leos Mexicanos, hace 40 a\u00f1os, no construye una refiner\u00eda y definitivamente, este no ser\u00eda el mejor momento pues la paraestatal no se encuentra en su mejor \u00e9poca econ\u00f3mica, sin embargo, la obstinaci\u00f3n y terquedad del Ejecutivo, siempre podr\u00e1 m\u00e1s.<\/p>\n<p>El problema es que lo \u00fanico que ha logrado el tabasque\u00f1o, es sembrar incertidumbre entre los empresarios y en el mediano plazo, eso le podr\u00eda costar caro, tanto o m\u00e1s que el estar diciendo un d\u00eda s\u00ed y al otro tambi\u00e9n, que en t\u00e9rminos econ\u00f3micos, el pa\u00eds va \u201crequetebi\u00e9n\u201d. Ah\u00ed est\u00e1 c\u00f3mo las calificadoras levantan la ceja.<\/p>\n<p>En los corrillos especializados en este tema, se lleg\u00f3 a decir que el presidente dar\u00eda marcha atr\u00e1s al proyecto, pero no, lo que hizo AMLO fue declarar desierta la licitaci\u00f3n bajo el argumento de que las empresas participantes no cumpl\u00edan con el b\u00e1sico requisito de entregarla en los tiempos marcados por L\u00f3pez Obrador, am\u00e9n de que los costos se incrementaban, rebasando los 8 mil millones de d\u00f3lares destinados a esta obra.<\/p>\n<p>Lo que podr\u00edamos llamar la obsesi\u00f3n tabasque\u00f1a, quiere que su tan llevada y tra\u00edda refiner\u00eda de Dos Bocas, est\u00e9 concluida exactamente en mayo del 2022, (a mitad de su sexenio), y ninguna de las empresas le cumpl\u00eda.<\/p>\n<p>Adem\u00e1s, hay que reparar en un peque\u00f1o detalle, la fecha que escogi\u00f3 el presidente para arrancar los trabajos de construcci\u00f3n: el 2 de junio, exactamente cuando se llevar\u00e1n a cabo elecciones en algunos estados de la Rep\u00fablica, esto, por aquello de que dice el tabasque\u00f1o que no se mete en cuestiones electorales.<\/p>\n<p>Hay que recordar adem\u00e1s, que cuando se lanz\u00f3 la\u00a0 invitaci\u00f3n restringida para supuestamente elegir a la empresa que construir\u00eda la refiner\u00eda, aparecieron nombres como Bechtel-Technit, el consorcio Worley Parsons-Jacobs, as\u00ed como las empresas Technip y KB..<\/p>\n<p>La secretaria Nahle no se cans\u00f3 de \u201cadornarse\u201d y \u201ccolgarse las medallas\u201d de honestidad y transparencia y al final result\u00f3 que las mencionadas empresas, tienen se\u00f1alamientos de presuntos sobornos\u00a0en los pa\u00edses donde han realizado proyectos, lo que vino a poner en evidencia que los integrantes del gabinete l\u00f3pezobradorista son improvisados, por decir lo menos.<\/p>\n<p style=\"text-align: center;\"><strong>Municiones<\/strong><\/p>\n<p>*** De acuerdo a Nielsen-Ibope M\u00e9xico, el pasado 4 de mayo, cuando se llev\u00f3 a cabo la pelea de <strong>Sa\u00fal \u201cel Canelo\u201d Alvarez<\/strong>, contra <strong>Daniel Jacobs<\/strong>, los telespectadores dejaron muy clara su preferencia por Tv Azteca, pues con 21.3 puntos de rating, Azteca 7 super\u00f3 por 54% a Televisa, que transmiti\u00f3 la pelea por el canal 2, \u201cLas Estrellas\u201d.<\/p>\n<p>Adem\u00e1s de superarlos en rating, Azteca 7 lleg\u00f3 a uno de cada tres hogares del pa\u00eds, esto es, 33.7% de Azteca 7, frente a 25.7 % de Canal 2. Finalmente, al comparar el rating por personas, TV Azteca volvi\u00f3 a vencer a Televisa por 72%, confirmando con ello la superioridad de Box Azteca en todos los terrenos, y es que solo hace falta ver a los comentaristas de este deporte de la televisora del Ajusco, profesionales y que consiguieron rescatar las transmisiones de Box y repuntarlas hasta colocarlas como n\u00famero uno y Azteca 7 es hoy el campe\u00f3n indiscutible porque ese es el canal que sintonizaron la mayor\u00eda de los mexicanos para ver al Canelo conquistar su tercera corona.<\/p>\n<p>El rating de las dos se\u00f1ales de tv abierta super\u00f3 los 35 puntos, cifra superior a la mejor audiencia, por ejemplo, del Mundial de Rusia, celebrado el a\u00f1o pasado, cuando el encuentro de M\u00e9xico vs. Corea del Sur sum\u00f3 34.3 puntos de rating. Visto as\u00ed, el box es cada vez m\u00e1s un deporte masivo, atractivo y que encuentra un gusto creciente en el p\u00fablico nacional.<\/p>\n<p>*** As\u00ed como los <strong>Duarte<\/strong>, (<strong>C\u00e9sar y Javier<\/strong>), o <strong>Roberto Borge<\/strong>, fueron factor para una m\u00e1s que estrepitosa ca\u00edda del Partido Revolucionario Institucional en las elecciones del a\u00f1o pasado, miles de integrantes del movimiento \u201cAlt_PRI El pri\u00edsmo insumiso\u201d se han volcado en redes sociales para se\u00f1alar que los mandatarios tricolores ahora en funciones podr\u00edan convertirse incluso en art\u00edfices de su extinci\u00f3n.<\/p>\n<p>Lo anterior porque, seg\u00fan la informaci\u00f3n que comparten estos militantes, la mayor\u00eda de sus gobernadores ha mostrado intenciones de meter las manos en el proceso de elecci\u00f3n interna del instituto pol\u00edtico, con lo que se augura una ruptura que pondr\u00eda a \u00e9ste en una fase terminal. \u00bfSer\u00e1?<\/p>\n<p>*** Dice <strong>Manuel Negrete<\/strong> que sin pensarlo y con los ojos cerrados, dejar\u00eda la alcald\u00eda de Coyoac\u00e1n para irse a dirigir a Los Pumas, porque el futbol es lo suyo y porque ese equipo de futbol est\u00e1 pasando por una etapa dif\u00edcil. Como dice un sabio refr\u00e1n: \u201csi no quieres ver fantasmas, no salgas de noche\u201d.<\/p>\n<p>*** Al momento de escribir estas l\u00edneas, en cuanto a la reforma educativa, todo iba \u201csobre ruedas\u201d para la fracci\u00f3n de Morena en el Senado de la Rep\u00fablica, que coordina <strong>Ricardo Monreal<\/strong>, ya que en lo general hab\u00eda sido aprobada por 97 votos a favor, 20 en contra y tres abstenciones y con el apoyo de todas las fracciones parlamentarias, menos la del PAN, que coordina en esa instancia legislativa, <strong>Mauricio Kuri<\/strong>, as\u00ed que m\u00e1s que llamarle alianza PRIMOR, deber\u00eda ser rebautizada como Morena &amp; Co. Por ejemplo para justificar su voto,<\/p>\n<p>Ver\u00f3nica Delgadillo, de MC se\u00f1al\u00f3 que la propuesta no es la del presidente, sino \u201cla que construimos todos\u201d, ya que sus legisladores lograron que se respete la autonom\u00eda universitaria, (esa que Morena se hab\u00eda \u201ccomido por error\u201d) y la educaci\u00f3n superior sea obligatoria y que ahora, la principal tarea de AMLO ser\u00e1 garantizar a ni\u00f1os y ni\u00f1as una educaci\u00f3n de excelencia. \u00bfSer\u00e1 capaz el presidente de hacerlo?<\/p>\n<p>*** Al justificar su voto a favor, el senador <strong>Dante Delgado<\/strong>, de MC, dijo que el voto de su fracci\u00f3n era razonado y por convicci\u00f3n, ya que en el tema de la reforma educativa, no importa lo que diga la letra constitucional, sino lo que se cumpla en la v\u00eda de los hechos y\u00a0 por eso, ellos votar\u00edan por la transformaci\u00f3n profunda del pa\u00eds.<\/p>\n<p>Por cierto, en la sesi\u00f3n de la C\u00e1mara Alta, se vieron sobre los esca\u00f1os de la \u201caplanadora\u201d, cartulinas que dec\u00edan \u201cMorena Cumple\u201d, seguramente dirigidas a los \u201cmaestros\u201d de la Coordinadora Nacional de Trabajadores de la Educaci\u00f3n y tambi\u00e9n ni m\u00e1s ni menos, que para la maestra <strong>Elba Esther Gordillo<\/strong> que dicen, ahora se siente muy complacida con esta aprobaci\u00f3n. \u00bfSer\u00e1?<\/p>\n<p><a href=\"mailto:morcora@gmail.com\" target=\"_blank\" rel=\"noopener noreferrer\"><em>morcora@gmail.com<\/em><\/a><\/p>\n","protected":false},"excerpt":{"rendered":"<p><span style=\"color: #005497;\"><strong>Adriana Moreno Cordero<\/strong><\/span><\/p>\n","protected":false},"author":3,"featured_media":0,"comment_status":"open","ping_status":"open","sticky":false,"template":"","format":"standard","meta":{"_monsterinsights_skip_tracking":false,"_monsterinsights_sitenote_active":false,"_monsterinsights_sitenote_note":"","_monsterinsights_sitenote_category":0,"footnotes":""},"categories":[69370],"tags":[69369,69368,43674],"class_list":["post-426904","post","type-post","status-publish","format-standard","hentry","category-adriana-moreno-cordero","tag-adriana-moreno-cordero","tag-la-retaguardia","tag-opinion"],"_links":{"self":[{"href":"https:\/\/www.diarioimagen.net\/index.php?rest_route=\/wp\/v2\/posts\/426904","targetHints":{"allow":["GET"]}}],"collection":[{"href":"https:\/\/www.diarioimagen.net\/index.php?rest_route=\/wp\/v2\/posts"}],"about":[{"href":"https:\/\/www.diarioimagen.net\/index.php?rest_route=\/wp\/v2\/types\/post"}],"author":[{"embeddable":true,"href":"https:\/\/www.diarioimagen.net\/index.php?rest_route=\/wp\/v2\/users\/3"}],"replies":[{"embeddable":true,"href":"https:\/\/www.diarioimagen.net\/index.php?rest_route=%2Fwp%2Fv2%2Fcomments&post=426904"}],"version-history":[{"count":0,"href":"https:\/\/www.diarioimagen.net\/index.php?rest_route=\/wp\/v2\/posts\/426904\/revisions"}],"wp:attachment":[{"href":"https:\/\/www.diarioimagen.net\/index.php?rest_route=%2Fwp%2Fv2%2Fmedia&parent=426904"}],"wp:term":[{"taxonomy":"category","embeddable":true,"href":"https:\/\/www.diarioimagen.net\/index.php?rest_route=%2Fwp%2Fv2%2Fcategories&post=426904"},{"taxonomy":"post_tag","embeddable":true,"href":"https:\/\/www.diarioimagen.net\/index.php?rest_route=%2Fwp%2Fv2%2Ftags&post=426904"}],"curies":[{"name":"wp","href":"https:\/\/api.w.org\/{rel}","templated":true}]}}