{"id":426926,"date":"2019-05-10T00:04:51","date_gmt":"2019-05-10T05:04:51","guid":{"rendered":"https:\/\/www.diarioimagen.net\/?p=426926"},"modified":"2019-05-10T01:46:32","modified_gmt":"2019-05-10T06:46:32","slug":"terror-flagelo-de-hace-2-sexenios","status":"publish","type":"post","link":"https:\/\/www.diarioimagen.net\/?p=426926","title":{"rendered":"Terror, flagelo de hace 2 sexenios"},"content":{"rendered":"<h2>Punto por punto<\/h2>\n<h5>Augusto Corro<\/h5>\n<p>&nbsp;<\/p>\n<p>En M\u00e9xico nunca nos acostumbraremos a vivir en el terror derivado de la inseguridad que nos flagela desde hace dos sexenios.<\/p>\n<p>La estrategia para combatir a la delincuencia organizada s\u00f3lo provoc\u00f3 m\u00e1s violencia, mayor n\u00famero de muertes y una impunidad galopante.<\/p>\n<p>El mi\u00e9rcoles a las 10.15 horas se registr\u00f3 una balacera en Cuernavaca, Morelos, en el que perecieron el empresario Jes\u00fas Garc\u00eda Rodr\u00edguez y el dirigente cetemista, Roberto Castrej\u00f3n Calder\u00f3n. Dos personas m\u00e1s resultaron lesionadas.<\/p>\n<p>El presunto homicida Maximiliano o Max Hern\u00e1ndez fue capturado cuando intentaba huir.<\/p>\n<p>El doble homicidio ocurri\u00f3 en presencia de los periodistas que cubr\u00edan una manifestaci\u00f3n de vendedores ambulantes a pocos metros de distancia de Palacio de Gobierno.<\/p>\n<p>Sin duda, los videos de esa acci\u00f3n violenta volvieron a mostrar que vivimos en la violencia, el terror y el temor que provocan los sicarios, extorsionadores y secuestradores.<\/p>\n<p>Lo grave del problema es que las autoridades encargadas de velar por la seguridad de los ciudadanos no saben c\u00f3mo cumplir con su responsabilidad.<\/p>\n<p>El estado de Morelos desde hace varios sexenios padece la mala suerte de contar con gobernadores ineptos, incluido el actual, Cuauht\u00e9moc Blanco, un ex futbolista que ya fue alcalde de Cuernavaca.<\/p>\n<p>Ahora en su condici\u00f3n de mandatario estatal las cosas marchan igual o peor que en la \u00e9poca del gobernador perredista Graco Ram\u00edrez.<\/p>\n<p>Morelos, por su cercan\u00eda con Guerrero, la Ciudad de M\u00e9xico y el Estado de M\u00e9xico, pas\u00f3 a formar parte de las entidades tocadas por la delincuencia organizada en su rama del narcotr\u00e1fico.<\/p>\n<p>El gobernador Cuauht\u00e9moc Blanco lament\u00f3 los hechos y dijo que se necesita el apoyo del gobierno federal para acabar con la delincuencia organizada.<\/p>\n<p>La realidad es que al ex futbolista le qued\u00f3 grande el cargo de mandatario y no se ve c\u00f3mo se resolver\u00e1 el problema de la violencia en su entidad.<\/p>\n<p>No falt\u00f3 quien le dijera al autor de la \u201ccuauhtemi\u00f1a\u201d (jugada de habilidad con el bal\u00f3n) que si no puede con su responsabilidad que renuncie.<\/p>\n<p>La inseguridad en la capital<\/p>\n<p>La jefa de Gobierno de la Ciudad de M\u00e9xico, Claudia Sheinbaum, se reuni\u00f3 con los 16 alcaldes para hablar sobre el problema de la inseguridad.<\/p>\n<p>Dijo la funcionaria que revertir esa situaci\u00f3n le llevar\u00e1 m\u00e1s tiempo del que se plante\u00f3 y que requerir\u00e1 de su apoyo y colaboraci\u00f3n.<\/p>\n<p>Les pidi\u00f3 a los alcaldes no bajar la guardia (\u00bfcu\u00e1l?) en ese rengl\u00f3n con el fin de evitar acciones como las del fin de semana pasada, en el que se contabilizaron 17 homicidios dolosos.<\/p>\n<p>Dijo la jefa de Gobierno que\u00a0 se cambiar\u00e1 la estrategia de la lucha contra la inseguridad.<\/p>\n<p>En este espacio se\u00f1alamos en repetidas ocasiones que la poblaci\u00f3n sufre desde hace varios a\u00f1os los embates de la delincuencia.<\/p>\n<p>Los asaltos a transe\u00fantes, extorsiones, secuestros, robos de coches y asesinatos se multiplican cada d\u00eda ante la impotencia de autoridades para poner freno a esos delitos.<\/p>\n<p>Ni hablar. Por ahora seguiremos inmersos en la seguridad. \u00bfHasta cu\u00e1ndo?<\/p>\n<p><strong>El ex gobernador suertudo<\/strong><\/p>\n<p>No todo es mala fortuna para los ex gobernadores en M\u00e9xico. Ayer en este espacio nos referimos a los pillos que sacaron las arcas de sus estados.<\/p>\n<p>Se\u00f1alamos a Javier Duarte y a Roberto Borge, de Veracruz y Quintana Roo, respectivamente. Ambos en la c\u00e1rcel por meterle mano ilegal al erario.\u00a0 Tambi\u00e9n informamos que el ex mandatario de Tabasco, Andr\u00e9s Granier Melo, fue absuelto del delito de peculado y puesto en absoluta libertad.<\/p>\n<p>El tabasque\u00f1o fue condenado en febrero del 2018 por la juez Guadalupe Cadena S\u00e1nchez a 10 a\u00f1os, 10 meses y 15 d\u00edas de prisi\u00f3n por el desv\u00edo de 196 millones de pesos.<\/p>\n<p>Le fue bien a Granier Melo porque durante el tiempo que pas\u00f3 \u201cdetenido\u201d\u00a0 no sali\u00f3 del hospital donde lo atendieron de un problema del coraz\u00f3n.<\/p>\n<p>A nadie extra\u00f1\u00f3 que el ex mandatario resultara absuelto del o de los delitos que cometi\u00f3 cuando fue gobernador. En cuanto dej\u00f3 el cargo, sus adversarios lo acusaron a \u00e9l y a su equipo\u00a0 del desfalco de 20 mil millones de pesos al erario.<\/p>\n<p>Esa cifra inicial se redujo considerablemente y lleg\u00f3 a los 2 mil 817 millones de pesos.<\/p>\n<p>Parte del dinero robado, alrededor de 88 millones pesos,\u00a0 fue recuperado en cajas de cart\u00f3n que estaban guardadas en un taller mec\u00e1nico.<\/p>\n<p>Las maniobras de las autoridades para defender a los ex gobernadores corruptos tuvieron una manifestaci\u00f3n ejemplar en el caso de Granier Melo. Saque\u00f3 a Tabasco y poco falt\u00f3 que le dieran las gracias.<\/p>\n<p style=\"text-align: right;\"><em><strong>Feliz fin de semana.<\/strong><\/em><\/p>\n<p><em><u><a href=\"mailto:aco2742@hotmail.com\" target=\"_blank\" rel=\"noopener noreferrer\">aco2742@hotmail.com<\/a><\/u><\/em><\/p>\n","protected":false},"excerpt":{"rendered":"<p><span style=\"color: #005497;\"><strong>Augusto Corro<\/strong><\/span><\/p>\n","protected":false},"author":3,"featured_media":0,"comment_status":"open","ping_status":"open","sticky":false,"template":"","format":"standard","meta":{"_monsterinsights_skip_tracking":false,"_monsterinsights_sitenote_active":false,"_monsterinsights_sitenote_note":"","_monsterinsights_sitenote_category":0,"footnotes":""},"categories":[157],"tags":[43686,43674,11515],"class_list":["post-426926","post","type-post","status-publish","format-standard","hentry","category-augusto-corro","tag-augusto-corro","tag-opinion","tag-punto-por-punto"],"_links":{"self":[{"href":"https:\/\/www.diarioimagen.net\/index.php?rest_route=\/wp\/v2\/posts\/426926","targetHints":{"allow":["GET"]}}],"collection":[{"href":"https:\/\/www.diarioimagen.net\/index.php?rest_route=\/wp\/v2\/posts"}],"about":[{"href":"https:\/\/www.diarioimagen.net\/index.php?rest_route=\/wp\/v2\/types\/post"}],"author":[{"embeddable":true,"href":"https:\/\/www.diarioimagen.net\/index.php?rest_route=\/wp\/v2\/users\/3"}],"replies":[{"embeddable":true,"href":"https:\/\/www.diarioimagen.net\/index.php?rest_route=%2Fwp%2Fv2%2Fcomments&post=426926"}],"version-history":[{"count":0,"href":"https:\/\/www.diarioimagen.net\/index.php?rest_route=\/wp\/v2\/posts\/426926\/revisions"}],"wp:attachment":[{"href":"https:\/\/www.diarioimagen.net\/index.php?rest_route=%2Fwp%2Fv2%2Fmedia&parent=426926"}],"wp:term":[{"taxonomy":"category","embeddable":true,"href":"https:\/\/www.diarioimagen.net\/index.php?rest_route=%2Fwp%2Fv2%2Fcategories&post=426926"},{"taxonomy":"post_tag","embeddable":true,"href":"https:\/\/www.diarioimagen.net\/index.php?rest_route=%2Fwp%2Fv2%2Ftags&post=426926"}],"curies":[{"name":"wp","href":"https:\/\/api.w.org\/{rel}","templated":true}]}}