{"id":426935,"date":"2019-05-10T00:08:20","date_gmt":"2019-05-10T05:08:20","guid":{"rendered":"https:\/\/www.diarioimagen.net\/?p=426935"},"modified":"2019-05-10T01:51:55","modified_gmt":"2019-05-10T06:51:55","slug":"expotur-2019-san-jose-de-costa-rica","status":"publish","type":"post","link":"https:\/\/www.diarioimagen.net\/?p=426935","title":{"rendered":"Expotur 2019, San Jos\u00e9 de Costa Rica"},"content":{"rendered":"<h2>Detr\u00e1s del Poder<\/h2>\n<h5>Jos\u00e9 Antonio L\u00f3pez Sosa<\/h5>\n<p>&nbsp;<\/p>\n<p><strong>San Jos\u00e9, Costa Rica<\/strong>.-Arranc\u00f3 la edici\u00f3n n\u00famero 35 de la feria de turismo m\u00e1s importante de Costa Rica y una de las m\u00e1s grandes de Am\u00e9rica Central.<\/p>\n<p>En el Teatro Nacional, el presidente Carlos Alvarado, habl\u00f3 de la importancia que tiene el turismo para este pa\u00eds, tambi\u00e9n hubo mensajes de parte de su gabinete, as\u00ed como de presidentes de asociaciones de hoteleros y profesionales del sector.<\/p>\n<p>La feria es organizada por la Asociaci\u00f3n Costarricense de Profesionales en Turismo (ACOPROT), en el reci\u00e9n inaugurado Centro Nacional de Congresos y Convenciones (hace justo un a\u00f1o) y re\u00fane a los principales destinos, operadores tur\u00edsticos, hoteleros, aerol\u00edneas, receptivos y empresas del sector tur\u00edstico que se muestran al mercado internacional.<\/p>\n<p>El principal mercado emisor de turistas en Costa Rica son los Estados Unidos, seguidos de Canad\u00e1 de acuerdo a la informaci\u00f3n que nos dio la Ministra de Turismo, Mar\u00eda Amalia Revelo, reciben poco m\u00e1s de 3 millones de viajeros internacionales al a\u00f1o, en un pa\u00eds que tiene poco m\u00e1s de 5 millones de habitantes.<\/p>\n<p>Entre las empresas m\u00e1s destacadas del sector est\u00e1 Volaris Costa Rica, aerol\u00ednea bandera de este pa\u00eds y filial de la mexicana, la oficina de turismo de la municipalidad de San Jos\u00e9, IHG Latinoam\u00e9rica con sus marcas Crowne Plaza y Holiday Inn que operan en Costa Rica, la Hacienda El Viejo, Grupo Proimagen, Borinquen Resort &amp; Spa, Hoteles RIU, AM Resorts, entre muchas otras.<\/p>\n<p>Destac\u00f3 tambi\u00e9n la presencia de El Salvador y Nicaragua en la feria, promoviendo sus destinos que lejos de competir, se complementan con la oferta tur\u00edstica de Costa Rica.<\/p>\n<p>M\u00e9xico y Costa Rica tienen una muy buena conectividad, Volaris Costa Rica, Aerom\u00e9xico e Interjet en vuelos directos; Copa Airlines v\u00eda Panam\u00e1 y Avianca v\u00eda San Salvador.<\/p>\n<p>La hoteler\u00eda mexicana tiene presencia en Costa Rica con la cadena City Express y el intercambio tur\u00edstico es creciente, a pesar que ambos pa\u00edses compiten en diferentes mercados, es un buen n\u00famero de mexicanos los que viajan a Costa Rica y a la inversa, cada vez m\u00e1s ticos viajan a M\u00e9xico por placer y negocios.<\/p>\n<p>El turismo es una de las principales actividades econ\u00f3micas de este pa\u00eds, as\u00ed lo muestra la buena organizaci\u00f3n y el profesionalismo con el que se desarrolla Expotur, habiendo oportunidades de negocios para las empresas internacionales \u2014mexicanas incluidas\u2014, que buscan traer m\u00e1s visitantes a Costa Rica.<\/p>\n<p><em><a href=\"http:\/\/www.lopezsosa.com\" target=\"_blank\" rel=\"noopener noreferrer\">www.lopezsosa.com<\/a><\/em><br \/>\n<em><a href=\"mailto:joseantonio@lopezsosa.com\" target=\"_blank\" rel=\"noopener noreferrer\">joseantonio@lopezsosa.com<\/a><\/em><br \/>\n<em><a href=\"http:\/\/twitter.com\/joseantonio1977\" target=\"_blank\" rel=\"noopener noreferrer\">@joseantonio197<\/a><\/em><\/p>\n","protected":false},"excerpt":{"rendered":"<p><span style=\"color: #005497;\"><strong>Jos\u00e9 Antonio L\u00f3pez Sosa<\/strong><\/span><\/p>\n","protected":false},"author":3,"featured_media":0,"comment_status":"open","ping_status":"open","sticky":false,"template":"","format":"standard","meta":{"_monsterinsights_skip_tracking":false,"_monsterinsights_sitenote_active":false,"_monsterinsights_sitenote_note":"","_monsterinsights_sitenote_category":0,"footnotes":""},"categories":[637],"tags":[638,43690,43674],"class_list":["post-426935","post","type-post","status-publish","format-standard","hentry","category-jose-antonio-lopez-sosa","tag-detras-del-poder","tag-jose-antonio-lopez-sosa","tag-opinion"],"_links":{"self":[{"href":"https:\/\/www.diarioimagen.net\/index.php?rest_route=\/wp\/v2\/posts\/426935","targetHints":{"allow":["GET"]}}],"collection":[{"href":"https:\/\/www.diarioimagen.net\/index.php?rest_route=\/wp\/v2\/posts"}],"about":[{"href":"https:\/\/www.diarioimagen.net\/index.php?rest_route=\/wp\/v2\/types\/post"}],"author":[{"embeddable":true,"href":"https:\/\/www.diarioimagen.net\/index.php?rest_route=\/wp\/v2\/users\/3"}],"replies":[{"embeddable":true,"href":"https:\/\/www.diarioimagen.net\/index.php?rest_route=%2Fwp%2Fv2%2Fcomments&post=426935"}],"version-history":[{"count":0,"href":"https:\/\/www.diarioimagen.net\/index.php?rest_route=\/wp\/v2\/posts\/426935\/revisions"}],"wp:attachment":[{"href":"https:\/\/www.diarioimagen.net\/index.php?rest_route=%2Fwp%2Fv2%2Fmedia&parent=426935"}],"wp:term":[{"taxonomy":"category","embeddable":true,"href":"https:\/\/www.diarioimagen.net\/index.php?rest_route=%2Fwp%2Fv2%2Fcategories&post=426935"},{"taxonomy":"post_tag","embeddable":true,"href":"https:\/\/www.diarioimagen.net\/index.php?rest_route=%2Fwp%2Fv2%2Ftags&post=426935"}],"curies":[{"name":"wp","href":"https:\/\/api.w.org\/{rel}","templated":true}]}}