{"id":426951,"date":"2019-05-10T00:11:33","date_gmt":"2019-05-10T05:11:33","guid":{"rendered":"https:\/\/www.diarioimagen.net\/?p=426951"},"modified":"2019-05-10T03:15:47","modified_gmt":"2019-05-10T08:15:47","slug":"y-lopez-obrador-se-siente-sonado","status":"publish","type":"post","link":"https:\/\/www.diarioimagen.net\/?p=426951","title":{"rendered":"Y L\u00f3pez Obrador se siente so\u00f1ado"},"content":{"rendered":"<h2>Tras la puerta del poder<\/h2>\n<h5>Roberto Vizca\u00edno<\/h5>\n<p>&nbsp;<\/p>\n<div id=\"attachment_426980\" style=\"width: 470px\" class=\"wp-caption aligncenter\"><a href=\"https:\/\/www.diarioimagen.net\/?attachment_id=426980\" rel=\"attachment wp-att-426980\"><img loading=\"lazy\" decoding=\"async\" aria-describedby=\"caption-attachment-426980\" class=\"size-large wp-image-426980\" src=\"https:\/\/www.diarioimagen.net\/wp-content\/uploads\/2019\/05\/lo-de-hoy-LUIS-XAVIER-460x354.jpg\" alt=\"\" width=\"460\" height=\"354\" srcset=\"https:\/\/www.diarioimagen.net\/wp-content\/uploads\/2019\/05\/lo-de-hoy-LUIS-XAVIER-460x354.jpg 460w, https:\/\/www.diarioimagen.net\/wp-content\/uploads\/2019\/05\/lo-de-hoy-LUIS-XAVIER-240x185.jpg 240w, https:\/\/www.diarioimagen.net\/wp-content\/uploads\/2019\/05\/lo-de-hoy-LUIS-XAVIER-768x591.jpg 768w, https:\/\/www.diarioimagen.net\/wp-content\/uploads\/2019\/05\/lo-de-hoy-LUIS-XAVIER.jpg 1200w\" sizes=\"auto, (max-width: 460px) 100vw, 460px\" \/><\/a><p id=\"caption-attachment-426980\" class=\"wp-caption-text\">Lo de hoy&#8230; | Luis Xavier<\/p><\/div>\n<p>&nbsp;<\/p>\n<p>El presidente <strong>L\u00f3pez Obrador <\/strong>estaba ayer exultante. Nunca antes hab\u00eda participado en un momento que lo hiciera sentir consciente, realmente dentro de la historia.<\/p>\n<p>Ayer, al anunciar su rechazo a las propuestas de 3 grandes empresas internacionales en la construcci\u00f3n de la refiner\u00eda de Dos Bocas, para decidir \u00e9l mismo que el proyecto lo haga Pemex y Energ\u00eda con sus recursos y t\u00e9cnicos estaba probando lo que pudo sentir el general L\u00e1zaro C\u00e1rdenas al ordenar la creaci\u00f3n de Pemex y las refiner\u00edas luego de la expropiaci\u00f3n petrolera.<\/p>\n<p>Todo lo dem\u00e1s no import\u00f3.<\/p>\n<p>No le import\u00f3 ni interesa ni saber ni entender, que, al decidir hacer esa refiner\u00eda con t\u00e9cnicos y recursos propios, de su gobierno, est\u00e1 retando a las calificadoras e inversionistas nacionales y extranjeros, al sistema financiero todo, a los empresarios y capitales a replantear sus proyecciones y calificaciones sobre Pemex y M\u00e9xico.<\/p>\n<p>Es obvio que en su anuncio y explicaciones no tom\u00f3 en cuenta que al decidir hacer todo lo anterior cerrando lo m\u00e1s que se pueda la participaci\u00f3n de capitales y empresas extranjeras en Dos Bocas, Tabasco, est\u00e1 marginando peligrosamente al nuevo Tratado de Libre Comercio EU, Canad\u00e1-M\u00e9xico en curso dentro del Senado norteamericano y que ordena abrir todos estos proyectos a empresas y capitales de los tres pa\u00edses.<\/p>\n<p>Y evidentemente est\u00e1 tan obsesionado por insertarse en los zapatos y sacos del general <strong>C\u00e1rdenas<\/strong>, de <strong>Benito Ju\u00e1rez<\/strong>, <strong>Madero<\/strong> y otros, es decir, en reconstruir la historia de todos ellos para adecuarla a la suya en lo personal, que no entiende que <strong>las Leyes de Murphy<\/strong> son ineluctables, sobre todo la primera que dice: <em>si algo puede fallar, fallar\u00e1.<\/em><\/p>\n<p>Y construir una refiner\u00eda es tan complejo que quien lo haga se va a enfrentar a innumerables fallas.<\/p>\n<p>Por lo pronto <strong>Andr\u00e9s Manuel L\u00f3pez Obrador<\/strong> afirma que \u201cme canso ganso\u201d que lo hace. El para qu\u00e9 y por qu\u00e9 son lo de menos.<\/p>\n<p>Frente a sus argumentos no hay defensa. Dos Bocas va porque va.<\/p>\n<p style=\"text-align: center;\"><strong>Reacciones<br \/>\n<\/strong><\/p>\n<p>En una respuesta inmediata, la calificadora <strong>Moody\u2019s Investors Service<\/strong> dijo que todo el proyecto era por dem\u00e1s preocupante.<\/p>\n<p>Y consider\u00f3 que construir una refiner\u00eda en 3 a\u00f1os y con un costo cerrado de 8 mil millones de d\u00f3lares es simplemente \u201cmuy optimista\u201d.<\/p>\n<p>La percepci\u00f3n de sus analistas se indic\u00f3, es de que todo derivar\u00e1 en retrasos y sobrecostos.<\/p>\n<p>\u201cSe valida nuestra preocupaci\u00f3n en torno a que los estimados del gobierno de M\u00e9xico fueron optimistas\u201d, dijo <strong>Peter Speera,<\/strong> analista de Moody\u2019s.<\/p>\n<p>Cargarle Pemex\u00a0 y a Energ\u00eda el proyecto, dificultar\u00e1 la ya muy complicada tarea de directivos y funcionarios en su batalla por evitar la ca\u00edda en la producci\u00f3n de crudo y mejorar las refiner\u00edas existentes, agreg\u00f3.<\/p>\n<p>\u201cEsto tambi\u00e9n eleva el riesgo de retrasos y sobregiros de costos que pudieran sumar m\u00e1s presi\u00f3n a las finanzas de Pemex\u201d.<\/p>\n<p>La Confederaci\u00f3n Patronal de la Rep\u00fablica Mexicana, la Coparmex, simplemente exhort\u00f3 a L\u00f3pez Obrador a reconsiderar su plan.<\/p>\n<p>La dirigencia de Coparmex indic\u00f3 que L\u00f3pez Obrador no puede ignorar que Pemex es la empresa petrolera m\u00e1s endeudada del mundo y que un proyecto de esta naturaleza inevitablemente afectar\u00e1 su funcionamiento y sus ingresos.<\/p>\n<p>Tal como lo anunci\u00f3, pareciera que L\u00f3pez Obrador ten\u00eda desde antes la intenci\u00f3n de convocar a grandes empresas para luego desecharlas y arrancar su propio proyecto, indicaron especialistas.<\/p>\n<p>El proceso de licitaci\u00f3n incluy\u00f3 la participaci\u00f3n de 4 consorcios: Bechtel-Techint (Estados Unidos, Italia-Argentina); WorleyParsons-Jacobs (Australia-Estados Unidos) y las empresas Technip (Francia) y KBR (Estados Unidos).<\/p>\n<p>Todos ellos, explic\u00f3 ayer <strong>AMLO<\/strong>, presentaron costos mayores a los 10 mil millones de d\u00f3lares y fechas de entrega de entre 5 y 8 a\u00f1os cuando se les hab\u00eda pedido no sobrepasar los 8 mil millones de d\u00f3lares y los 3 a\u00f1os para la entrega final.<\/p>\n<p>Y de repente sale el tabasque\u00f1o con que, ante el incumplimiento de los consorcios internacionales, \u00e9l ya ten\u00eda el Plan \u201cB\u201d que era el de que Pemex y Energ\u00eda construyeran la refiner\u00eda.<\/p>\n<p>\u00bfEs viable lo que dice AMLO?<\/p>\n<p>Hay quienes ayer recordaron que en febrero pasado el Instituto Mexicano del Petr\u00f3leo distribuy\u00f3 un proyecto para Dos Bocas con un costo de 14,740 millones de d\u00f3lares, Quienes lo elaboraron, expertos en el tema, se dijeron \u201cperturbados con el cambio de t\u00e1ctica\u201d del tabasque\u00f1o.<\/p>\n<p>\u201cMe parece una irresponsabilidad, es una improvisaci\u00f3n total, no lo van a poder hacer\u201d, indic\u00f3 David Shields, consultor en temas de energ\u00eda, a France Press.<\/p>\n<p>\u201cUna refiner\u00eda requiere un alt\u00edsimo grado de detalle en su dise\u00f1o\u201d, subray\u00f3.<\/p>\n<p>Otros especialistas y consultores indicaron que es preocupante la improvisaci\u00f3n con que est\u00e1 actuando L\u00f3pez Obrador, s\u00f3lo amparado por un voluntarismo muy alejado de la realidad de un proyecto que requiere de grandes complejidades en su dise\u00f1o y ejecuci\u00f3n.<\/p>\n<p>Habr\u00eda que recordar hoy que la calificadora Fitch redujo en 2 escalones su proyecci\u00f3n a finales de enero y en el primer trimestre del a\u00f1o, el primero bajo el gobierno de L\u00f3pez Obrador, Pemex perdi\u00f3 1,876 millones de d\u00f3lares.<\/p>\n<p>Pemex, lo saben todos en ese sector, requiere subir sus inversiones y revertir su producci\u00f3n, que cay\u00f3 de 3.4 millones de barriles diarios en 2004 al promedio de 1.6 millones.<\/p>\n<p>La empresa estatal tiene una desmesurada deuda de 106,500 millones de d\u00f3lares.<\/p>\n<p style=\"text-align: center;\"><strong>La fiesta por la educativa<\/strong><\/p>\n<p>Luego del tropiezo que algunos quisieron colgarle a <strong>Ricardo Monreal<\/strong> como ineficiencia o debilidades de liderazgo, ayer finalmente el Senado aprob\u00f3 la reforma educativa con que operar\u00e1 el gobierno de <strong>Andr\u00e9s Manuel L\u00f3pez Obrador.<\/strong><\/p>\n<p>Y de paso cumpli\u00f3 una m\u00e1s de sus promesas de campa\u00f1a: derogar la anterior que manten\u00eda en estado de guerra a la CNTE y un buen n\u00famero de docentes del SNTE.<\/p>\n<p>As\u00ed, con el voto sumado, acordado, convenido de Morena, PRI, PRD y MC <strong>Monreal <\/strong>logr\u00f3 la mayor\u00eda calificada para dar el paso final al menos en el Senado respecto de esta reforma.<\/p>\n<p>No deja de llamar la atenci\u00f3n que al final el zacatecano, l\u00edder de la mayor\u00eda de Morena y presidente de la Junta de Coordinaci\u00f3n Pol\u00edtica del Senado logr\u00f3 deshacer al bloque opositor que hab\u00eda formado los coordinadores de PRI, PAN, PRD y MC y que imped\u00eda aprobar las minutas y reformas que requer\u00edan mayor\u00edas calificadas.<\/p>\n<p>As\u00ed al final en este debate se qued\u00f3 s\u00f3lo el grupo de senadores de Acci\u00f3n Nacional que ahora comanda directamente <strong>Marko Cort\u00e9s<\/strong> desde la dirigencia nacional del blanquiazul.<\/p>\n<p>Para nadie es un secreto que el michoacano <strong>Cort\u00e9s <\/strong>se ha metido de lleno a operar en el Congreso porque quiere convertirse en una alternativa de oposici\u00f3n frente al gobierno de <strong>L\u00f3pez Obrador<\/strong> con miras a recuperar terreno en las elecciones intermedias del 2021 y en las presidenciales de 2024.<\/p>\n<p>En el Senado su alfil es el senador <strong>Dami\u00e1n Zepeda<\/strong>, a quien Cort\u00e9s tuvo que negociar en su carrera por la dirigencia nacional del PAN.<\/p>\n<p>Lo \u00fanico cierto es que de nuevo el \u00fanico ganador de toda esta contienda es <strong>Ricardo Monreal.<\/strong><\/p>\n<p><em><u><a href=\"http:\/\/endirecto.mx\" target=\"_blank\" rel=\"noopener noreferrer\">www.endirecto.mx<\/a><br \/>\n<a href=\"https:\/\/twitter.com\/_rvizcaino\" target=\"_blank\" rel=\"noopener noreferrer\">@_RVizcaino<\/a><br \/>\n<a href=\"https:\/\/www.facebook.com\/rvizcainoa\" target=\"_blank\" rel=\"noopener noreferrer\">facebook.com\/rvizcainoa<\/a><\/u><\/em><\/p>\n","protected":false},"excerpt":{"rendered":"<p><span style=\"color: #005497;\"><strong>Roberto Vizca\u00edno<\/strong><\/span><br \/>\n<br \/>\nEl presidente <strong>L\u00f3pez Obrador <\/strong>estaba ayer exultante. Nunca antes hab\u00eda participado en un momento que lo hiciera sentir consciente, realmente dentro de la historia.<\/p>\n","protected":false},"author":3,"featured_media":426980,"comment_status":"open","ping_status":"open","sticky":false,"template":"","format":"standard","meta":{"_monsterinsights_skip_tracking":false,"_monsterinsights_sitenote_active":false,"_monsterinsights_sitenote_note":"","_monsterinsights_sitenote_category":0,"footnotes":""},"categories":[136],"tags":[43674,93,94],"class_list":["post-426951","post","type-post","status-publish","format-standard","has-post-thumbnail","hentry","category-roberto-vizcaino-opinion","tag-opinion","tag-roberto-vizcaino","tag-tras-la-puerta-del-poder"],"_links":{"self":[{"href":"https:\/\/www.diarioimagen.net\/index.php?rest_route=\/wp\/v2\/posts\/426951","targetHints":{"allow":["GET"]}}],"collection":[{"href":"https:\/\/www.diarioimagen.net\/index.php?rest_route=\/wp\/v2\/posts"}],"about":[{"href":"https:\/\/www.diarioimagen.net\/index.php?rest_route=\/wp\/v2\/types\/post"}],"author":[{"embeddable":true,"href":"https:\/\/www.diarioimagen.net\/index.php?rest_route=\/wp\/v2\/users\/3"}],"replies":[{"embeddable":true,"href":"https:\/\/www.diarioimagen.net\/index.php?rest_route=%2Fwp%2Fv2%2Fcomments&post=426951"}],"version-history":[{"count":0,"href":"https:\/\/www.diarioimagen.net\/index.php?rest_route=\/wp\/v2\/posts\/426951\/revisions"}],"wp:featuredmedia":[{"embeddable":true,"href":"https:\/\/www.diarioimagen.net\/index.php?rest_route=\/wp\/v2\/media\/426980"}],"wp:attachment":[{"href":"https:\/\/www.diarioimagen.net\/index.php?rest_route=%2Fwp%2Fv2%2Fmedia&parent=426951"}],"wp:term":[{"taxonomy":"category","embeddable":true,"href":"https:\/\/www.diarioimagen.net\/index.php?rest_route=%2Fwp%2Fv2%2Fcategories&post=426951"},{"taxonomy":"post_tag","embeddable":true,"href":"https:\/\/www.diarioimagen.net\/index.php?rest_route=%2Fwp%2Fv2%2Ftags&post=426951"}],"curies":[{"name":"wp","href":"https:\/\/api.w.org\/{rel}","templated":true}]}}