{"id":427026,"date":"2019-05-11T00:08:58","date_gmt":"2019-05-11T05:08:58","guid":{"rendered":"https:\/\/www.diarioimagen.net\/?p=427026"},"modified":"2019-05-11T05:21:59","modified_gmt":"2019-05-11T10:21:59","slug":"paliativos-costosisimos-en-contra-del-sargazo","status":"publish","type":"post","link":"https:\/\/www.diarioimagen.net\/?p=427026","title":{"rendered":"Paliativos costos\u00edsimos en contra del sargazo"},"content":{"rendered":"<h2>Acta P\u00fablica<\/h2>\n<h5>Claudia Rodr\u00edguez<\/h5>\n<p>&nbsp;<\/p>\n<p><a href=\"https:\/\/www.diarioimagen.net\/?attachment_id=427027\" rel=\"attachment wp-att-427027\"><img loading=\"lazy\" decoding=\"async\" class=\"aligncenter size-large wp-image-427027\" src=\"https:\/\/www.diarioimagen.net\/wp-content\/uploads\/2019\/05\/acta-460x259.jpg\" alt=\"\" width=\"460\" height=\"259\" srcset=\"https:\/\/www.diarioimagen.net\/wp-content\/uploads\/2019\/05\/acta-460x259.jpg 460w, https:\/\/www.diarioimagen.net\/wp-content\/uploads\/2019\/05\/acta-240x135.jpg 240w, https:\/\/www.diarioimagen.net\/wp-content\/uploads\/2019\/05\/acta-235x132.jpg 235w, https:\/\/www.diarioimagen.net\/wp-content\/uploads\/2019\/05\/acta-202x114.jpg 202w, https:\/\/www.diarioimagen.net\/wp-content\/uploads\/2019\/05\/acta-350x196.jpg 350w, https:\/\/www.diarioimagen.net\/wp-content\/uploads\/2019\/05\/acta-220x123.jpg 220w, https:\/\/www.diarioimagen.net\/wp-content\/uploads\/2019\/05\/acta-237x132.jpg 237w, https:\/\/www.diarioimagen.net\/wp-content\/uploads\/2019\/05\/acta.jpg 480w\" sizes=\"auto, (max-width: 460px) 100vw, 460px\" \/><\/a><\/p>\n<p>&nbsp;<\/p>\n<p>Es cierto que las zonas costeras del Caribe mexicano, siempre ha contado con la presencia de sargazo \u2013alga que se produce en las costas de Portugal y el norte de \u00c1frica\u2014, en forma de peque\u00f1os ecosistemas que han soportado vida marina y hasta de ciertas aves que surcan los mares; ha conformado por siglos, un ecosistema valioso a modo de islas marinas que alberga redes alimenticias, en las que fauna joven encuentra refugio.\u00a0 Ya en las costas, este conglomerado de algas con tonos caf\u00e9 oscuro, tiene la funci\u00f3n de atemperar la erosi\u00f3n de las playas, adem\u00e1s que sirve de fertilizante a las plantas de las costas.<\/p>\n<p>Por mucho tiempo se presentaron a\u00f1o con a\u00f1o, los patrones de corrientes marinas que tra\u00edan el sargazo desde sus puntos de origen hacia Am\u00e9rica sin que sufrieran grandes cambios; desde el suroeste europeo y el noroeste africano, pasaba por las Antillas para llegar al Golfo de M\u00e9xico.\u00a0 Conocido es tambi\u00e9n, que desde donde se originan viajan hasta el cono sur de Am\u00e9rica, mismas que pueden ascender \u00a0hasta el mismo Golfo.<\/p>\n<p>A partir del 2015 hubo un cambio dr\u00e1stico en las corrientes marinas en las zonas m\u00e1s cercanas al Ecuador en todo el mundo, debido al aumento de la temperatura, seg\u00fan varios investigadores y estudiosos, lo que se conjunt\u00f3 con la distinta distribuci\u00f3n del sargazo en las costa oeste de nuestro continente, acumul\u00e1ndose en grandes cantidades sobre todo en las costas del Caribe mexicano.<\/p>\n<p>El camino que las autoridades mexicanas del orden local y federal han realizado para atacar al sargazo con la limpia del mismo, sobre todo en las zonas tur\u00edsticas de Quintana Roo, es apenas un paliativo.\u00a0 Asombra incluso que hay quienes venden como panacea el industrializar esta alga, como si s\u00f3lo se tratara de hacer algo bueno con lo malo.<\/p>\n<p>El ataque a estos pastos marinos que ya han costado millones de pesos por su retiro, no ayudar\u00e1 en nada, pues al ritmo que va el calentamiento global de la Tierra, este llegar\u00e1 cada a\u00f1o en mayor cantidad, alterando el equilibrio del ecosistema costero, m\u00e1s all\u00e1 de la actividad econ\u00f3mica del turismo.<\/p>\n<p>En serio, era para ayer el cambio de muchos de nuestros h\u00e1bitos de consumo y de vida, as\u00ed como los competentes a los Gobiernos de gran parte del mundo industrializado, la creaci\u00f3n de energ\u00edas limpias y manejos de desechos est\u00e1n muy rezagadas.<\/p>\n<p>Si no se hace algo de manera global contra el cambio clim\u00e1tico, el tratamiento del sargazo ser\u00e1 lo de menos.<\/p>\n<p>Si se cree que estas l\u00edneas son catastrofistas, no son nada con lo que pasa d\u00eda a d\u00eda en nuestro entorno.<\/p>\n<p><b>Acta Divina\u2026 <\/b>En el 2018, el gobierno de Quintana Roo gast\u00f3 322.5 millones en el retiro de sargazo.<\/p>\n<p><b>Para advertir\u2026 <\/b>No importa cuanto m\u00e1s gasten, sin medidas de fondo, no habr\u00e1 dinero suficiente para combatir las anomal\u00edas clim\u00e1ticas y sus consecuencias exterminadoras del entorno.<\/p>\n<p><em><a href=\"mailto:actapublica@gmail.com\" target=\"_blank\" rel=\"noopener noreferrer\">actapublica@gmail.com<\/a><\/em><\/p>\n","protected":false},"excerpt":{"rendered":"<p><span style=\"color: #005497;\"><strong>Claudia Rodr\u00edguez<\/strong><\/span><br \/>\n<br \/>\nEs cierto que las zonas costeras del Caribe mexicano, siempre ha contado con la presencia de sargazo \u2013alga que se produce en las costas de Portugal y el norte de \u00c1frica\u2014, en forma de peque\u00f1os ecosistemas que han soportado vida marina y hasta de ciertas aves que surcan los mares<\/p>\n","protected":false},"author":1,"featured_media":427027,"comment_status":"open","ping_status":"open","sticky":false,"template":"","format":"standard","meta":{"_monsterinsights_skip_tracking":false,"_monsterinsights_sitenote_active":false,"_monsterinsights_sitenote_note":"","_monsterinsights_sitenote_category":0,"footnotes":""},"categories":[1281],"tags":[46350,43674],"class_list":["post-427026","post","type-post","status-publish","format-standard","has-post-thumbnail","hentry","category-claudia-rodriguez","tag-acta-publica","tag-opinion"],"_links":{"self":[{"href":"https:\/\/www.diarioimagen.net\/index.php?rest_route=\/wp\/v2\/posts\/427026","targetHints":{"allow":["GET"]}}],"collection":[{"href":"https:\/\/www.diarioimagen.net\/index.php?rest_route=\/wp\/v2\/posts"}],"about":[{"href":"https:\/\/www.diarioimagen.net\/index.php?rest_route=\/wp\/v2\/types\/post"}],"author":[{"embeddable":true,"href":"https:\/\/www.diarioimagen.net\/index.php?rest_route=\/wp\/v2\/users\/1"}],"replies":[{"embeddable":true,"href":"https:\/\/www.diarioimagen.net\/index.php?rest_route=%2Fwp%2Fv2%2Fcomments&post=427026"}],"version-history":[{"count":0,"href":"https:\/\/www.diarioimagen.net\/index.php?rest_route=\/wp\/v2\/posts\/427026\/revisions"}],"wp:featuredmedia":[{"embeddable":true,"href":"https:\/\/www.diarioimagen.net\/index.php?rest_route=\/wp\/v2\/media\/427027"}],"wp:attachment":[{"href":"https:\/\/www.diarioimagen.net\/index.php?rest_route=%2Fwp%2Fv2%2Fmedia&parent=427026"}],"wp:term":[{"taxonomy":"category","embeddable":true,"href":"https:\/\/www.diarioimagen.net\/index.php?rest_route=%2Fwp%2Fv2%2Fcategories&post=427026"},{"taxonomy":"post_tag","embeddable":true,"href":"https:\/\/www.diarioimagen.net\/index.php?rest_route=%2Fwp%2Fv2%2Ftags&post=427026"}],"curies":[{"name":"wp","href":"https:\/\/api.w.org\/{rel}","templated":true}]}}