{"id":427041,"date":"2019-05-12T13:21:58","date_gmt":"2019-05-12T18:21:58","guid":{"rendered":"https:\/\/www.diarioimagen.net\/?p=427041"},"modified":"2019-05-13T03:02:08","modified_gmt":"2019-05-13T08:02:08","slug":"alerta-gobierno-capitalino-por-humo-de-incendios-del-fin-de-semana","status":"publish","type":"post","link":"https:\/\/www.diarioimagen.net\/?p=427041","title":{"rendered":"Alerta gobierno capitalino por humo de incendios del fin de semana"},"content":{"rendered":"<ul>\n<li><em><strong>Se exhorta a la poblaci\u00f3n a tomar precauciones<\/strong><\/em><\/li>\n<\/ul>\n<p>&nbsp;<\/p>\n<div id=\"attachment_427042\" style=\"width: 470px\" class=\"wp-caption aligncenter\"><img loading=\"lazy\" decoding=\"async\" aria-describedby=\"caption-attachment-427042\" class=\"size-large wp-image-427042\" src=\"https:\/\/www.diarioimagen.net\/wp-content\/uploads\/2019\/05\/HUMO13-PORTAL-460x268.jpg\" alt=\"\" width=\"460\" height=\"268\" srcset=\"https:\/\/www.diarioimagen.net\/wp-content\/uploads\/2019\/05\/HUMO13-PORTAL-460x268.jpg 460w, https:\/\/www.diarioimagen.net\/wp-content\/uploads\/2019\/05\/HUMO13-PORTAL-240x140.jpg 240w, https:\/\/www.diarioimagen.net\/wp-content\/uploads\/2019\/05\/HUMO13-PORTAL.jpg 480w\" sizes=\"auto, (max-width: 460px) 100vw, 460px\" \/><p id=\"caption-attachment-427042\" class=\"wp-caption-text\">Autoridades de la Ciudad M\u00e9xico emitieron diversas recomendaciones a la poblaci\u00f3n por el humo debido a los inciendios forestales en los \u00fatimas d\u00edas.<\/p><\/div>\n<p>&nbsp;<\/p>\n<p>La Secretar\u00eda de Gesti\u00f3n Integral de Riesgos y Protecci\u00f3n Civil de la Ciudad M\u00e9xico emiti\u00f3 diversas recomendaciones a la poblaci\u00f3n en caso de presenciar humo de los incendios forestales y evitar da\u00f1os a la salud.<\/p>\n<p>En su cuenta de Twitter @SGIRPC_CDMX sugiri\u00f3 cerrar puertas y ventanas, sellar con trapos h\u00famedos las rendijas y permanecer en ambientes cerrados; donde exista m\u00e1s concentraci\u00f3n de humo, usar cubreboca de manera permanente o tratar de respirar a trav\u00e9s de una prenda mojada.<\/p>\n<p>Tambi\u00e9n aconseja evitar llevar a cabo actividades al aire libre, acudir al m\u00e9dico en caso de haberse expuesto al humo, en particular si se tienen problemas respiratorios y evitar usar lentes de contacto.<\/p>\n<p>La dependencia agreg\u00f3 que es necesario mantenerse atentos e informados de manera constante con las fuentes oficiales y evitar rumores.<\/p>\n<p>Tambi\u00e9n se exhorta a la poblaci\u00f3n a tomar precauciones para prevenir incendios y a no arrojar cerillos o cigarros encendidos en pastizales o en el bosque.<\/p>\n<p>Por ello, las Secretar\u00edas de Gesti\u00f3n Integral de Riesgos y Protecci\u00f3n Civil y de Medio Ambiente invitan a la poblaci\u00f3n a no arrojar botellas o vidrios, para evitar iniciar el fuego creando el efecto lupa con los rayos del Sol.<\/p>\n<p>Adem\u00e1s, pidi\u00f3 no hacer fogatas, pues una sola flama puede provocar un fuerte incendio, as\u00ed como guardar l\u00edquidos inflamables en zonas protegidas.<\/p>\n<p>Se tiene registro de la ca\u00edda de cenizas y holl\u00edn en algunas partes de la Ciudad de M\u00e9xico derivado de diversos incendios de pastizales, lotes bald\u00edos, en casas habitaci\u00f3n en varias alcald\u00edas.<\/p>\n<p style=\"text-align: center;\"><strong>Se registra 20 incendios la Ciudad de M\u00e9xico en dos d\u00edas<\/strong><\/p>\n<p><strong>\u00a0<\/strong>El Gobierno de la Ciudad de M\u00e9xico inform\u00f3 que entre el 10 de mayo y las 22:00 del d\u00eda 11 se presentaron 20 incendios, 13 de ellos en pastizales, cuatro en lotes bald\u00edos, dos en casa habitaci\u00f3n y uno forestal.<\/p>\n<p>El Centro de Comando, Control, C\u00f3mputo, Comunicaciones y Contacto Ciudadano de la Ciudad de M\u00e9xico indic\u00f3 que 16 incendios se registraron el viernes y cuatro este s\u00e1bado.<\/p>\n<p>Detall\u00f3 que Tlalpan, Iztapalapa y Milpa Alta hab\u00edan registrado tres incendios, en cada caso. Adem\u00e1s \u00c1lvaro Obreg\u00f3n, Magdalena Contreras, Gustavo A. Madero y Cuajimalpa hab\u00edan enfrentado dos, respectivamente. En tanto, Cuauht\u00e9moc y Xochimilco hab\u00edan presentado uno, en ese orden.<\/p>\n<p>Adem\u00e1s alert\u00f3 que la calidad del aire en la Ciudad de M\u00e9xico y la zona conurbada era de mala a regular la noche del s\u00e1bado, con 128 puntos por part\u00edculas registrados en el municipio Nezahualc\u00f3yotl, Estado de M\u00e9xico.<\/p>\n","protected":false},"excerpt":{"rendered":"<p>La Secretar\u00eda de Gesti\u00f3n Integral de Riesgos y Protecci\u00f3n Civil de la Ciudad M\u00e9xico emiti\u00f3 diversas recomendaciones a la poblaci\u00f3n en caso de presenciar humo de los incendios forestales y evitar da\u00f1os a la salud.<\/p>\n","protected":false},"author":5,"featured_media":427042,"comment_status":"open","ping_status":"open","sticky":false,"template":"","format":"standard","meta":{"_monsterinsights_skip_tracking":false,"_monsterinsights_sitenote_active":false,"_monsterinsights_sitenote_note":"","_monsterinsights_sitenote_category":0,"footnotes":""},"categories":[6],"tags":[72575,85179,85180],"class_list":["post-427041","post","type-post","status-publish","format-standard","has-post-thumbnail","hentry","category-cd-de-mexico","tag-fin-de-semana","tag-gobierno-capitalino","tag-humo-de-incendios"],"_links":{"self":[{"href":"https:\/\/www.diarioimagen.net\/index.php?rest_route=\/wp\/v2\/posts\/427041","targetHints":{"allow":["GET"]}}],"collection":[{"href":"https:\/\/www.diarioimagen.net\/index.php?rest_route=\/wp\/v2\/posts"}],"about":[{"href":"https:\/\/www.diarioimagen.net\/index.php?rest_route=\/wp\/v2\/types\/post"}],"author":[{"embeddable":true,"href":"https:\/\/www.diarioimagen.net\/index.php?rest_route=\/wp\/v2\/users\/5"}],"replies":[{"embeddable":true,"href":"https:\/\/www.diarioimagen.net\/index.php?rest_route=%2Fwp%2Fv2%2Fcomments&post=427041"}],"version-history":[{"count":0,"href":"https:\/\/www.diarioimagen.net\/index.php?rest_route=\/wp\/v2\/posts\/427041\/revisions"}],"wp:featuredmedia":[{"embeddable":true,"href":"https:\/\/www.diarioimagen.net\/index.php?rest_route=\/wp\/v2\/media\/427042"}],"wp:attachment":[{"href":"https:\/\/www.diarioimagen.net\/index.php?rest_route=%2Fwp%2Fv2%2Fmedia&parent=427041"}],"wp:term":[{"taxonomy":"category","embeddable":true,"href":"https:\/\/www.diarioimagen.net\/index.php?rest_route=%2Fwp%2Fv2%2Fcategories&post=427041"},{"taxonomy":"post_tag","embeddable":true,"href":"https:\/\/www.diarioimagen.net\/index.php?rest_route=%2Fwp%2Fv2%2Ftags&post=427041"}],"curies":[{"name":"wp","href":"https:\/\/api.w.org\/{rel}","templated":true}]}}