{"id":427059,"date":"2019-05-13T00:04:27","date_gmt":"2019-05-13T05:04:27","guid":{"rendered":"https:\/\/www.diarioimagen.net\/?p=427059"},"modified":"2019-05-13T04:05:12","modified_gmt":"2019-05-13T09:05:12","slug":"presentan-concurso-de-composicion-arturo-marquez-para-orquesta-de-camara-2019","status":"publish","type":"post","link":"https:\/\/www.diarioimagen.net\/?p=427059","title":{"rendered":"Presentan Concurso de Composici\u00f3n Arturo M\u00e1rquez para Orquesta de C\u00e1mara 2019"},"content":{"rendered":"<ul>\n<li><em><strong>Se premiar\u00e1n tres obras, cada una con cien mil pesos, mismas que se interpretar\u00e1n en el Concierto de Premiaci\u00f3n de este certamen, el 28 de noviembre en el Centro Cultural Roberto Cantoral<\/strong><\/em><\/li>\n<\/ul>\n<p>&nbsp;<\/p>\n<h6>\u00a0Asael Grande<\/h6>\n<p>&nbsp;<\/p>\n<div id=\"attachment_427060\" style=\"width: 470px\" class=\"wp-caption aligncenter\"><img loading=\"lazy\" decoding=\"async\" aria-describedby=\"caption-attachment-427060\" class=\"size-large wp-image-427060\" src=\"https:\/\/www.diarioimagen.net\/wp-content\/uploads\/2019\/05\/composicion-poortal-460x449.jpg\" alt=\"\" width=\"460\" height=\"449\" srcset=\"https:\/\/www.diarioimagen.net\/wp-content\/uploads\/2019\/05\/composicion-poortal-460x449.jpg 460w, https:\/\/www.diarioimagen.net\/wp-content\/uploads\/2019\/05\/composicion-poortal-240x234.jpg 240w, https:\/\/www.diarioimagen.net\/wp-content\/uploads\/2019\/05\/composicion-poortal-50x50.jpg 50w, https:\/\/www.diarioimagen.net\/wp-content\/uploads\/2019\/05\/composicion-poortal.jpg 700w\" sizes=\"auto, (max-width: 460px) 100vw, 460px\" \/><p id=\"caption-attachment-427060\" class=\"wp-caption-text\">Roberto Cantoral Zucchi (director de la Sociedad de Autores y Compositores de M\u00e9xico (SACM), Armando Manzanero y Arturo M\u00e1rquez anunciaron en conferencia de prensa los detalles de la convocatoria para el Concurso de Composici\u00f3n Arturo M\u00e1rquez para Orquesta de C\u00e1mara 2019. <em>(Foto: Asael Grande)<\/em><\/p><\/div>\n<p>&nbsp;<\/p>\n<p>El Centro Cultural Roberto Cantoral, el Patronato del Centro Cultural y el Instituto Nacional de Bellas Artes (INBA),\u00a0 anunciaron en conferencia de prensa los detalles de la convocatoria para el Concurso de Composici\u00f3n Arturo M\u00e1rquez para Orquesta de C\u00e1mara 2019, con el prop\u00f3sito de incentivar la estrecha conjunci\u00f3n que ha existido entre las m\u00fasicas de concierto, popular y la tradicional. La Secretar\u00eda de Cultura, a trav\u00e9s del INBA y el Patronato del Centro Cultural Roberto Cantoral, A.C., invita a j\u00f3venes compositores menores de 40 a\u00f1os a participar en la sexta edici\u00f3n del Concurso de Composici\u00f3n Arturo M\u00e1rquez para Orquesta de C\u00e1mara.<\/p>\n<p>En 2019, el Concurso de Composici\u00f3n Arturo M\u00e1rquez para Orquesta de C\u00e1mara cumple seis a\u00f1os de reconocer la relevancia de la obra del maestro Arturo M\u00e1rquez y de convocar a los j\u00f3venes compositores menores de 40 a\u00f1os a escribir obras a partir de los ritmos populares y tradicionales arraigados en nuestro pa\u00eds. Como resultado de ello se han creado m\u00e1s de 300 obras inspiradas en el vasto repertorio musical de nuestra extensa y variada geograf\u00eda: \u201cestoy muy agradecido por el honor que se me hace en este concurso, pero debo decir que estoy mucho m\u00e1s agradecido por la oportunidad que se le da a los j\u00f3venes creadores, a los j\u00f3venes compositores para que, por medio de este concurso, expongan sus nuevas creaciones, es lo m\u00e1s grande que puede existir para un pa\u00eds, es realmente abrazar a esos j\u00f3venes creadores, agradezco esta labor de promover la creaci\u00f3n de nuevo talento en M\u00e9xico, hemos visto en estos \u00faltimos seis a\u00f1os ya llegamos a la sexta edici\u00f3n, se han estrenado diversas obras de todo tipo, y siempre estamos esperando la nueva obra que se va a estrenar como una sorpresa, es una gran oportunidad para los j\u00f3venes que sean interpretados por m\u00fasicos profesionales\u201d, coment\u00f3, el maestro, Arturo M\u00e1rquez, compositor mexicano, reconocido por utilizar formas y estilos musicales mexicanos e incorporarlos en sus composiciones.<\/p>\n<p>Por su parte, el maestro Armando Manzanero, cantautor, m\u00fasico, compositor y productor musical mexicano, ganador de un Grammy, destac\u00f3: \u201cel hecho de que este concurso est\u00e9 avalado por un grande, como es el maestro Arturo M\u00e1rquez, hace que la juventud tenga \u00edmpetus grandes para hacer de este concurso cada d\u00eda algo m\u00e1s bonito, me toca escuchar los n\u00fameros finales, y me toca disfrutarlos, y realmente como mexicano me siento muy orgulloso que existan compositores de m\u00fasica cl\u00e1sica de este nivel, de esta envergadura, pero m\u00e1s orgulloso me siento de que, hoy por hoy, existe un algo grande en nuestra Sociedad\u00a0 de Autores, que es la m\u00fasica cl\u00e1sica y la m\u00fasica popular tienen la hermandad m\u00e1s importante de este mundo musical\u201d. Se premiar\u00e1n tres obras, cada una con $100,000.00 (Cien mil pesos 00\/100 moneda nacional), mismas que se interpretar\u00e1n en el Concierto de Premiaci\u00f3n de este certamen, el 28 de noviembre, a las 20:00 horas en el Centro Cultural Roberto Cantoral, como parte del Octavo\u00a0 Festival Art\u00edstico de Oto\u00f1o. Para mayores informes y consulta de la convocatoria del Concurso de Composici\u00f3n Arturo M\u00e1rquez para Orquesta de C\u00e1mara 2019, visite: http:\/\/patronato-ccrc.org.<\/p>\n","protected":false},"excerpt":{"rendered":"<p>El Centro Cultural Roberto Cantoral, el Patronato del Centro Cultural y el Instituto Nacional de Bellas Artes (INBA),\u00a0 anunciaron en conferencia de prensa los detalles de la convocatoria para el Concurso<\/p>\n","protected":false},"author":5,"featured_media":427061,"comment_status":"open","ping_status":"open","sticky":false,"template":"","format":"standard","meta":{"_monsterinsights_skip_tracking":false,"_monsterinsights_sitenote_active":false,"_monsterinsights_sitenote_note":"","_monsterinsights_sitenote_category":0,"footnotes":""},"categories":[12],"tags":[1562,85189,24908,85190,85191],"class_list":["post-427059","post","type-post","status-publish","format-standard","has-post-thumbnail","hentry","category-espectaculos","tag-armando-manzanero","tag-arturo-marquez","tag-centro-cultural-roberto-cantoral","tag-orquesta-de-camara-2019","tag-presentan-concurso-de-composicion"],"_links":{"self":[{"href":"https:\/\/www.diarioimagen.net\/index.php?rest_route=\/wp\/v2\/posts\/427059","targetHints":{"allow":["GET"]}}],"collection":[{"href":"https:\/\/www.diarioimagen.net\/index.php?rest_route=\/wp\/v2\/posts"}],"about":[{"href":"https:\/\/www.diarioimagen.net\/index.php?rest_route=\/wp\/v2\/types\/post"}],"author":[{"embeddable":true,"href":"https:\/\/www.diarioimagen.net\/index.php?rest_route=\/wp\/v2\/users\/5"}],"replies":[{"embeddable":true,"href":"https:\/\/www.diarioimagen.net\/index.php?rest_route=%2Fwp%2Fv2%2Fcomments&post=427059"}],"version-history":[{"count":0,"href":"https:\/\/www.diarioimagen.net\/index.php?rest_route=\/wp\/v2\/posts\/427059\/revisions"}],"wp:featuredmedia":[{"embeddable":true,"href":"https:\/\/www.diarioimagen.net\/index.php?rest_route=\/wp\/v2\/media\/427061"}],"wp:attachment":[{"href":"https:\/\/www.diarioimagen.net\/index.php?rest_route=%2Fwp%2Fv2%2Fmedia&parent=427059"}],"wp:term":[{"taxonomy":"category","embeddable":true,"href":"https:\/\/www.diarioimagen.net\/index.php?rest_route=%2Fwp%2Fv2%2Fcategories&post=427059"},{"taxonomy":"post_tag","embeddable":true,"href":"https:\/\/www.diarioimagen.net\/index.php?rest_route=%2Fwp%2Fv2%2Ftags&post=427059"}],"curies":[{"name":"wp","href":"https:\/\/api.w.org\/{rel}","templated":true}]}}