{"id":427069,"date":"2019-05-13T00:05:21","date_gmt":"2019-05-13T05:05:21","guid":{"rendered":"https:\/\/www.diarioimagen.net\/?p=427069"},"modified":"2019-05-13T04:02:49","modified_gmt":"2019-05-13T09:02:49","slug":"caloncho-se-presentara-desde-los-arboles","status":"publish","type":"post","link":"https:\/\/www.diarioimagen.net\/?p=427069","title":{"rendered":"Caloncho se presentar\u00e1 \u201cDesde los \u00e1rboles\u201d"},"content":{"rendered":"<ul>\n<li><em><strong>El cantante har\u00e1 un recorrido por todo su repertorio y parte de su nuevo EP en las inmediaciones del Teatro de la Ciudad \u201cEsperanza Iris\u201d los d\u00edas 30 y 31 de mayo<\/strong><\/em><\/li>\n<li><em><strong>Apoya temas sociales<\/strong><\/em><\/li>\n<\/ul>\n<p>&nbsp;<\/p>\n<h6>\u00a0Arturo Arellano<\/h6>\n<p><strong>\u00a0<\/strong><\/p>\n<div id=\"attachment_427070\" style=\"width: 470px\" class=\"wp-caption aligncenter\"><img loading=\"lazy\" decoding=\"async\" aria-describedby=\"caption-attachment-427070\" class=\"size-large wp-image-427070\" src=\"https:\/\/www.diarioimagen.net\/wp-content\/uploads\/2019\/05\/caloncho-portal-460x268.jpg\" alt=\"\" width=\"460\" height=\"268\" srcset=\"https:\/\/www.diarioimagen.net\/wp-content\/uploads\/2019\/05\/caloncho-portal-460x268.jpg 460w, https:\/\/www.diarioimagen.net\/wp-content\/uploads\/2019\/05\/caloncho-portal-240x140.jpg 240w, https:\/\/www.diarioimagen.net\/wp-content\/uploads\/2019\/05\/caloncho-portal.jpg 480w\" sizes=\"auto, (max-width: 460px) 100vw, 460px\" \/><p id=\"caption-attachment-427070\" class=\"wp-caption-text\">En conferencia de prensa, Caloncho explic\u00f3 que, los conciertos se realizar\u00e1n bajo el concepto \u201cDesde los \u00e1rboles\u201d, \u201cLa creaci\u00f3n de este concepto nace por el trabajo con el productor de mi \u00faltimo disco, Mateo Lewis y con Daniel Biltr\u00e1n. <em>(Foto: Arturo Arellano)<\/em><\/p><\/div>\n<p>&nbsp;<\/p>\n<p>Acompa\u00f1ado de su banda Los Canarios, el cantautor mexicano invita a un recorrido por un fascinante bosque musical, explorando canciones de sus materiales discogr\u00e1ficos anteriores, as\u00ed como sus nuevas producciones personales y colaboraciones con otros artistas. Ser\u00e1n un par de conciertos, \u00edntimos y especiales, los que marcar\u00e1n el fin de una era para el m\u00fasico, la consumaci\u00f3n de un viaje que ha recorrido escenarios por todo el mundo, pero tambi\u00e9n el inicio de una nueva etapa. La cita ser\u00e1 los d\u00edas 30 y 31 de mayo en el Teatro de la Ciudad \u201cEsperanza Iris\u201d.<\/p>\n<p>En conferencia de prensa, Caloncho explic\u00f3 que, los conciertos se realizar\u00e1n bajo el concepto \u201cDesde los \u00e1rboles\u201d, \u201cLa creaci\u00f3n de este concepto nace por el trabajo con el productor de mi \u00faltimo disco, Mateo Lewis y con Daniel Biltr\u00e1n, se nos ocurri\u00f3 por la canci\u00f3n que lleva el mismo nombre y que es el tercer sencillo de \u2018B\u00e1lsamo\u2019, la cual muestra una potente combinaci\u00f3n de instrumentos. No obstante, vamos a tratar de crear un ambiente de bosque tambi\u00e9n sonoramente, as\u00ed que algunas canciones ser\u00e1n tocadas de manera m\u00e1s minimalista\u201d.<\/p>\n<p>Agrega que \u201cestoy content\u00edsimo y afortunado por el agradecimiento de la gente, esto no es com\u00fan y es algo tan especial que me ha llevado a pisar este tipo de lugares (Teatro de la Ciudad) y otros en el mundo, comer padre, conocer gente af\u00edn a m\u00ed. Me siento muy afortunado y agradecido con la gente que me lo ha permitido, escuchando mi m\u00fasica y comparti\u00e9ndola\u201d. Destaca que \u201cel <em>show<\/em>va a ser minimalista, habr\u00e1 \u00e1rboles en la escenograf\u00eda y mucho verde, pero las luces son m\u00e1s tranquilas, en el caso de la ropa tendremos cosas af\u00edn al bosque, buscando ese ambiente, tanto visualmente como en las canciones, cantare de todo, habr\u00e1 canciones del disco pasado, canciones que no est\u00e1n grabadas y es el mejor momento para presentar el nuevo EP, presentaci\u00f3n que no ha sucedido\u201d<\/p>\n<p>El originario de Obreg\u00f3n, Sonora, asegura: \u201cMe inspira m\u00e1s la naturaleza, que un pueblito donde haya vivido, cada lugar tiene una esencia y un sonido, pero en mi caso particular me veo influenciado por la naturaleza de todo mi pa\u00eds, la cual creo que debemos defender y cuidar, por ello tambi\u00e9n este nombre, porque vamos a tratar de crear conciencia sobre el medio ambiente. Vamos a tener percusiones, tambores, sonidos de bosque, pero tambi\u00e9n otras canciones m\u00e1s vestidas con instrumentos convencionales\u201d.<\/p>\n<p>Del disco en complicidad con El David Aguilar coment\u00f3 \u201cel disco lo grabamos el a\u00f1o pasado, qued\u00f3 muy bonito y lo produjo Ad\u00e1n Jodorowsky. Empezamos como proyecto ac\u00fastico, dos guitarras y voces, pero se fueron sumando sonidos e instrumentos. La m\u00fasica comunica tranquilidad, son canciones relajadas que te llevan a estar en paz, puedes estar cocinando algo chido en tu casa, leyendo, est\u00e1 muy bonito para algo casual\u201d, finaliz\u00f3.<\/p>\n<p>En compa\u00f1\u00eda de su banda Los Canarios, Caloncho se ha presentado en pa\u00edses como Argentina, Canad\u00e1, Chile, Colombia, Costa Rica, Ecuador, Espa\u00f1a, Estados Unidos, El Salvador, Per\u00fa, Guatemala y por supuesto M\u00e9xico, a donde llegar\u00e1 los d\u00edas 30 y 31 de mayo con un par de conciertos.<\/p>\n","protected":false},"excerpt":{"rendered":"<p>Acompa\u00f1ado de su banda Los Canarios, el cantautor mexicano invita a un recorrido por un fascinante bosque musical, explorando canciones de sus materiales discogr\u00e1ficos anteriores, as\u00ed como sus nuevas producciones personales y colaboraciones con otros artistas. <\/p>\n","protected":false},"author":5,"featured_media":427070,"comment_status":"open","ping_status":"open","sticky":false,"template":"","format":"standard","meta":{"_monsterinsights_skip_tracking":false,"_monsterinsights_sitenote_active":false,"_monsterinsights_sitenote_note":"","_monsterinsights_sitenote_category":0,"footnotes":""},"categories":[12],"tags":[85193,48412,63222,85192],"class_list":["post-427069","post","type-post","status-publish","format-standard","has-post-thumbnail","hentry","category-espectaculos","tag-banda-los-canarios","tag-caloncho","tag-teatro-de-la-ciudad-esperanza-iris","tag-desde-los-arboles"],"_links":{"self":[{"href":"https:\/\/www.diarioimagen.net\/index.php?rest_route=\/wp\/v2\/posts\/427069","targetHints":{"allow":["GET"]}}],"collection":[{"href":"https:\/\/www.diarioimagen.net\/index.php?rest_route=\/wp\/v2\/posts"}],"about":[{"href":"https:\/\/www.diarioimagen.net\/index.php?rest_route=\/wp\/v2\/types\/post"}],"author":[{"embeddable":true,"href":"https:\/\/www.diarioimagen.net\/index.php?rest_route=\/wp\/v2\/users\/5"}],"replies":[{"embeddable":true,"href":"https:\/\/www.diarioimagen.net\/index.php?rest_route=%2Fwp%2Fv2%2Fcomments&post=427069"}],"version-history":[{"count":0,"href":"https:\/\/www.diarioimagen.net\/index.php?rest_route=\/wp\/v2\/posts\/427069\/revisions"}],"wp:featuredmedia":[{"embeddable":true,"href":"https:\/\/www.diarioimagen.net\/index.php?rest_route=\/wp\/v2\/media\/427070"}],"wp:attachment":[{"href":"https:\/\/www.diarioimagen.net\/index.php?rest_route=%2Fwp%2Fv2%2Fmedia&parent=427069"}],"wp:term":[{"taxonomy":"category","embeddable":true,"href":"https:\/\/www.diarioimagen.net\/index.php?rest_route=%2Fwp%2Fv2%2Fcategories&post=427069"},{"taxonomy":"post_tag","embeddable":true,"href":"https:\/\/www.diarioimagen.net\/index.php?rest_route=%2Fwp%2Fv2%2Ftags&post=427069"}],"curies":[{"name":"wp","href":"https:\/\/api.w.org\/{rel}","templated":true}]}}