{"id":427099,"date":"2019-05-13T00:07:59","date_gmt":"2019-05-13T05:07:59","guid":{"rendered":"https:\/\/www.diarioimagen.net\/?p=427099"},"modified":"2019-05-13T04:04:32","modified_gmt":"2019-05-13T09:04:32","slug":"sabor-es-polanco-contara-con-oaxaca-como-estado-invitado","status":"publish","type":"post","link":"https:\/\/www.diarioimagen.net\/?p=427099","title":{"rendered":"Sabor Es Polanco contar\u00e1 con Oaxaca como estado invitado"},"content":{"rendered":"<ul>\n<li><em><strong>La sexta edici\u00f3n del festival gastron\u00f3mico se realizar\u00e1 los d\u00edas 18 y 19 de mayo en los jardines del Campo Marte<\/strong><\/em><\/li>\n<\/ul>\n<p>&nbsp;<\/p>\n<h6>Arturo Arellano<\/h6>\n<p><strong>\u00a0<\/strong><\/p>\n<div id=\"attachment_427104\" style=\"width: 470px\" class=\"wp-caption aligncenter\"><img loading=\"lazy\" decoding=\"async\" aria-describedby=\"caption-attachment-427104\" class=\"size-large wp-image-427104\" src=\"https:\/\/www.diarioimagen.net\/wp-content\/uploads\/2019\/05\/sabor-es-polanco-1-portal-460x268.jpg\" alt=\"\" width=\"460\" height=\"268\" srcset=\"https:\/\/www.diarioimagen.net\/wp-content\/uploads\/2019\/05\/sabor-es-polanco-1-portal-460x268.jpg 460w, https:\/\/www.diarioimagen.net\/wp-content\/uploads\/2019\/05\/sabor-es-polanco-1-portal-240x140.jpg 240w, https:\/\/www.diarioimagen.net\/wp-content\/uploads\/2019\/05\/sabor-es-polanco-1-portal.jpg 480w\" sizes=\"auto, (max-width: 460px) 100vw, 460px\" \/><p id=\"caption-attachment-427104\" class=\"wp-caption-text\">El festival gastron\u00f3mico m\u00e1s importante de M\u00e9xico, Sabor Es Polanco, llega nuevamente este 18 y 19 de mayo a la Ciudad de M\u00e9xico, teniendo este a\u00f1o como invitado especial el mezcal de Oaxaca.<\/p><\/div>\n<p>&nbsp;<\/p>\n<p>El Festival \u201cSabor Es Polanco\u201d ofrecer\u00e1 a los residentes de la Ciudad de M\u00e9xico y turistas la experiencia de conocer a nuestro pa\u00eds por medio de su gastronom\u00eda, esto con la presencia de m\u00e1s de 70 exponentes, de entre los que destacar\u00e1n los invitados de Oaxaca, pues el estado adem\u00e1s de su comida ofrecer\u00e1 su rica variedad en mezcales de importaci\u00f3n mundial. El encuentro se realizar\u00e1 en los jardines de Campo Marte los d\u00edas 18 y 19 de mayo.<\/p>\n<div id=\"attachment_427105\" style=\"width: 293px\" class=\"wp-caption alignleft\"><img loading=\"lazy\" decoding=\"async\" aria-describedby=\"caption-attachment-427105\" class=\" wp-image-427105\" src=\"https:\/\/www.diarioimagen.net\/wp-content\/uploads\/2019\/05\/sabor-es-polanco-2-portal-460x307.jpg\" alt=\"\" width=\"283\" height=\"191\" \/><p id=\"caption-attachment-427105\" class=\"wp-caption-text\">\u201cEn la sexta edici\u00f3n de Sabor Es Polanco, ahora nos han prestado los jardines del Campo Marte para su realizaci\u00f3n, por lo que se notar\u00e1 un evidente crecimiento de espacio y exponentes, somos m\u00e1s de 70 restaurantes y 100 expositores, un cincuenta por ciento m\u00e1s que el a\u00f1o pasado\u201d, dijo Alejandro Garza, director de Sabor Es Polanco.<\/p><\/div>\n<p>En conferencia de prensa, sus responsables hablaron al respecto: \u201cEs la sexta edici\u00f3n de Sabor Es Polanco, ahora nos han prestado los jardines del Campo Marte para su realizaci\u00f3n, por lo que se notar\u00e1 un evidente crecimiento de espacio y exponentes, somos m\u00e1s de 70 restaurantes y 100 expositores, un cincuenta por ciento m\u00e1s que el a\u00f1o pasado. Se suman los mezcales oaxaque\u00f1os, para que la gente disfrute de lo mejor de la Ciudad de M\u00e9xico, de las mejores cocinas del mundo, con mayor diversidad y calidad, pero tambi\u00e9n se conozca la grandeza de nuestro estado invitado. Recibimos del extranjero dos peticiones que si aceptamos, viene de Toronto el restaurante \u2018El comal de piedra\u2019 y de San Diego otro tambi\u00e9n de comida mexicana, ambos patrocinados por chefs mexicanos\u201d, dijo Alejandro Garza, director general de Sabor Es Polanco.<\/p>\n<div id=\"attachment_427106\" style=\"width: 294px\" class=\"wp-caption alignright\"><img loading=\"lazy\" decoding=\"async\" aria-describedby=\"caption-attachment-427106\" class=\" wp-image-427106\" src=\"https:\/\/www.diarioimagen.net\/wp-content\/uploads\/2019\/05\/sabor-es-polanco-3-portal-460x344.jpg\" alt=\"\" width=\"284\" height=\"204\" \/><p id=\"caption-attachment-427106\" class=\"wp-caption-text\">Se suman los mezcales oaxaque\u00f1os, para que la gente disfrute de lo mejor de la Ciudad de M\u00e9xico, de las mejores cocinas del mundo, con mayor diversidad y calidad, pero tambi\u00e9n se conozca la grandeza de nuestro estado invitado.<\/p><\/div>\n<p>Explica que \u201cdentro de los restaurantes, habr\u00e1 de todo tipo de comida mexicana dentro de ella oaxaque\u00f1a, veracruzana, norte\u00f1a, tacos, asados adem\u00e1s de la francesa, argentina, portuguesa, griega, tailandesa, cocina del mar, entre otras, para satisfacer todo tipo de paladares. Adem\u00e1s habr\u00e1 actividades como zona infantil con la presencia de Granja las Am\u00e9ricas, una pisauvas, donde los ni\u00f1os podr\u00e1n tener la experiencia de la creaci\u00f3n del vino artesanal, zona de arte oaxaque\u00f1o, venta de productos, como quesos, jamones, mermelada y por supuesto vinos. Tendremos catas de vino, caf\u00e9, mezcales y tequila\u201d.<\/p>\n<p>Sumado a esto anunci\u00f3 que \u201cen la noche habr\u00e1 una fiesta con Dj\u2019s y m\u00e1s comida, esto a petici\u00f3n de los j\u00f3venes, que nos preguntaban por qu\u00e9 los corr\u00edamos tan temprano,\u00a0 ellos a las cinco de la tarde a\u00fan tienen ganas de m\u00e1s, de modo que les ofreceremos esta fiesta\u201d.<\/p>\n<div id=\"attachment_427107\" style=\"width: 301px\" class=\"wp-caption alignleft\"><img loading=\"lazy\" decoding=\"async\" aria-describedby=\"caption-attachment-427107\" class=\" wp-image-427107\" src=\"https:\/\/www.diarioimagen.net\/wp-content\/uploads\/2019\/05\/sabor-es-polanco-4-portal-460x208.jpg\" alt=\"\" width=\"291\" height=\"127\" \/><p id=\"caption-attachment-427107\" class=\"wp-caption-text\">Este a\u00f1o Sabor Es Polanco crece, llevando toda la vivencia culinaria, de su sede habitual, a los jardines del Campo Marte, para as\u00ed magnificar esta fiesta dedicada al buen comer y al buen beber.<\/p><\/div>\n<p>Alejandro Murat, gobernador de Oaxaca, a\u00f1adi\u00f3: \u201cLa gastronom\u00eda es uno de los pilares para que el turismo llegue a la Ciudad de M\u00e9xico, viene gente de Europa y Estados Unidos. Es motivo para estar orgullosos de la comida mexicana. La Ciudad de M\u00e9xico es la fuente y mercado receptor de muchas gastronom\u00edas, qu\u00e9 mejor que llevar a cabo este evento aqu\u00ed y tener la gastronom\u00eda oaxaque\u00f1as a disposici\u00f3n de turistas y capitalinos. Oaxaca con esta presencia incentivar\u00e1 tambi\u00e9n las visitas de la gente de la Ciudad de M\u00e9xico a ese bello estado, para que no s\u00f3lo conozcan su comida, sino sus paisajes y tradiciones\u201d. La sexta edici\u00f3n del festival gastron\u00f3mico se realizar\u00e1 los d\u00edas 18 y 19 de mayo en los jardines de Campo Marte, donde adem\u00e1s se contar\u00e1 con m\u00fasica, zona infantil y zona de venta de artesan\u00edas y comida para llevar.<\/p>\n","protected":false},"excerpt":{"rendered":"<p>El Festival \u201cSabor Es Polanco\u201d ofrecer\u00e1 a los residentes de la Ciudad de M\u00e9xico y turistas la experiencia de conocer a nuestro pa\u00eds por<\/p>\n","protected":false},"author":5,"featured_media":427104,"comment_status":"open","ping_status":"open","sticky":false,"template":"","format":"standard","meta":{"_monsterinsights_skip_tracking":false,"_monsterinsights_sitenote_active":false,"_monsterinsights_sitenote_note":"","_monsterinsights_sitenote_category":0,"footnotes":""},"categories":[12],"tags":[6536,491,47189],"class_list":["post-427099","post","type-post","status-publish","format-standard","has-post-thumbnail","hentry","category-espectaculos","tag-campo-marte","tag-oaxaca","tag-sabor-es-polanco"],"_links":{"self":[{"href":"https:\/\/www.diarioimagen.net\/index.php?rest_route=\/wp\/v2\/posts\/427099","targetHints":{"allow":["GET"]}}],"collection":[{"href":"https:\/\/www.diarioimagen.net\/index.php?rest_route=\/wp\/v2\/posts"}],"about":[{"href":"https:\/\/www.diarioimagen.net\/index.php?rest_route=\/wp\/v2\/types\/post"}],"author":[{"embeddable":true,"href":"https:\/\/www.diarioimagen.net\/index.php?rest_route=\/wp\/v2\/users\/5"}],"replies":[{"embeddable":true,"href":"https:\/\/www.diarioimagen.net\/index.php?rest_route=%2Fwp%2Fv2%2Fcomments&post=427099"}],"version-history":[{"count":0,"href":"https:\/\/www.diarioimagen.net\/index.php?rest_route=\/wp\/v2\/posts\/427099\/revisions"}],"wp:featuredmedia":[{"embeddable":true,"href":"https:\/\/www.diarioimagen.net\/index.php?rest_route=\/wp\/v2\/media\/427104"}],"wp:attachment":[{"href":"https:\/\/www.diarioimagen.net\/index.php?rest_route=%2Fwp%2Fv2%2Fmedia&parent=427099"}],"wp:term":[{"taxonomy":"category","embeddable":true,"href":"https:\/\/www.diarioimagen.net\/index.php?rest_route=%2Fwp%2Fv2%2Fcategories&post=427099"},{"taxonomy":"post_tag","embeddable":true,"href":"https:\/\/www.diarioimagen.net\/index.php?rest_route=%2Fwp%2Fv2%2Ftags&post=427099"}],"curies":[{"name":"wp","href":"https:\/\/api.w.org\/{rel}","templated":true}]}}