{"id":427163,"date":"2019-05-13T00:05:09","date_gmt":"2019-05-13T05:05:09","guid":{"rendered":"https:\/\/www.diarioimagen.net\/?p=427163"},"modified":"2019-05-13T03:42:06","modified_gmt":"2019-05-13T08:42:06","slug":"calidad-de-licenciatura-en-antropologia-social-de-la-uaem-es-reconocida-a-nivel-nacional","status":"publish","type":"post","link":"https:\/\/www.diarioimagen.net\/?p=427163","title":{"rendered":"Calidad de Licenciatura en Antropolog\u00eda Social\u00a0de la UAEM es reconocida a nivel nacional"},"content":{"rendered":"<ul>\n<li><em><b>Reacreditan por cinco a\u00f1os m\u00e1s este programa educativo\u00a0<\/b><\/em><\/li>\n<\/ul>\n<p>&nbsp;<\/p>\n<div id=\"attachment_427164\" style=\"width: 309px\" class=\"wp-caption alignleft\"><a href=\"https:\/\/www.diarioimagen.net\/?attachment_id=427164\" rel=\"attachment wp-att-427164\"><img loading=\"lazy\" decoding=\"async\" aria-describedby=\"caption-attachment-427164\" class=\" wp-image-427164\" src=\"https:\/\/www.diarioimagen.net\/wp-content\/uploads\/2019\/05\/UAEM-13-460x460.jpg\" alt=\"\" width=\"299\" height=\"299\" srcset=\"https:\/\/www.diarioimagen.net\/wp-content\/uploads\/2019\/05\/UAEM-13-460x460.jpg 460w, https:\/\/www.diarioimagen.net\/wp-content\/uploads\/2019\/05\/UAEM-13-150x150.jpg 150w, https:\/\/www.diarioimagen.net\/wp-content\/uploads\/2019\/05\/UAEM-13-240x240.jpg 240w, https:\/\/www.diarioimagen.net\/wp-content\/uploads\/2019\/05\/UAEM-13-50x50.jpg 50w, https:\/\/www.diarioimagen.net\/wp-content\/uploads\/2019\/05\/UAEM-13-75x75.jpg 75w, https:\/\/www.diarioimagen.net\/wp-content\/uploads\/2019\/05\/UAEM-13-70x70.jpg 70w, https:\/\/www.diarioimagen.net\/wp-content\/uploads\/2019\/05\/UAEM-13.jpg 700w\" sizes=\"auto, (max-width: 299px) 100vw, 299px\" \/><\/a><p id=\"caption-attachment-427164\" class=\"wp-caption-text\">Ignacio Medina Alegr\u00eda, director de la Facultad de Antropolog\u00eda, subray\u00f3 que esta distinci\u00f3n garantiza la calidad de dicho programa de estudios.<\/p><\/div>\n<p><strong>Toluca, Estado de M\u00e9xico.\u2013<\/strong> La Asociaci\u00f3n para la Acreditaci\u00f3n y Certificaci\u00f3n en Ciencias Sociales (ACCECISO), instancia avalada por el Consejo para la Acreditaci\u00f3n de la Educaci\u00f3n Superior (COPAES), reacredit\u00f3 por cinco a\u00f1os m\u00e1s la Licenciatura en Antropolog\u00eda Social de la Universidad Aut\u00f3noma del Estado de M\u00e9xico.<\/p>\n<p>El director de la Facultad de Antropolog\u00eda de la UAEM, Ignacio Medina Alegr\u00eda, subray\u00f3 que esta distinci\u00f3n garantiza la calidad de dicho programa de estudios, cuyo objetivo es lograr egresados altamente competitivos y con habilidades desarrolladas en las \u00e1reas de la investigaci\u00f3n, la academia y diversos campos laborales.<\/p>\n<p>Detall\u00f3 que el proceso de evaluaci\u00f3n de dicho programa educativo por parte de la ACCECISO dur\u00f3 varios meses, durante los cuales se analizaron diversos rubros: personal acad\u00e9mico, estudiantes, plan de estudios, evaluaci\u00f3n del aprendizaje, formaci\u00f3n integral, servicios de apoyo, vinculaci\u00f3n y extensi\u00f3n, investigaci\u00f3n, infraestructura y equipamiento, gesti\u00f3n administrativa y financiamiento. \u201cUn comit\u00e9 de ACCECISO visit\u00f3 las instalaciones de la Facultad para entrevistar a estudiantes, acad\u00e9micos y administrativos\u201d.<\/p>\n<p>Ignacio Medina Alegr\u00eda indic\u00f3 que la Licenciatura en Antropolog\u00eda Social de la UAEM, acreditada por primera vez en 2007, se distingue del resto de los programas educativos de su tipo a nivel nacional por el impulso de la investigaci\u00f3n de campo en la formaci\u00f3n de los estudiantes.<\/p>\n","protected":false},"excerpt":{"rendered":"<p>La Asociaci\u00f3n para la Acreditaci\u00f3n y Certificaci\u00f3n en Ciencias Sociales (ACCECISO), instancia avalada por el Consejo para la Acreditaci\u00f3n de la Educaci\u00f3n Superior (COPAES), reacredit\u00f3 por cinco a\u00f1os m\u00e1s la Licenciatura en Antropolog\u00eda Social de la Universidad Aut\u00f3noma del Estado de M\u00e9xico.<\/p>\n","protected":false},"author":1,"featured_media":427164,"comment_status":"open","ping_status":"open","sticky":false,"template":"","format":"standard","meta":{"_monsterinsights_skip_tracking":false,"_monsterinsights_sitenote_active":false,"_monsterinsights_sitenote_note":"","_monsterinsights_sitenote_category":0,"footnotes":""},"categories":[5],"tags":[43675,1491],"class_list":["post-427163","post","type-post","status-publish","format-standard","has-post-thumbnail","hentry","category-estado-de-mexico","tag-estado-de-mexico","tag-uaem"],"_links":{"self":[{"href":"https:\/\/www.diarioimagen.net\/index.php?rest_route=\/wp\/v2\/posts\/427163","targetHints":{"allow":["GET"]}}],"collection":[{"href":"https:\/\/www.diarioimagen.net\/index.php?rest_route=\/wp\/v2\/posts"}],"about":[{"href":"https:\/\/www.diarioimagen.net\/index.php?rest_route=\/wp\/v2\/types\/post"}],"author":[{"embeddable":true,"href":"https:\/\/www.diarioimagen.net\/index.php?rest_route=\/wp\/v2\/users\/1"}],"replies":[{"embeddable":true,"href":"https:\/\/www.diarioimagen.net\/index.php?rest_route=%2Fwp%2Fv2%2Fcomments&post=427163"}],"version-history":[{"count":0,"href":"https:\/\/www.diarioimagen.net\/index.php?rest_route=\/wp\/v2\/posts\/427163\/revisions"}],"wp:featuredmedia":[{"embeddable":true,"href":"https:\/\/www.diarioimagen.net\/index.php?rest_route=\/wp\/v2\/media\/427164"}],"wp:attachment":[{"href":"https:\/\/www.diarioimagen.net\/index.php?rest_route=%2Fwp%2Fv2%2Fmedia&parent=427163"}],"wp:term":[{"taxonomy":"category","embeddable":true,"href":"https:\/\/www.diarioimagen.net\/index.php?rest_route=%2Fwp%2Fv2%2Fcategories&post=427163"},{"taxonomy":"post_tag","embeddable":true,"href":"https:\/\/www.diarioimagen.net\/index.php?rest_route=%2Fwp%2Fv2%2Ftags&post=427163"}],"curies":[{"name":"wp","href":"https:\/\/api.w.org\/{rel}","templated":true}]}}