{"id":427166,"date":"2019-05-13T00:05:08","date_gmt":"2019-05-13T05:05:08","guid":{"rendered":"https:\/\/www.diarioimagen.net\/?p=427166"},"modified":"2019-05-13T03:44:25","modified_gmt":"2019-05-13T08:44:25","slug":"festejan-a-mas-de-5-mil-mamas-en-tultepec","status":"publish","type":"post","link":"https:\/\/www.diarioimagen.net\/?p=427166","title":{"rendered":"Festejan a m\u00e1s de 5 mil mam\u00e1s en Tultepec"},"content":{"rendered":"<p><a href=\"https:\/\/www.diarioimagen.net\/?attachment_id=427167\" rel=\"attachment wp-att-427167\"><img loading=\"lazy\" decoding=\"async\" class=\"aligncenter size-large wp-image-427167\" src=\"https:\/\/www.diarioimagen.net\/wp-content\/uploads\/2019\/05\/TULTEPEC-13-460x259.jpg\" alt=\"\" width=\"460\" height=\"259\" srcset=\"https:\/\/www.diarioimagen.net\/wp-content\/uploads\/2019\/05\/TULTEPEC-13-460x259.jpg 460w, https:\/\/www.diarioimagen.net\/wp-content\/uploads\/2019\/05\/TULTEPEC-13-240x135.jpg 240w, https:\/\/www.diarioimagen.net\/wp-content\/uploads\/2019\/05\/TULTEPEC-13-235x132.jpg 235w, https:\/\/www.diarioimagen.net\/wp-content\/uploads\/2019\/05\/TULTEPEC-13-202x114.jpg 202w, https:\/\/www.diarioimagen.net\/wp-content\/uploads\/2019\/05\/TULTEPEC-13-350x196.jpg 350w, https:\/\/www.diarioimagen.net\/wp-content\/uploads\/2019\/05\/TULTEPEC-13-220x123.jpg 220w, https:\/\/www.diarioimagen.net\/wp-content\/uploads\/2019\/05\/TULTEPEC-13-237x132.jpg 237w, https:\/\/www.diarioimagen.net\/wp-content\/uploads\/2019\/05\/TULTEPEC-13.jpg 480w\" sizes=\"auto, (max-width: 460px) 100vw, 460px\" \/><\/a><\/p>\n<p>&nbsp;<\/p>\n<p><b>Tultepec, Estado de M\u00e9xico.-<\/b> Al presidir la celebraci\u00f3n con motivo del D\u00eda de las Madres, el alcalde Armando Portuguez Fuentes, asegur\u00f3 que todos somos lo que nuestra madre no s\u00f3lo concibi\u00f3 biol\u00f3gicamente, sino tambi\u00e9n somos producto de su dedicaci\u00f3n, trabajo y esfuerzo para formarnos y darnos valores. De ah\u00ed, la importancia de reconocer y honrar siempre al ser que nos dio la vida, que protegi\u00f3 nuestra existencia desde la concepci\u00f3n y despu\u00e9s de nuestro nacimiento. \u201cPorque no hay duda que nuestros logros e inclinaciones en la vida, son un reflejo de lo que nuestra madre hizo por nosotros\u201d, dijo. Al evento del D\u00eda de las Madres, celebrado en la explanada municipal, asistieron m\u00e1s de 5 mil personas para disfrutar del show del comediante de televisi\u00f3n Carlos Eduardo Rico, m\u00fasica de mariachi y del grupo musical Los Askis.<\/p>\n","protected":false},"excerpt":{"rendered":"<p>Al presidir la celebraci\u00f3n con motivo del D\u00eda de las Madres, el alcalde Armando Portuguez Fuentes, asegur\u00f3 que todos somos lo que nuestra madre no s\u00f3lo concibi\u00f3 biol\u00f3gicamente, sino tambi\u00e9n somos producto de su dedicaci\u00f3n, trabajo y esfuerzo para formarnos y darnos valores.<\/p>\n","protected":false},"author":1,"featured_media":427167,"comment_status":"open","ping_status":"open","sticky":false,"template":"","format":"standard","meta":{"_monsterinsights_skip_tracking":false,"_monsterinsights_sitenote_active":false,"_monsterinsights_sitenote_note":"","_monsterinsights_sitenote_category":0,"footnotes":""},"categories":[35155],"tags":[43675,3802],"class_list":["post-427166","post","type-post","status-publish","format-standard","has-post-thumbnail","hentry","category-estado-de-mexico-estado-de-mexico","tag-estado-de-mexico","tag-tultepec"],"_links":{"self":[{"href":"https:\/\/www.diarioimagen.net\/index.php?rest_route=\/wp\/v2\/posts\/427166","targetHints":{"allow":["GET"]}}],"collection":[{"href":"https:\/\/www.diarioimagen.net\/index.php?rest_route=\/wp\/v2\/posts"}],"about":[{"href":"https:\/\/www.diarioimagen.net\/index.php?rest_route=\/wp\/v2\/types\/post"}],"author":[{"embeddable":true,"href":"https:\/\/www.diarioimagen.net\/index.php?rest_route=\/wp\/v2\/users\/1"}],"replies":[{"embeddable":true,"href":"https:\/\/www.diarioimagen.net\/index.php?rest_route=%2Fwp%2Fv2%2Fcomments&post=427166"}],"version-history":[{"count":0,"href":"https:\/\/www.diarioimagen.net\/index.php?rest_route=\/wp\/v2\/posts\/427166\/revisions"}],"wp:featuredmedia":[{"embeddable":true,"href":"https:\/\/www.diarioimagen.net\/index.php?rest_route=\/wp\/v2\/media\/427167"}],"wp:attachment":[{"href":"https:\/\/www.diarioimagen.net\/index.php?rest_route=%2Fwp%2Fv2%2Fmedia&parent=427166"}],"wp:term":[{"taxonomy":"category","embeddable":true,"href":"https:\/\/www.diarioimagen.net\/index.php?rest_route=%2Fwp%2Fv2%2Fcategories&post=427166"},{"taxonomy":"post_tag","embeddable":true,"href":"https:\/\/www.diarioimagen.net\/index.php?rest_route=%2Fwp%2Fv2%2Ftags&post=427166"}],"curies":[{"name":"wp","href":"https:\/\/api.w.org\/{rel}","templated":true}]}}