{"id":427169,"date":"2019-05-13T00:03:17","date_gmt":"2019-05-13T05:03:17","guid":{"rendered":"https:\/\/www.diarioimagen.net\/?p=427169"},"modified":"2019-05-13T03:49:07","modified_gmt":"2019-05-13T08:49:07","slug":"garantizadas-las-prestaciones-de-trabajadores-e-hijos-de-suteymistas-tomas-palomares-parra","status":"publish","type":"post","link":"https:\/\/www.diarioimagen.net\/?p=427169","title":{"rendered":"Garantizadas, las prestaciones de trabajadores\u00a0e hijos de suteymistas: Tom\u00e1s Palomares Parra"},"content":{"rendered":"<ul>\n<li><em><b>En el marco del D\u00eda del Ni\u00f1o<span class=\"Apple-converted-space\">\u00a0<\/span><\/b><\/em><\/li>\n<\/ul>\n<p>&nbsp;<\/p>\n<div id=\"attachment_427170\" style=\"width: 470px\" class=\"wp-caption aligncenter\"><a href=\"https:\/\/www.diarioimagen.net\/?attachment_id=427170\" rel=\"attachment wp-att-427170\"><img loading=\"lazy\" decoding=\"async\" aria-describedby=\"caption-attachment-427170\" class=\"size-large wp-image-427170\" src=\"https:\/\/www.diarioimagen.net\/wp-content\/uploads\/2019\/05\/NAUCALPAN-13-460x259.jpg\" alt=\"\" width=\"460\" height=\"259\" srcset=\"https:\/\/www.diarioimagen.net\/wp-content\/uploads\/2019\/05\/NAUCALPAN-13-460x259.jpg 460w, https:\/\/www.diarioimagen.net\/wp-content\/uploads\/2019\/05\/NAUCALPAN-13-240x135.jpg 240w, https:\/\/www.diarioimagen.net\/wp-content\/uploads\/2019\/05\/NAUCALPAN-13-235x132.jpg 235w, https:\/\/www.diarioimagen.net\/wp-content\/uploads\/2019\/05\/NAUCALPAN-13-202x114.jpg 202w, https:\/\/www.diarioimagen.net\/wp-content\/uploads\/2019\/05\/NAUCALPAN-13-350x196.jpg 350w, https:\/\/www.diarioimagen.net\/wp-content\/uploads\/2019\/05\/NAUCALPAN-13-220x123.jpg 220w, https:\/\/www.diarioimagen.net\/wp-content\/uploads\/2019\/05\/NAUCALPAN-13-237x132.jpg 237w, https:\/\/www.diarioimagen.net\/wp-content\/uploads\/2019\/05\/NAUCALPAN-13.jpg 480w\" sizes=\"auto, (max-width: 460px) 100vw, 460px\" \/><\/a><p id=\"caption-attachment-427170\" class=\"wp-caption-text\">Tom\u00e1s Palomares Parra manifest\u00f3 el estar sumamente agradecido el poder festejar a quienes son considerados el presente y futuro del pa\u00eds: los ni\u00f1os.<\/p><\/div>\n<p>&nbsp;<\/p>\n<p><strong>Naucalpan, Estado de M\u00e9xico.-<\/strong> En el marco del D\u00eda del Ni\u00f1o con que los suteymistas festejan a los hijos de los trabajadores sindicalizados, Tom\u00e1s Palomares Parra, secretario general del Sindicato \u00danico de Trabajadores del Estado y sus Municipios (SUTEyM), \u00a0record\u00f3 que esta celebraci\u00f3n anual representa el recibir y entregar de manera puntual a la base laboral, las prestaciones colaterales inherentes a que tienen derecho.<\/p>\n<p>Destac\u00f3 ante Marisela Meza Patricio, secretaria t\u00e9cnica de la presidencia y representante en el acto de la alcaldesa, Patricia Dur\u00e1n Reveles, del l\u00edder moral, David Parra S\u00e1nchez, de regidores y funcionarios, que con ello se da igual, cabal cumplimiento a los beneficios de ley a que son sujetos.<\/p>\n<p>Palomares, acompa\u00f1ado de C\u00e9sar Esqueda Tapia, secretario de la organizaci\u00f3n en el Valle de M\u00e9xico y representante del secretario general del SUTEyM-Edomex, Herminio Cahue Calder\u00f3n, puntualiz\u00f3 que aqu\u00ed est\u00e1n presentes para aclarar cualquier duda.<\/p>\n<p>M\u00e1s tarde y dentro de su discurso pregunt\u00f3 a los m\u00e1s de 4 mil trabajadores y sus hijos que se dieron cita en el Foro Felipe Villanueva del Parque Naucalli-\u00bfqu\u00e9 si no han recibido sus prestaciones de manera puntual?, y al un\u00edsono contestaron con un rotundo s\u00ed.<\/p>\n","protected":false},"excerpt":{"rendered":"<p>En el marco del D\u00eda del Ni\u00f1o con que los suteymistas festejan a los hijos de los trabajadores sindicalizados, Tom\u00e1s Palomares Parra, secretario general del Sindicato \u00danico de Trabajadores del Estado y sus Municipios (SUTEyM), \u00a0record\u00f3 que esta celebraci\u00f3n anual representa el recibir y entregar de manera puntual a la base laboral, las prestaciones colaterales inherentes a que tienen derecho.<\/p>\n","protected":false},"author":1,"featured_media":427170,"comment_status":"open","ping_status":"open","sticky":false,"template":"","format":"standard","meta":{"_monsterinsights_skip_tracking":false,"_monsterinsights_sitenote_active":false,"_monsterinsights_sitenote_note":"","_monsterinsights_sitenote_category":0,"footnotes":""},"categories":[35155],"tags":[43675,970,2572,56429],"class_list":["post-427169","post","type-post","status-publish","format-standard","has-post-thumbnail","hentry","category-estado-de-mexico-estado-de-mexico","tag-estado-de-mexico","tag-naucalpan","tag-suteym","tag-tomas-palomares-parra"],"_links":{"self":[{"href":"https:\/\/www.diarioimagen.net\/index.php?rest_route=\/wp\/v2\/posts\/427169","targetHints":{"allow":["GET"]}}],"collection":[{"href":"https:\/\/www.diarioimagen.net\/index.php?rest_route=\/wp\/v2\/posts"}],"about":[{"href":"https:\/\/www.diarioimagen.net\/index.php?rest_route=\/wp\/v2\/types\/post"}],"author":[{"embeddable":true,"href":"https:\/\/www.diarioimagen.net\/index.php?rest_route=\/wp\/v2\/users\/1"}],"replies":[{"embeddable":true,"href":"https:\/\/www.diarioimagen.net\/index.php?rest_route=%2Fwp%2Fv2%2Fcomments&post=427169"}],"version-history":[{"count":0,"href":"https:\/\/www.diarioimagen.net\/index.php?rest_route=\/wp\/v2\/posts\/427169\/revisions"}],"wp:featuredmedia":[{"embeddable":true,"href":"https:\/\/www.diarioimagen.net\/index.php?rest_route=\/wp\/v2\/media\/427170"}],"wp:attachment":[{"href":"https:\/\/www.diarioimagen.net\/index.php?rest_route=%2Fwp%2Fv2%2Fmedia&parent=427169"}],"wp:term":[{"taxonomy":"category","embeddable":true,"href":"https:\/\/www.diarioimagen.net\/index.php?rest_route=%2Fwp%2Fv2%2Fcategories&post=427169"},{"taxonomy":"post_tag","embeddable":true,"href":"https:\/\/www.diarioimagen.net\/index.php?rest_route=%2Fwp%2Fv2%2Ftags&post=427169"}],"curies":[{"name":"wp","href":"https:\/\/api.w.org\/{rel}","templated":true}]}}