{"id":427259,"date":"2019-05-14T00:01:35","date_gmt":"2019-05-14T05:01:35","guid":{"rendered":"https:\/\/www.diarioimagen.net\/?p=427259"},"modified":"2019-05-14T00:01:47","modified_gmt":"2019-05-14T05:01:47","slug":"presidente-prometio-cinco-refinerias-le-bajo-a-dos-y-ahora-solo-una","status":"publish","type":"post","link":"https:\/\/www.diarioimagen.net\/?p=427259","title":{"rendered":"Presidente prometi\u00f3 cinco refiner\u00edas;\u00a0le baj\u00f3 a dos, y ahora, s\u00f3lo una\u00a0"},"content":{"rendered":"<h2>La Retaguardia<\/h2>\n<h5>Adriana Moreno Cordero<\/h5>\n<p>&nbsp;<\/p>\n<ul>\n<li><strong><i>No cesa pleito entre L\u00f3pez Obrador<span class=\"Apple-converted-space\">\u00a0 <\/span>y calificadoras<\/i><\/strong><\/li>\n<\/ul>\n<p>\u00a1Qu\u00e9 curioso!, por decirlo de alguna manera, ayer, cuando en la conferencia ma\u00f1anera, el presidente <b>Andr\u00e9s Manuel L\u00f3pez Obrador<\/b> firm\u00f3 acuerdos con tres bancos: HSBC, JP Morgan y Mizuho Securities, con el objetivo de impulsar las finanzas de Petr\u00f3leos Mexicanos, as\u00ed como para ampliar un fondo revolvente que est\u00e1 a disposici\u00f3n de la paraestatal, el tabasque\u00f1o estuvo m\u00e1s que bien portado y no arremeti\u00f3 en contra de los \u201cfif\u00eds\u201d o los neoliberales, o conservadores, frente a la necedad de construir su ansiada refiner\u00eda de Dos Bocas a la voz de \u201cme canso ganso\u201d.<span class=\"Apple-converted-space\">\u00a0<\/span><\/p>\n<p>Ah\u00ed s\u00ed, el Ejecutivo guard\u00f3 las formas<span class=\"Apple-converted-space\">\u00a0 <\/span>y no dijo ni media palabra sobre sus tan llevadas y tra\u00eddas consultas al \u201cpueblo sabio y bueno\u201d.<\/p>\n<p>Sin embargo, no todo pod\u00eda ser felicidad para quien encabeza la llamada cuarta transformaci\u00f3n, pues la calificadora Moody\u2019s, reiter\u00f3 los graves riesgos de construir la refiner\u00eda de Dos Bocas, que de entrada, tiene que ver con que saldr\u00e1 mucho m\u00e1s cara de lo que hace unos d\u00edas anunci\u00f3 el tabasque\u00f1o.<\/p>\n<p>De acuerdo a los c\u00e1lculos de dicha calificadora, el costo de este otro proyecto \u201cestrella\u201d de la llamada cuarta transformaci\u00f3n, se incrementar\u00e1 para alcanzar los 12 mil millones de d\u00f3lares, o sea, m\u00e1s o menos el precio que hab\u00edan estimado las empresas que rechaz\u00f3 L\u00f3pez Obrador al declarar desierta la licitaci\u00f3n.<\/p>\n<p>Y el tiempo tambi\u00e9n ser\u00e1 el mismo, es decir, no se podr\u00e1 entregar a mitad del presente sexenio, como tanto se empe\u00f1a en anunciar el presidente.<span class=\"Apple-converted-space\">\u00a0<\/span><\/p>\n<p>Y es que como se consign\u00f3 en este mismo espacio en anterior entrega, bajo el supuesto de que entregar\u00e1 Dos Bocas en esa fecha, eso le hubiera venido \u201ccomo anillo al dedo\u201d porque ser\u00eda una oportunidad de oro para recuperar credibilidad, popularidad, as\u00ed como para ganar en las elecciones intermedias. <span class=\"Apple-converted-space\">\u00a0<\/span><\/p>\n<p>Otro punto muy importante sobre el que alert\u00f3 Moody\u2019s, resulta ser algo que sin duda, est\u00e1 a la vista y se trata de la falta de experiencia tanto de la actual administraci\u00f3n, como de Pemex en la construcci\u00f3n de refiner\u00edas; ya se dec\u00eda que la \u00faltima que construy\u00f3 la paraestatal fue en 1979.<\/p>\n<p>Por ello, la calificadora se\u00f1al\u00f3: \u201ces probable que el proyecto termine costando m\u00e1s y tomando m\u00e1s tiempo de lo que el gobierno anticipa,\u00a0 colocando m\u00e1s presiones sobre los recursos fiscales\u201d, y no hay que ser un experto para advertir sobre esos riesgos, pues un proyecto de tal magnitud, no puede salir solo a la voz del \u201cme canso ganso\u201d.<\/p>\n<p>Un dato que resulta revelador sobre la incompetencia de la llamada cuarta transformaci\u00f3n o la distancia entre lo que fueron las promesas de campa\u00f1a y la aplastante realidad, es que en febrero del 2016, desde Tula de Allende, Hidalgo, el entonces aspirante presidencial se comprometi\u00f3 a que en el 2018, se construir\u00edan cinco refiner\u00edas en el pa\u00eds porque, seg\u00fan explic\u00f3: \u201c\u2026 no vamos a vender petr\u00f3leo crudo al extranjero, todo se procesar\u00e1 en el pa\u00eds, porque necesitamos crear empleos\u201d.<span class=\"Apple-converted-space\">\u00a0<\/span><\/p>\n<p>Bien se ve que el tabasque\u00f1o no ten\u00eda la m\u00e1s m\u00ednima idea de lo que estaba prometiendo.<span class=\"Apple-converted-space\">\u00a0<\/span><\/p>\n<p>Luego, ya en diciembre del 2017, el entonces candidato de la coalici\u00f3n, \u201cJuntos Haremos Historia\u201d, le baj\u00f3 a su enjundia y entonces se comprometi\u00f3 a construir solamente dos refiner\u00edas, una en Campeche y la otra, la de Dos Bocas, con la que finalmente se qued\u00f3. Y a lo mejor rectific\u00f3 porque pens\u00f3 que se hab\u00eda excedido en sus promesas, esas que a diario hace en la conferencia ma\u00f1anera, que se ha vuelto un vulgar \u201cstand-up\u201d, eso s\u00ed, menos ante los banqueros que estuvieron ayer en Palacio Nacional.<\/p>\n<p>Una cuesti\u00f3n adicional, es que a pesar del apoyo que le dio al tabasque\u00f1o JP Morgan, secci\u00f3n M\u00e9xico, el pleito del presidente con las calificadoras seguir\u00e1. Cuesti\u00f3n de recordar que no hace mucho tiempo, las calific\u00f3 de \u201chip\u00f3critas, c\u00f3mplices y charlatanes\u201d, simplemente, porque Fitch Rating, no pronostic\u00f3 a su gusto y rebaj\u00f3 la calificaci\u00f3n otorgada precisamente, a Pemex.<\/p>\n<p>En aquella ocasi\u00f3n fue tal el enojo de L\u00f3pez Obrador que acus\u00f3, -sin prueba alguna, por cierto-, que esa rebaja a la paraestatal que tanto le doli\u00f3, era una reacci\u00f3n a las acciones que su gobierno hab\u00eda emprendido contra la corrupci\u00f3n.<\/p>\n<p style=\"text-align: center;\"><b>Municiones<\/b><\/p>\n<p>*** Sin un Programa General\u00a0\u00a0de Gobierno\u00a0\u00a0que defina el destino que se le dar\u00e1 a los cuatro mil 772 millones de pesos de presupuesto (mil millones m\u00e1s que el 2018), la alcald\u00eda de Gustavo A. Madero, que encabeza <b>Francisco Ch\u00edguil<\/b>, esta circunscripci\u00f3n se encuentra a la deriva con un \u201cgobierno fallido\u201d, sentenci\u00f3 el vice coordinador del PRD en el Congreso de la CDMX, <b>V\u00edctor Hugo Lobo Rom\u00e1n<\/b>.<span class=\"Apple-converted-space\">\u00a0<\/span><\/p>\n<p>Agreg\u00f3 que la alcald\u00eda se encuentra\u00a0\u00a0sumergida en una incontrolable ola de violencia con 58 homicidios dolosos, 562 robos a transe\u00fante con violencia,\u00a0\u00a0126 lesiones culposas\u00a0\u00a0y 255 robos con violencia a pasajeros del transporte p\u00fablico, durante el primer trimestre, con lo cual\u00a0\u00a0el 2019 se perfila como el a\u00f1o m\u00e1s violento en esa demarcaci\u00f3n.<span class=\"Apple-converted-space\">\u00a0<\/span><\/p>\n<p>Record\u00f3 que el pasado 23 de abril se dio a conocer\u00a0\u00a0una llamada de auxilio de parte de una Inmobiliaria de la regi\u00f3n\u00a0\u00a0que presentaron denuncias (FSP\/B\/UI-B-2C\/D\/1613\/042019 ante la PGJ de la CDMX) en contra del gobierno de la alcald\u00eda\u00a0\u00a0espec\u00edficamente de la Direcci\u00f3n Jur\u00eddica y de Gobierno por el delito de extorsi\u00f3n, ya que a ning\u00fan constructor se le permit\u00eda construir, sin un pago de 100 mil pesos mensuales, por el tiempo que dure la obra.<span class=\"Apple-converted-space\">\u00a0<\/span><\/p>\n<p>Adem\u00e1s de corrupci\u00f3n, algunos funcionarios de esa alcald\u00eda han incurrido en actos de omisi\u00f3n deliberada\u00a0\u00a0en la ejecuci\u00f3n de programas sociales, como el caso de las dispersiones monetarias que se contrataron con la empresa\u00a0<i>Intec Medios de Pago<\/i>,\u00a0\u00a0encargada de llevar a cabo la distribuci\u00f3n\u00a0\u00a0y administraci\u00f3n de los monederos\u00a0\u00a0electr\u00f3nicos\u00a0\u00a0que se otorgaban a la poblaci\u00f3n de la demarcaci\u00f3n\u00a0\u00a0en diferentes programas sociales.<span class=\"Apple-converted-space\">\u00a0<\/span><\/p>\n<p>Durante la comparecencia del alcalde\u00a0\u00a0de esa demarcaci\u00f3n ante las comisiones unidas de Administraci\u00f3n P\u00fablica Local y de Alcald\u00edas\u00a0\u00a0y L\u00edmites Territoriales, Lobo Rom\u00e1n, sostuvo que el gobierno\u00a0\u00a0de Francisco Ch\u00edguil ha sido omiso en m\u00faltiples situaciones, como no haber solicitado a la empresa financiera la dispersi\u00f3n o en su caso devoluci\u00f3n de los recursos destinados para los apoyos econ\u00f3micos a las personas humildes.<\/p>\n<p>*** El senador <b>Mart\u00ed Batres Guadarrama<\/b>, anunci\u00f3 que presentar\u00e1 una iniciativa ante la Comisi\u00f3n Permanente para establecer un tercer periodo ordinario de sesiones, que abarque los meses de junio y julio de cada a\u00f1o ya que, dijo, hay una tendencia internacional para ampliar los periodos ordinarios y fortalecer al Poder Legislativo, lo que ha ocurrido en pa\u00edses como Brasil, Guatemala, Argentina o Ecuador y respecto a M\u00e9xico, \u201ctambi\u00e9n existe esta necesidad por el proceso de transformaci\u00f3n jur\u00eddica que estamos viviendo\u201d.<\/p>\n<p><a href=\"mailto:morcora@gmail.com\" target=\"_blank\" rel=\"noopener noreferrer\"><em>morcora@gmail.com<\/em><\/a><\/p>\n<p>&nbsp;<\/p>\n","protected":false},"excerpt":{"rendered":"<p><span style=\"color: #005497;\"><strong>Adriana Moreno Cordero<\/strong><\/span><\/p>\n","protected":false},"author":1,"featured_media":0,"comment_status":"open","ping_status":"open","sticky":false,"template":"","format":"standard","meta":{"_monsterinsights_skip_tracking":false,"_monsterinsights_sitenote_active":false,"_monsterinsights_sitenote_note":"","_monsterinsights_sitenote_category":0,"footnotes":""},"categories":[69370],"tags":[69369,69368,43674],"class_list":["post-427259","post","type-post","status-publish","format-standard","hentry","category-adriana-moreno-cordero","tag-adriana-moreno-cordero","tag-la-retaguardia","tag-opinion"],"_links":{"self":[{"href":"https:\/\/www.diarioimagen.net\/index.php?rest_route=\/wp\/v2\/posts\/427259","targetHints":{"allow":["GET"]}}],"collection":[{"href":"https:\/\/www.diarioimagen.net\/index.php?rest_route=\/wp\/v2\/posts"}],"about":[{"href":"https:\/\/www.diarioimagen.net\/index.php?rest_route=\/wp\/v2\/types\/post"}],"author":[{"embeddable":true,"href":"https:\/\/www.diarioimagen.net\/index.php?rest_route=\/wp\/v2\/users\/1"}],"replies":[{"embeddable":true,"href":"https:\/\/www.diarioimagen.net\/index.php?rest_route=%2Fwp%2Fv2%2Fcomments&post=427259"}],"version-history":[{"count":0,"href":"https:\/\/www.diarioimagen.net\/index.php?rest_route=\/wp\/v2\/posts\/427259\/revisions"}],"wp:attachment":[{"href":"https:\/\/www.diarioimagen.net\/index.php?rest_route=%2Fwp%2Fv2%2Fmedia&parent=427259"}],"wp:term":[{"taxonomy":"category","embeddable":true,"href":"https:\/\/www.diarioimagen.net\/index.php?rest_route=%2Fwp%2Fv2%2Fcategories&post=427259"},{"taxonomy":"post_tag","embeddable":true,"href":"https:\/\/www.diarioimagen.net\/index.php?rest_route=%2Fwp%2Fv2%2Ftags&post=427259"}],"curies":[{"name":"wp","href":"https:\/\/api.w.org\/{rel}","templated":true}]}}