{"id":427277,"date":"2019-05-14T00:01:43","date_gmt":"2019-05-14T05:01:43","guid":{"rendered":"https:\/\/www.diarioimagen.net\/?p=427277"},"modified":"2019-05-14T00:01:39","modified_gmt":"2019-05-14T05:01:39","slug":"suman-esfuerzos-vecinos-y-gobierno-local-contra-los-incendios-forestales","status":"publish","type":"post","link":"https:\/\/www.diarioimagen.net\/?p=427277","title":{"rendered":"Suman esfuerzos vecinos y gobierno local contra los incendios forestales\u00a0"},"content":{"rendered":"<ul>\n<li><em><strong>En bosques de Naucalpan<span class=\"Apple-converted-space\">\u00a0<\/span><\/strong><\/em><\/li>\n<\/ul>\n<p>&nbsp;<\/p>\n<div id=\"attachment_427278\" style=\"width: 470px\" class=\"wp-caption aligncenter\"><a href=\"https:\/\/www.diarioimagen.net\/?attachment_id=427278\" rel=\"attachment wp-att-427278\"><img loading=\"lazy\" decoding=\"async\" aria-describedby=\"caption-attachment-427278\" class=\"size-large wp-image-427278\" src=\"https:\/\/www.diarioimagen.net\/wp-content\/uploads\/2019\/05\/NAUCALPAN-14-460x259.jpg\" alt=\"\" width=\"460\" height=\"259\" srcset=\"https:\/\/www.diarioimagen.net\/wp-content\/uploads\/2019\/05\/NAUCALPAN-14-460x259.jpg 460w, https:\/\/www.diarioimagen.net\/wp-content\/uploads\/2019\/05\/NAUCALPAN-14-240x135.jpg 240w, https:\/\/www.diarioimagen.net\/wp-content\/uploads\/2019\/05\/NAUCALPAN-14-235x132.jpg 235w, https:\/\/www.diarioimagen.net\/wp-content\/uploads\/2019\/05\/NAUCALPAN-14-202x114.jpg 202w, https:\/\/www.diarioimagen.net\/wp-content\/uploads\/2019\/05\/NAUCALPAN-14-350x196.jpg 350w, https:\/\/www.diarioimagen.net\/wp-content\/uploads\/2019\/05\/NAUCALPAN-14-220x123.jpg 220w, https:\/\/www.diarioimagen.net\/wp-content\/uploads\/2019\/05\/NAUCALPAN-14-237x132.jpg 237w, https:\/\/www.diarioimagen.net\/wp-content\/uploads\/2019\/05\/NAUCALPAN-14.jpg 480w\" sizes=\"auto, (max-width: 460px) 100vw, 460px\" \/><\/a><p id=\"caption-attachment-427278\" class=\"wp-caption-text\">Una de las principales causas de los incendios en el Cerro de Moctezuma es la sobrepoblaci\u00f3n de eucalipto, especie\u00a0 que provoca la erosi\u00f3n de la capa superior de la tierra.<\/p><\/div>\n<p>&nbsp;<\/p>\n<p><strong>Naucalpan, Estado de M\u00e9xico.-<\/strong> Tras los incendios ocurridos en el Cerro de Moctezuma, el ayuntamiento de Naucalpan, vecinos y grupos ambientalistas se unieron para mitigar los da\u00f1os y prevenir futuros percances.<\/p>\n<p>A trav\u00e9s de la Secretar\u00eda de Medio Ambiente y el Organismo de Agua Potable, Alcantarillado y Saneamiento (OAPAS), el municipio colabor\u00f3 en la hidrataci\u00f3n de aproximadamente 2 kil\u00f3metros cuadrados del \u00e1rea natural, en la cual hay vestigios arqueol\u00f3gicos.<\/p>\n<p>La titular de la Secretar\u00eda de Medio Ambiente, Laura Barranco, afirm\u00f3 que la hidrataci\u00f3n del cerro forma parte de las acciones de prevenci\u00f3n para evitar que el fuego se propague, y no descart\u00f3 que los incendios registrados en d\u00edas pasados hayan sido provocados.<\/p>\n<p>Explic\u00f3 que vecinos de colonias aleda\u00f1as se organizaron junto con la asociaci\u00f3n Nacel Arco\u00edris 13:20:33 y el colectivo Invisibles para el cajeteo de la tierra y la hidrataci\u00f3n de \u00e1rboles y arbustos que no fueron alcanzados por las llamas del pasado 8 de mayo.<\/p>\n<p>Eduardo Rosales, integrante del colectivo Invisibles y presidente de la Asociaci\u00f3n de Aguas Ejidales de San Francisco Chimalpa, explic\u00f3 que es necesario involucrar y dar a conocer a la ciudadan\u00eda el correcto cuidado del arbolado, para tener bosques y parques en buenas condiciones.<\/p>\n<p>Manifest\u00f3 que una de las principales causas de los incendios en el Cerro de Moctezuma es la sobrepoblaci\u00f3n de eucalipto, especie no nativa que provoca la erosi\u00f3n de la capa superior de la tierra, impidiendo la absorci\u00f3n de agua y nutrientes.<\/p>\n<p>Por ello, la Secretar\u00eda afirm\u00f3 que se comenzar\u00e1 una campa\u00f1a de reforestaci\u00f3n el pr\u00f3ximo mes, que coincide con el inicio de la temporada de lluvias, as\u00ed como una constante hidrataci\u00f3n de \u00e1reas verdes que hab\u00edan sido desatendidas por administraciones pasadas.<\/p>\n<p>Con acciones como esta, el ayuntamiento de Naucalpan apuesta por la Seguridad Ambiental, que forma parte del eje de gobierno de seguridad humana.<\/p>\n","protected":false},"excerpt":{"rendered":"<p>Tras los incendios ocurridos en el Cerro de Moctezuma, el ayuntamiento de Naucalpan, vecinos y grupos ambientalistas se unieron para mitigar los da\u00f1os y prevenir futuros percances.<\/p>\n","protected":false},"author":1,"featured_media":427278,"comment_status":"open","ping_status":"open","sticky":false,"template":"","format":"standard","meta":{"_monsterinsights_skip_tracking":false,"_monsterinsights_sitenote_active":false,"_monsterinsights_sitenote_note":"","_monsterinsights_sitenote_category":0,"footnotes":""},"categories":[35155],"tags":[43675,970,45759],"class_list":["post-427277","post","type-post","status-publish","format-standard","has-post-thumbnail","hentry","category-estado-de-mexico-estado-de-mexico","tag-estado-de-mexico","tag-naucalpan","tag-oapas"],"_links":{"self":[{"href":"https:\/\/www.diarioimagen.net\/index.php?rest_route=\/wp\/v2\/posts\/427277","targetHints":{"allow":["GET"]}}],"collection":[{"href":"https:\/\/www.diarioimagen.net\/index.php?rest_route=\/wp\/v2\/posts"}],"about":[{"href":"https:\/\/www.diarioimagen.net\/index.php?rest_route=\/wp\/v2\/types\/post"}],"author":[{"embeddable":true,"href":"https:\/\/www.diarioimagen.net\/index.php?rest_route=\/wp\/v2\/users\/1"}],"replies":[{"embeddable":true,"href":"https:\/\/www.diarioimagen.net\/index.php?rest_route=%2Fwp%2Fv2%2Fcomments&post=427277"}],"version-history":[{"count":0,"href":"https:\/\/www.diarioimagen.net\/index.php?rest_route=\/wp\/v2\/posts\/427277\/revisions"}],"wp:featuredmedia":[{"embeddable":true,"href":"https:\/\/www.diarioimagen.net\/index.php?rest_route=\/wp\/v2\/media\/427278"}],"wp:attachment":[{"href":"https:\/\/www.diarioimagen.net\/index.php?rest_route=%2Fwp%2Fv2%2Fmedia&parent=427277"}],"wp:term":[{"taxonomy":"category","embeddable":true,"href":"https:\/\/www.diarioimagen.net\/index.php?rest_route=%2Fwp%2Fv2%2Fcategories&post=427277"},{"taxonomy":"post_tag","embeddable":true,"href":"https:\/\/www.diarioimagen.net\/index.php?rest_route=%2Fwp%2Fv2%2Ftags&post=427277"}],"curies":[{"name":"wp","href":"https:\/\/api.w.org\/{rel}","templated":true}]}}