{"id":427286,"date":"2019-05-14T00:03:08","date_gmt":"2019-05-14T05:03:08","guid":{"rendered":"https:\/\/www.diarioimagen.net\/?p=427286"},"modified":"2019-05-14T00:00:32","modified_gmt":"2019-05-14T05:00:32","slug":"reordenamiento-de-comercio-ambulante-en-torno-a-los-mercados-en-tlalnepantla","status":"publish","type":"post","link":"https:\/\/www.diarioimagen.net\/?p=427286","title":{"rendered":"Reordenamiento de comercio ambulante\u00a0en torno a los mercados, en Tlalnepantla\u00a0"},"content":{"rendered":"<ul>\n<li><em><b>Operativo en los alrededores para evitar instalaci\u00f3n de puestos<\/b><\/em><\/li>\n<\/ul>\n<p>&nbsp;<\/p>\n<div id=\"attachment_427287\" style=\"width: 470px\" class=\"wp-caption aligncenter\"><a href=\"https:\/\/www.diarioimagen.net\/?attachment_id=427287\" rel=\"attachment wp-att-427287\"><img loading=\"lazy\" decoding=\"async\" aria-describedby=\"caption-attachment-427287\" class=\"wp-image-427287 size-large\" src=\"https:\/\/www.diarioimagen.net\/wp-content\/uploads\/2019\/05\/TLALNEPANTLA-14-ok-460x259.jpg\" alt=\"\" width=\"460\" height=\"259\" srcset=\"https:\/\/www.diarioimagen.net\/wp-content\/uploads\/2019\/05\/TLALNEPANTLA-14-ok-460x259.jpg 460w, https:\/\/www.diarioimagen.net\/wp-content\/uploads\/2019\/05\/TLALNEPANTLA-14-ok-240x135.jpg 240w, https:\/\/www.diarioimagen.net\/wp-content\/uploads\/2019\/05\/TLALNEPANTLA-14-ok-235x132.jpg 235w, https:\/\/www.diarioimagen.net\/wp-content\/uploads\/2019\/05\/TLALNEPANTLA-14-ok-202x114.jpg 202w, https:\/\/www.diarioimagen.net\/wp-content\/uploads\/2019\/05\/TLALNEPANTLA-14-ok-350x196.jpg 350w, https:\/\/www.diarioimagen.net\/wp-content\/uploads\/2019\/05\/TLALNEPANTLA-14-ok-220x123.jpg 220w, https:\/\/www.diarioimagen.net\/wp-content\/uploads\/2019\/05\/TLALNEPANTLA-14-ok-237x132.jpg 237w, https:\/\/www.diarioimagen.net\/wp-content\/uploads\/2019\/05\/TLALNEPANTLA-14-ok.jpg 480w\" sizes=\"auto, (max-width: 460px) 100vw, 460px\" \/><\/a><p id=\"caption-attachment-427287\" class=\"wp-caption-text\">El edil Raciel P\u00e9rez Cruz\u00a0 expres\u00f3 que a diferencia de administraciones anteriores, este gobierno busca soluciones realistas para no repetir el error de\u00a0 reubicarlos en plazas comerciales que no dieron resultado.<\/p><\/div>\n<p>&nbsp;<\/p>\n<p><strong>Tlalnepantla, Estado de M\u00e9xico.-<\/strong> Para mejorar la movilidad, seguridad y el entorno urbano, el gobierno de Tlalnepantla realiza un programa de reordenamiento del comercio ambulante, que inici\u00f3 en la zona centro del municipio, el cual se lleva a cabo de manera paralela con un proceso de di\u00e1logo con los l\u00edderes de las agrupaciones de vendedores informales.<\/p>\n<p>En conferencia de prensa el presidente municipal, Raciel P\u00e9rez Cruz, se\u00f1al\u00f3 que la autoridad es la \u00fanica para controlar y administrar el espacio p\u00fablico, las calles y avenidas no son propiedad de ning\u00fan grupo que quiera obtener ganancias, por lo que desde esta ma\u00f1ana se implement\u00f3 un operativo en los alrededores del mercado Filiberto G\u00f3mez, para evitar la instalaci\u00f3n de puestos.<\/p>\n<p>El edil expres\u00f3 que a diferencia de administraciones anteriores, este gobierno busca soluciones realistas y viables a largo plazo, para no repetir el error de dar falsas esperanzas a los vendedores al reubicarlos en plazas comerciales que no dieron resultado y llevaron a la bancarrota a muchas familias.<\/p>\n<p>\u201cEl comercio ambulante es un fen\u00f3meno social, una forma de subsistencia y este gobierno pretende llegar a una soluci\u00f3n realista, s\u00f3lo as\u00ed lo vamos a reordenar de manera efectiva\u201d, puntualiz\u00f3 Raciel P\u00e9rez Cruz.<\/p>\n<p>En el operativo que se implement\u00f3 ayer por la madrugada en las inmediaciones del mercado Filiberto G\u00f3mez, participaron 223 elementos de seguridad y 27 de tr\u00e1nsito, desarmados; 90 elementos de la Secretar\u00eda de Seguridad del Estado de M\u00e9xico, 11 de la Gendarmer\u00eda Nacional y 65 del Ej\u00e9rcito Mexicano, adem\u00e1s de personal de la<span class=\"Apple-converted-space\">\u00a0 <\/span>Defensor\u00eda Municipal de Derechos Humanos.<\/p>\n<p>Hasta el momento no se ha registrado ning\u00fan tipo de incidente.<\/p>\n<p><span class=\"Apple-converted-space\">\u00a0<\/span>Se trabaja con los l\u00edderes la posible reubicaci\u00f3n para ejercer el comercio, con soluciones realistas, viables y a largo plazo, motivadas por el inter\u00e9s general, no como en el pasado en que se recurri\u00f3 a medidas err\u00f3neas.<\/p>\n","protected":false},"excerpt":{"rendered":"<p>Operativo en los alrededores para evitar instalaci\u00f3n de puestos &nbsp; &nbsp; Tlalnepantla, Estado de M\u00e9xico.- Para mejorar la movilidad, seguridad y el entorno urbano, el gobierno de Tlalnepantla realiza un programa de reordenamiento del comercio ambulante, que inici\u00f3 en la zona centro del municipio, el cual se lleva a cabo de manera paralela con un [&hellip;]<\/p>\n","protected":false},"author":1,"featured_media":427287,"comment_status":"open","ping_status":"open","sticky":false,"template":"","format":"standard","meta":{"_monsterinsights_skip_tracking":false,"_monsterinsights_sitenote_active":false,"_monsterinsights_sitenote_note":"","_monsterinsights_sitenote_category":0,"footnotes":""},"categories":[35155],"tags":[43675,81517,169],"class_list":["post-427286","post","type-post","status-publish","format-standard","has-post-thumbnail","hentry","category-estado-de-mexico-estado-de-mexico","tag-estado-de-mexico","tag-raciel-perez-cruz","tag-tlalnepantla"],"_links":{"self":[{"href":"https:\/\/www.diarioimagen.net\/index.php?rest_route=\/wp\/v2\/posts\/427286","targetHints":{"allow":["GET"]}}],"collection":[{"href":"https:\/\/www.diarioimagen.net\/index.php?rest_route=\/wp\/v2\/posts"}],"about":[{"href":"https:\/\/www.diarioimagen.net\/index.php?rest_route=\/wp\/v2\/types\/post"}],"author":[{"embeddable":true,"href":"https:\/\/www.diarioimagen.net\/index.php?rest_route=\/wp\/v2\/users\/1"}],"replies":[{"embeddable":true,"href":"https:\/\/www.diarioimagen.net\/index.php?rest_route=%2Fwp%2Fv2%2Fcomments&post=427286"}],"version-history":[{"count":0,"href":"https:\/\/www.diarioimagen.net\/index.php?rest_route=\/wp\/v2\/posts\/427286\/revisions"}],"wp:featuredmedia":[{"embeddable":true,"href":"https:\/\/www.diarioimagen.net\/index.php?rest_route=\/wp\/v2\/media\/427287"}],"wp:attachment":[{"href":"https:\/\/www.diarioimagen.net\/index.php?rest_route=%2Fwp%2Fv2%2Fmedia&parent=427286"}],"wp:term":[{"taxonomy":"category","embeddable":true,"href":"https:\/\/www.diarioimagen.net\/index.php?rest_route=%2Fwp%2Fv2%2Fcategories&post=427286"},{"taxonomy":"post_tag","embeddable":true,"href":"https:\/\/www.diarioimagen.net\/index.php?rest_route=%2Fwp%2Fv2%2Ftags&post=427286"}],"curies":[{"name":"wp","href":"https:\/\/api.w.org\/{rel}","templated":true}]}}