{"id":427314,"date":"2019-05-14T00:10:10","date_gmt":"2019-05-14T05:10:10","guid":{"rendered":"https:\/\/www.diarioimagen.net\/?p=427314"},"modified":"2019-05-14T01:52:52","modified_gmt":"2019-05-14T06:52:52","slug":"el-presidente-pide-a-gabinete-optimizar-recursos-y-salir-a-tierra","status":"publish","type":"post","link":"https:\/\/www.diarioimagen.net\/?p=427314","title":{"rendered":"El Presidente pide a gabinete optimizar recursos y salir \u201ca tierra\u201d"},"content":{"rendered":"<p><a href=\"https:\/\/www.diarioimagen.net\/?attachment_id=427337\" rel=\"attachment wp-att-427337\"><img loading=\"lazy\" decoding=\"async\" class=\"aligncenter size-large wp-image-427337\" src=\"https:\/\/www.diarioimagen.net\/wp-content\/uploads\/2019\/05\/GABINETE14-460x259.jpg\" alt=\"\" width=\"460\" height=\"259\" srcset=\"https:\/\/www.diarioimagen.net\/wp-content\/uploads\/2019\/05\/GABINETE14-460x259.jpg 460w, https:\/\/www.diarioimagen.net\/wp-content\/uploads\/2019\/05\/GABINETE14-240x135.jpg 240w, https:\/\/www.diarioimagen.net\/wp-content\/uploads\/2019\/05\/GABINETE14-235x132.jpg 235w, https:\/\/www.diarioimagen.net\/wp-content\/uploads\/2019\/05\/GABINETE14-202x114.jpg 202w, https:\/\/www.diarioimagen.net\/wp-content\/uploads\/2019\/05\/GABINETE14-350x196.jpg 350w, https:\/\/www.diarioimagen.net\/wp-content\/uploads\/2019\/05\/GABINETE14-220x123.jpg 220w, https:\/\/www.diarioimagen.net\/wp-content\/uploads\/2019\/05\/GABINETE14-237x132.jpg 237w, https:\/\/www.diarioimagen.net\/wp-content\/uploads\/2019\/05\/GABINETE14.jpg 480w\" sizes=\"auto, (max-width: 460px) 100vw, 460px\" \/><\/a><\/p>\n<p>&nbsp;<\/p>\n<p>El Ejecutivo federal pidi\u00f3 a los integrantes de su gabinete legal y ampliado redoblar esfuerzos, optimizar los recursos p\u00fablicos, acelerar el paso, as\u00ed como dejar el escritorio y salir \u201ca tierra\u201d para visitar las comunidades m\u00e1s alejadas del pa\u00eds.<\/p>\n<p>\u201cNosotros tenemos que acelerar el paso en el caso del Tren Maya\u201d, coment\u00f3 el titular del Fondo Nacional de Fomento al Turismo (Fonatur), Rogelio Jim\u00e9nez Pons, quien dijo que se ya se han registrado 73 empresas nacionales e internacionales en la licitaci\u00f3n de ingenier\u00eda b\u00e1sica, de naciones como Jap\u00f3n, Estados Unidos y China, entre otros.<\/p>\n<p>\u201c(El presidente L\u00f3pez Obrador) nos pidi\u00f3 que estuvi\u00e9ramos muy pendientes de parte de todas las indicaciones, por parte de nuestros superiores, y que estuvi\u00e9ramos d\u00e1ndole seguimiento personalizado a todos los programas, que vayamos a tierra, que nos metamos abajo, que es all\u00e1 donde debemos escuchar a la gente, que nos vayamos hasta el \u00faltimo rinc\u00f3n del pa\u00eds\u201d, se\u00f1al\u00f3.<\/p>\n<p>En entrevista, Jim\u00e9nez Pons indic\u00f3 que durante la reuni\u00f3n el Ejecutivo federal tambi\u00e9n les dijo que \u201chay programas que van muy bien, hay programas que van muy avanzados, hay otros que demandan mayor colaboraci\u00f3n de todos los dem\u00e1s sectores\u201d.<\/p>\n<p>L\u00f3pez Obrador consider\u00f3 que el balance en general, es \u201cmuy positivo\u201d, sobre todo \u201calentando que la filosof\u00eda de la Cuarta Transformaci\u00f3n va para adelante\u201d, detall\u00f3 el titular de Fonatur, quien a\u00f1adi\u00f3 que el mandatario federal solicit\u00f3 a los presentes \u201cque hagamos un esfuerzo, que optimicemos recursos. Hagamos en serio los ahorros, que optimicemos todos nuestros trabajos y aceleremos el paso\u201d.<\/p>\n<p>Adem\u00e1s, durante el encuentro -celebrado en el Sal\u00f3n Tesorer\u00eda de Palacio Nacional-, el Presidente reiter\u00f3 que \u201cdeben cortar todos los gastos superfluos, optimizar los viajes, ya hay un memor\u00e1ndum que se est\u00e1 aplicando\u201d.<\/p>\n<p>Respecto a si se abord\u00f3 el tema de la lentitud de los programas sociales, indic\u00f3 que \u201cpues yo o\u00ed que hab\u00eda muy buenos avances, hab\u00eda programas sociales que hab\u00edan avanzado muy bien\u201d, como el caso de los j\u00f3venes.<\/p>\n<p>Carlos Lomel\u00ed Bola\u00f1os, delegado de Programas para el Desarrollo del Gobierno de M\u00e9xico en Jalisco, detall\u00f3 que, durante el encuentro, L\u00f3pez Obrador solicit\u00f3 \u201cque nos aboc\u00e1ramos a trabajar, que estuvi\u00e9ramos muy pendientes de los programas y que fu\u00e9ramos hasta el \u00faltimo rinc\u00f3n de los estados y de los municipios para llevar los apoyos necesarios\u201d.<\/p>\n<p>Indic\u00f3 que la Secretar\u00eda de Hacienda \u201cdio un reporte muy r\u00e1pido de c\u00f3mo se est\u00e1 ejerciendo el presupuesto con relaci\u00f3n a este mes y b\u00e1sicamente fue muy r\u00e1pida su intervenci\u00f3n.<\/p>\n<p>Se dijo qu\u00e9 porcentaje del ejercicio lleva cada uno de los presupuestos asignados.<\/p>\n<p>\u201cYo creo que la planeaci\u00f3n del gasto va de acuerdo a lo que se hab\u00eda proyectado y creo que vamos a ir por buena ruta\u201d, concluy\u00f3.<\/p>\n","protected":false},"excerpt":{"rendered":"<p>El Ejecutivo federal pidi\u00f3 a los integrantes de su gabinete legal y ampliado redoblar esfuerzos, optimizar los recursos p\u00fablicos, acelerar el paso, as\u00ed como dejar el escritorio y salir \u201ca tierra\u201d para visitar las comunidades m\u00e1s alejadas del pa\u00eds.<\/p>\n","protected":false},"author":3,"featured_media":427337,"comment_status":"open","ping_status":"open","sticky":false,"template":"","format":"standard","meta":{"_monsterinsights_skip_tracking":false,"_monsterinsights_sitenote_active":false,"_monsterinsights_sitenote_note":"","_monsterinsights_sitenote_category":0,"footnotes":""},"categories":[25512],"tags":[19988,43673,20477,2543],"class_list":["post-427314","post","type-post","status-publish","format-standard","has-post-thumbnail","hentry","category-nacional-nacional","tag-gabinete","tag-nacional","tag-recursos","tag-tierra"],"_links":{"self":[{"href":"https:\/\/www.diarioimagen.net\/index.php?rest_route=\/wp\/v2\/posts\/427314","targetHints":{"allow":["GET"]}}],"collection":[{"href":"https:\/\/www.diarioimagen.net\/index.php?rest_route=\/wp\/v2\/posts"}],"about":[{"href":"https:\/\/www.diarioimagen.net\/index.php?rest_route=\/wp\/v2\/types\/post"}],"author":[{"embeddable":true,"href":"https:\/\/www.diarioimagen.net\/index.php?rest_route=\/wp\/v2\/users\/3"}],"replies":[{"embeddable":true,"href":"https:\/\/www.diarioimagen.net\/index.php?rest_route=%2Fwp%2Fv2%2Fcomments&post=427314"}],"version-history":[{"count":0,"href":"https:\/\/www.diarioimagen.net\/index.php?rest_route=\/wp\/v2\/posts\/427314\/revisions"}],"wp:featuredmedia":[{"embeddable":true,"href":"https:\/\/www.diarioimagen.net\/index.php?rest_route=\/wp\/v2\/media\/427337"}],"wp:attachment":[{"href":"https:\/\/www.diarioimagen.net\/index.php?rest_route=%2Fwp%2Fv2%2Fmedia&parent=427314"}],"wp:term":[{"taxonomy":"category","embeddable":true,"href":"https:\/\/www.diarioimagen.net\/index.php?rest_route=%2Fwp%2Fv2%2Fcategories&post=427314"},{"taxonomy":"post_tag","embeddable":true,"href":"https:\/\/www.diarioimagen.net\/index.php?rest_route=%2Fwp%2Fv2%2Ftags&post=427314"}],"curies":[{"name":"wp","href":"https:\/\/api.w.org\/{rel}","templated":true}]}}