{"id":427354,"date":"2019-05-15T00:10:24","date_gmt":"2019-05-15T05:10:24","guid":{"rendered":"https:\/\/www.diarioimagen.net\/?p=427354"},"modified":"2019-05-15T00:38:57","modified_gmt":"2019-05-15T05:38:57","slug":"presentan-campana-nacional-contra-las-adicciones","status":"publish","type":"post","link":"https:\/\/www.diarioimagen.net\/?p=427354","title":{"rendered":"Presentan campa\u00f1a nacional contra las adicciones"},"content":{"rendered":"<ul>\n<li><em><strong>Pide el apoyo de toda la sociedad<\/strong><\/em><\/li>\n<\/ul>\n<p>&nbsp;<\/p>\n<div id=\"attachment_427355\" style=\"width: 470px\" class=\"wp-caption aligncenter\"><img loading=\"lazy\" decoding=\"async\" aria-describedby=\"caption-attachment-427355\" class=\"size-large wp-image-427355\" src=\"https:\/\/www.diarioimagen.net\/wp-content\/uploads\/2019\/05\/ADICCIONES15-portal-460x268.jpg\" alt=\"\" width=\"460\" height=\"268\" srcset=\"https:\/\/www.diarioimagen.net\/wp-content\/uploads\/2019\/05\/ADICCIONES15-portal-460x268.jpg 460w, https:\/\/www.diarioimagen.net\/wp-content\/uploads\/2019\/05\/ADICCIONES15-portal-240x140.jpg 240w, https:\/\/www.diarioimagen.net\/wp-content\/uploads\/2019\/05\/ADICCIONES15-portal.jpg 480w\" sizes=\"auto, (max-width: 460px) 100vw, 460px\" \/><p id=\"caption-attachment-427355\" class=\"wp-caption-text\">Andr\u00e9s Manuel L\u00f3pez Obrador inform\u00f3 que entra en operaci\u00f3n una campa\u00f1a a nivel nacional dirigida a los j\u00f3venes para que se alejen de las drogas.<\/p><\/div>\n<p>&nbsp;<\/p>\n<p>El primer mandatario, Andr\u00e9s Manuel L\u00f3pez Obrador, inform\u00f3 que entra en operaci\u00f3n una campa\u00f1a a nivel nacional dirigida a los j\u00f3venes para que se alejen de las drogas, para lo cual pidi\u00f3 el apoyo de la sociedad.<\/p>\n<p>\u201cQue deje de ser algo oculto lo que lo que est\u00e1 sucediendo con el consumo de drogas, que salga a la luz y que se vea con seriedad, con responsabilidad, no a la ligera ni mucho menos\u201d.<\/p>\n<p>En conferencia de prensa en el Sal\u00f3n Tesorer\u00eda de Palacio Nacional coment\u00f3 que el objetivo no es hacer apolog\u00eda de esta dolorosa situaci\u00f3n de inseguridad o violencia, sino erradicar este flagelo heredado de administraciones pasadas.<\/p>\n<p>\u201cSe quiso enfrentar el problema de la inseguridad y violencia con el uso de la fuerza, con medidas coercitivas, se declar\u00f3 la guerra y se produjo m\u00e1s violencia, lo que nunca se hab\u00eda visto. Adem\u00e1s, se crearon en el pa\u00eds fosas clandestinas para enterrar cuerpos de seres humanos\u201d, se\u00f1al\u00f3.<\/p>\n<p>Se trat\u00f3, asegur\u00f3, de una etapa, un periodo muy triste para M\u00e9xico, \u201ctenemos que informar sobre las fosas clandestinas, porque aunque duele, tenemos que saber lo que realmente sucedi\u00f3 y desgraciadamente sigue pasando, porque no se puede de la noche a la ma\u00f1ana terminar con estas herencias de inseguridad y de violencia\u201d.<\/p>\n<p>Aclar\u00f3 que su gobierno atiende las causas y dijo que ese \u201ces el cambio principal, ya no estamos apostando a enfrentar violencia con m\u00e1s violencia, el mal con el mal\u201d, advirti\u00f3 el Ejecutivo federal.<\/p>\n<p>Asimismo, resalt\u00f3 que actualmente se atienden las necesidades de la gente, a fin de que cuenten con trabajo, bienestar, oportunidades, que no se abandone a los j\u00f3venes y que no sea el uso de la fuerza el principal recurso para garantizar la paz y tranquilidad.<\/p>\n<p>L\u00f3pez Obrador dej\u00f3 claro que el desarrollo debe ser lo b\u00e1sico, \u201cque la paz se consiga con justicia, eso es lo central de la nueva estrategia, que haya protecci\u00f3n a la gente con la Guardia Nacional, dado que no exist\u00eda una pol\u00edtica de seguridad p\u00fablica\u201d. Esto es, explic\u00f3, no hab\u00eda un cuerpo policial, del Ej\u00e9rcito o la Marina para garantizar la seguridad p\u00fablica, rol que la Guardia Nacional va a desempe\u00f1ar.<\/p>\n","protected":false},"excerpt":{"rendered":"<p>El presidente de la Rep\u00fablica, Andr\u00e9s Manuel L\u00f3pez Obrador, inform\u00f3 que entra en operaci\u00f3n una campa\u00f1a a nivel nacional dirigida a los j\u00f3venes para que se alejen de las drogas, para lo cual pidi\u00f3 el apoyo de toda la sociedad.<\/p>\n","protected":false},"author":5,"featured_media":427355,"comment_status":"open","ping_status":"open","sticky":false,"template":"","format":"standard","meta":{"_monsterinsights_skip_tracking":false,"_monsterinsights_sitenote_active":false,"_monsterinsights_sitenote_note":"","_monsterinsights_sitenote_category":0,"footnotes":""},"categories":[7],"tags":[1352,75527,43677],"class_list":["post-427354","post","type-post","status-publish","format-standard","has-post-thumbnail","hentry","category-seguridad","tag-andres-manuel-lopez-obrador","tag-salon-tesoreria-de-palacio-nacional","tag-seguridad"],"_links":{"self":[{"href":"https:\/\/www.diarioimagen.net\/index.php?rest_route=\/wp\/v2\/posts\/427354","targetHints":{"allow":["GET"]}}],"collection":[{"href":"https:\/\/www.diarioimagen.net\/index.php?rest_route=\/wp\/v2\/posts"}],"about":[{"href":"https:\/\/www.diarioimagen.net\/index.php?rest_route=\/wp\/v2\/types\/post"}],"author":[{"embeddable":true,"href":"https:\/\/www.diarioimagen.net\/index.php?rest_route=\/wp\/v2\/users\/5"}],"replies":[{"embeddable":true,"href":"https:\/\/www.diarioimagen.net\/index.php?rest_route=%2Fwp%2Fv2%2Fcomments&post=427354"}],"version-history":[{"count":0,"href":"https:\/\/www.diarioimagen.net\/index.php?rest_route=\/wp\/v2\/posts\/427354\/revisions"}],"wp:featuredmedia":[{"embeddable":true,"href":"https:\/\/www.diarioimagen.net\/index.php?rest_route=\/wp\/v2\/media\/427355"}],"wp:attachment":[{"href":"https:\/\/www.diarioimagen.net\/index.php?rest_route=%2Fwp%2Fv2%2Fmedia&parent=427354"}],"wp:term":[{"taxonomy":"category","embeddable":true,"href":"https:\/\/www.diarioimagen.net\/index.php?rest_route=%2Fwp%2Fv2%2Fcategories&post=427354"},{"taxonomy":"post_tag","embeddable":true,"href":"https:\/\/www.diarioimagen.net\/index.php?rest_route=%2Fwp%2Fv2%2Ftags&post=427354"}],"curies":[{"name":"wp","href":"https:\/\/api.w.org\/{rel}","templated":true}]}}