{"id":427357,"date":"2019-05-15T00:11:27","date_gmt":"2019-05-15T05:11:27","guid":{"rendered":"https:\/\/www.diarioimagen.net\/?p=427357"},"modified":"2019-05-15T00:35:44","modified_gmt":"2019-05-15T05:35:44","slug":"ubican-autoridades-federales-222-fosas-clandestinas-en-seis-estados","status":"publish","type":"post","link":"https:\/\/www.diarioimagen.net\/?p=427357","title":{"rendered":"Ubican autoridades 222 fosas clandestinas en 6 estados"},"content":{"rendered":"<ul>\n<li><em><strong>La cifra se actualizar\u00e1 a partir de ahora de manera quincenal<\/strong><\/em><\/li>\n<\/ul>\n<p>&nbsp;<\/p>\n<div id=\"attachment_427358\" style=\"width: 470px\" class=\"wp-caption aligncenter\"><img loading=\"lazy\" decoding=\"async\" aria-describedby=\"caption-attachment-427358\" class=\"size-large wp-image-427358\" src=\"https:\/\/www.diarioimagen.net\/wp-content\/uploads\/2019\/05\/FOSAS15-portal-460x268.jpg\" alt=\"\" width=\"460\" height=\"268\" srcset=\"https:\/\/www.diarioimagen.net\/wp-content\/uploads\/2019\/05\/FOSAS15-portal-460x268.jpg 460w, https:\/\/www.diarioimagen.net\/wp-content\/uploads\/2019\/05\/FOSAS15-portal-240x140.jpg 240w, https:\/\/www.diarioimagen.net\/wp-content\/uploads\/2019\/05\/FOSAS15-portal.jpg 480w\" sizes=\"auto, (max-width: 460px) 100vw, 460px\" \/><p id=\"caption-attachment-427358\" class=\"wp-caption-text\">Se han identificado 222 fosas clandestinas con 337 cuerpos entre el 1 diciembre de 2018 y el 13 de mayo de 2019, inform\u00f3 la Secretar\u00eda de Gobernaci\u00f3n.<\/p><\/div>\n<p>&nbsp;<\/p>\n<p>Entre el 1 diciembre de 2018 y el 13 de mayo de 2019 se han identificado 222 fosas clandestinas con 337 cuerpos, inform\u00f3 ayere martes el subsecretario de Derechos Humanos, Poblaci\u00f3n y Migraci\u00f3n de la Secretar\u00eda de Gobernaci\u00f3n (Segob), Alejandro Encinas Rodr\u00edguez.<\/p>\n<p>Al participar en la conferencia de prensa matutina en Palacio Nacional, acompa\u00f1ado por el presidente Andr\u00e9s Manuel L\u00f3pez Obrador, explic\u00f3 que este es el primer registro que se estar\u00e1 actualizando a partir de ahora de manera quincenal por parte de la Comisi\u00f3n Nacional de B\u00fasqueda de Personas Desaparecidas, con base en la informaci\u00f3n de campo levantada por autoridades de diversas instancias.<\/p>\n<p>Explic\u00f3 que se trata de un total de 81 sitios con fosas en diversas entidades de la Rep\u00fablica, donde los estados de Colima y Tabasco tienen 11 sitios; Sonora y Zacatecas 10, y Guerrero y Jalisco ocho, lo que significa 72 por ciento del total, ya con informaci\u00f3n georreferenciada.<\/p>\n<p>Sobre el n\u00famero de fosas clandestinas, Veracruz es el estado que m\u00e1s tiene, con 76; Sonora, 35; Sinaloa, 23; Guerrero, 20; Colima, 12; Tabasco, 11; Coahuila y Zacatecas, 10; Jalisco, ocho; Nayarit, cinco; Michoac\u00e1n y Tamaulipas con tres cada una; Tamaulipas y Durango, dos; mientras que en el Estado de M\u00e9xico, Guanajuato, Hidalgo, Puebla se localiz\u00f3 una fosa por cada estado.<\/p>\n<p>El subsecretario de Derechos Humanos, Poblaci\u00f3n y Migraci\u00f3n anunci\u00f3 la revisi\u00f3n y actualizaci\u00f3n del Registro Nacional de Personas Desaparecidas e inform\u00f3 que, hasta el 1 de diciembre de 2018, no exist\u00eda un Registro Nacional de Fosas Clandestinas y Restos Exhumados, se ten\u00edan s\u00f3lo registros de algunas investigaciones basadas en fuentes abiertas.<\/p>\n<p>En el caso de los cuerpos exhumados, precis\u00f3 que hasta ahora se han identificado 337 cad\u00e1veres, la mayor\u00eda de ellos se ubican en los estados de Colima, Sinaloa, Sonora y Nayarit, aunque la cifra puede variar en la medida que contin\u00faen los trabajos de exhumaci\u00f3n y de investigaci\u00f3n.<\/p>\n<p>Ejemplific\u00f3 el caso de la fosa clandestina localizada en el estado de Nayarit, donde se encontraron 22 cuerpos en una excavaci\u00f3n de m\u00e1s de cuatro metros de profundidad, es decir, en este caso, pues no se refiere a una excavaci\u00f3n com\u00fan y corriente, sino se requiri\u00f3 maquinaria pesada para su excavaci\u00f3n.<\/p>\n<p>Para ello se trabaja en coordinaci\u00f3n con la fiscal\u00eda del estado de Nayarit, \u201cy pronto tendremos algunos resultados y anuncios que dar a conocer\u201d. Tambi\u00e9n est\u00e1 el estado de Guerrero, donde hay fosas prefabricadas e incluso recicladas, dado que ya ha habido exhumaciones, y que est\u00e1n reutilizando los grupos delictivos.<\/p>\n<p>Coment\u00f3 que toda la informaci\u00f3n se est\u00e1 georreferenciando, y \u00e9sta ha sido proporcionada por la Fiscal\u00eda General de la Rep\u00fablica (FGR) y las procuradur\u00edas y fiscal\u00edas de los estados, en tanto que se busca integrar las carpetas de investigaci\u00f3n.<\/p>\n<p>De manera muy particular destac\u00f3 el apoyo de los colectivos de familiares que desarrollan actividades de b\u00fasqueda o de los parientes en casos particulares, as\u00ed como de la gente que tiene muchos a\u00f1os realizando investigaciones sobre al paradero de sus seres queridos.<\/p>\n<p>El subsecretario Encinas Rodr\u00edguez dijo que los puntos se\u00f1alados van asociados al corredor delictivo en el pa\u00eds, de ah\u00ed que se busca desarrollar programas regionales de b\u00fasqueda y acompa\u00f1amiento de los familiares para que las labores en esta materia y, m\u00e1s adelante, las de identificaci\u00f3n de los cuerpos, sean mucho m\u00e1s eficaces.<\/p>\n<p>Detall\u00f3 que Guerrero es en una las regiones de mayor incidencia de violencia delictiva y ah\u00ed se ubica un pol\u00edgono entre los municipios de Taxco, Iguala, Chilpancingo y Huitzuco, y alcanza hasta San Miguel Totolapan, Tepepacuilco, Cocula y Tlapa.<\/p>\n<p>\u201cEn ese lugar, anot\u00f3, \u201ces en donde con la informaci\u00f3n que hasta ahora se ha ido obteniendo y la georreferenciaci\u00f3n de la misma, estamos ubicando los pol\u00edgonos de actuaci\u00f3n en las labores de b\u00fasqueda, tratar de no solamente sistematizando la informaci\u00f3n, sino utilizando nuevas tecnolog\u00edas\u201d.<\/p>\n<p>Precis\u00f3 que la Comisi\u00f3n Nacional de B\u00fasqueda de Personas \u201cestar\u00e1 entregando quincenalmente un reporte sobre el registro de fosas, cuerpos encontrados y sitios al Presidente de la Rep\u00fablica y al gabinete de seguridad y, en particular, estamos en dos momentos que van a ser muy importantes\u201d.<\/p>\n<p>Uno, expuso, la conclusi\u00f3n del Diagn\u00f3stico Nacional Forense que se levant\u00f3 en toda la Rep\u00fablica en abril, en coordinaci\u00f3n con las fiscal\u00edas General de la Rep\u00fablica y de los estados, as\u00ed como de los 32 servicios forenses, e incluso en algunos municipios para conocer de manera fidedigna las capacidades de infraestructura, equipamiento y de recursos humanos, a fin de enfrentar esta \u201cemergencia forense\u201d por la que est\u00e1 atravesando el pa\u00eds.<\/p>\n<p>Inform\u00f3 que, con el apoyo de Servicios Periciales de la FGR y de la Divisi\u00f3n Cient\u00edfica de la Polic\u00eda Federal, del Comit\u00e9 Internacional de la Cruz Roja, la Oficina del Alto Comisionado de Naciones Unidas, el equipo de Antropolog\u00eda Forense de Argentina y colectivos de las v\u00edctimas, se concluye la elaboraci\u00f3n de los planes regionales de b\u00fasqueda y acompa\u00f1amiento de las familias.<\/p>\n<p>Adem\u00e1s est\u00e1 el Programa Nacional de Exhumaciones e Identificaci\u00f3n Forenses, que considera la creaci\u00f3n de un sistema en el cual no s\u00f3lo se homologuen los procesos y la informaci\u00f3n, sino que preste atenci\u00f3n a las demandas de las v\u00edctimas.<\/p>\n<p>Encinas Rodr\u00edguez dijo que, de acuerdo a la instrucci\u00f3n presidencial, todo el Programa Emergente de Exhumaci\u00f3n y de Identificaci\u00f3n Forense es una prioridad \u201cy esperamos cumplir con esta responsabilidad a la brevedad posible y ofrecer resultados este mismo a\u00f1o\u201d.<\/p>\n","protected":false},"excerpt":{"rendered":"<p>Entre el 1 diciembre de 2018 y el 13 de mayo de 2019 se han identificado 222 fosas clandestinas con 337 cuerpos, inform\u00f3 ayere martes el subsecretario de Derechos Humanos, Poblaci\u00f3n y Migraci\u00f3n de la Secretar\u00eda de Gobernaci\u00f3n (Segob), Alejandro Encinas Rodr\u00edguez.<\/p>\n","protected":false},"author":5,"featured_media":427358,"comment_status":"open","ping_status":"open","sticky":false,"template":"","format":"standard","meta":{"_monsterinsights_skip_tracking":false,"_monsterinsights_sitenote_active":false,"_monsterinsights_sitenote_note":"","_monsterinsights_sitenote_category":0,"footnotes":""},"categories":[7],"tags":[15333,77434,8136,1676,43677,85247],"class_list":["post-427357","post","type-post","status-publish","format-standard","has-post-thumbnail","hentry","category-seguridad","tag-alejandro-encinas-rodriguez","tag-autoridades-federales","tag-fosa-clandestina","tag-matanza","tag-seguridad","tag-seis-estados"],"_links":{"self":[{"href":"https:\/\/www.diarioimagen.net\/index.php?rest_route=\/wp\/v2\/posts\/427357","targetHints":{"allow":["GET"]}}],"collection":[{"href":"https:\/\/www.diarioimagen.net\/index.php?rest_route=\/wp\/v2\/posts"}],"about":[{"href":"https:\/\/www.diarioimagen.net\/index.php?rest_route=\/wp\/v2\/types\/post"}],"author":[{"embeddable":true,"href":"https:\/\/www.diarioimagen.net\/index.php?rest_route=\/wp\/v2\/users\/5"}],"replies":[{"embeddable":true,"href":"https:\/\/www.diarioimagen.net\/index.php?rest_route=%2Fwp%2Fv2%2Fcomments&post=427357"}],"version-history":[{"count":0,"href":"https:\/\/www.diarioimagen.net\/index.php?rest_route=\/wp\/v2\/posts\/427357\/revisions"}],"wp:featuredmedia":[{"embeddable":true,"href":"https:\/\/www.diarioimagen.net\/index.php?rest_route=\/wp\/v2\/media\/427358"}],"wp:attachment":[{"href":"https:\/\/www.diarioimagen.net\/index.php?rest_route=%2Fwp%2Fv2%2Fmedia&parent=427357"}],"wp:term":[{"taxonomy":"category","embeddable":true,"href":"https:\/\/www.diarioimagen.net\/index.php?rest_route=%2Fwp%2Fv2%2Fcategories&post=427357"},{"taxonomy":"post_tag","embeddable":true,"href":"https:\/\/www.diarioimagen.net\/index.php?rest_route=%2Fwp%2Fv2%2Ftags&post=427357"}],"curies":[{"name":"wp","href":"https:\/\/api.w.org\/{rel}","templated":true}]}}