{"id":427364,"date":"2019-05-15T00:04:08","date_gmt":"2019-05-15T05:04:08","guid":{"rendered":"https:\/\/www.diarioimagen.net\/?p=427364"},"modified":"2019-05-15T00:00:02","modified_gmt":"2019-05-15T05:00:02","slug":"las-fosas-clandestinas","status":"publish","type":"post","link":"https:\/\/www.diarioimagen.net\/?p=427364","title":{"rendered":"Las fosas clandestinas"},"content":{"rendered":"<h2>Punto por punto<\/h2>\n<h5>Augusto Corro<\/h5>\n<p>&nbsp;<\/p>\n<p>El subsecretario de Derechos Humanos de la Secretaria de Gobernaci\u00f3n, Alejandro Encinas, inform\u00f3 que el gobierno federal y la sociedad civil localizaron un total de 222 fosas clandestinas con restos de 337 cuerpos humanos, en trabajos que se realizaron del primero de diciembre de 2018 a la fecha.<span class=\"Apple-converted-space\">\u00a0<\/span><\/p>\n<p>La mayor\u00eda de las fosas clandestinas se encuentran en los estados de Veracruz, Sonora, Sinaloa, Colima, Zacatecas y Nayarit.<span class=\"Apple-converted-space\">\u00a0<\/span><\/p>\n<p>Veracruz, seg\u00fan las autoridades, encabeza el n\u00famero de cad\u00e1veres con 72.<\/p>\n<p>Alejandro Encinas tambi\u00e9n dijo que se elaborar\u00e1 un registro nacional nuevo de personas desaparecidas, ya actualmente no se tiene informaci\u00f3n confiable.<\/p>\n<p>Particip\u00f3 Alejandro Encinas en la conferencia que ofreci\u00f3 el presidente Andr\u00e9s Manuel L\u00f3pez Obrador, en Palacio Nacional.<span class=\"Apple-converted-space\">\u00a0<\/span><\/p>\n<p>El propio mandatario dijo: \u201cAhora tenemos que informar sobre las fosas clandestinas porque, aunque duele, tenemos que saber lo que realmente sucedi\u00f3 y desgraciadamente sigue pasando, porque no se puede de la noche a la ma\u00f1ana terminar con estas herencias de inseguridad y de violencia\u201d.<\/p>\n<p>En enero del presente a\u00f1o se dijo que son m\u00e1s de cuarenta mil personas desaparecidas.<\/p>\n<p>Adem\u00e1s, se tiene la huella dactilar de treinta y seis mil personas fallecidas sin identificar.<\/p>\n<p>Como se ve, son miles de familias que buscan a sus hijos, amigos o parientes desde hace varios a\u00f1os, sin resultados positivos.<span class=\"Apple-converted-space\">\u00a0<\/span><\/p>\n<p>Tambi\u00e9n se dijo que no se escatimar\u00e1n<span class=\"Apple-converted-space\">\u00a0 <\/span>recursos materiales y humanos en la tarea de localizaci\u00f3n de los miles de desaparecidos.<\/p>\n<p style=\"text-align: center;\"><b>Jornada violenta<\/b><\/p>\n<p>Los tepite\u00f1os vieron c\u00f3mo su barrio se convirti\u00f3 en campo de batalla. La violencia ya es cotidiana.<span class=\"Apple-converted-space\">\u00a0<\/span><\/p>\n<p>La lucha por el territorio cada d\u00eda es m\u00e1s violento.<span class=\"Apple-converted-space\">\u00a0 <\/span>Son mortales los enfrentamientos entre las bandas de pandilleros. \u00bfY las autoridades? Bien gracias. Prefieren ver los toros desde la barrera.<span class=\"Apple-converted-space\">\u00a0<\/span><\/p>\n<p>Las extorsiones a los comerciantes, las ventas de drogas, etc., recrudecieron las pugnas entre La Uni\u00f3n de Tepito y la Anti-Uni\u00f3n Tepito.<\/p>\n<p>El lunes, por la tarde, tres personas perecieron y una m\u00e1s result\u00f3 lesionada. Seg\u00fan se inform\u00f3 extraoficialmente, quienes perdieron la vida eran sujetos de \u201cLa U\u201dque cada lunes cobraba la \u201ccuota del derecho de piso\u201d en los mercados de las alcald\u00edas Cuauht\u00e9moc y Venustiano Carranza.<span class=\"Apple-converted-space\">\u00a0<\/span><\/p>\n<p>Los presuntos homicidas fueron se\u00f1alados como elementos del grupo antag\u00f3nico \u201cLa Anti-Uni\u00f3n, que aprovecha la debilidad de sus enemigos para apoderarse de la plaza.<\/p>\n<p>Claro, las mencionadas bandas no son las \u00fanicas que se encuentran en Tepito. Tambi\u00e9n hay grupos delincuenciales que se dedican a otro tipo de delitos como el asalto a transe\u00fantes y la trata de personas.<\/p>\n<p>Tambi\u00e9n anteayer en Polanco, la polic\u00eda inform\u00f3 que un hombre, de 60 a\u00f1os, fue asesinado de siete balazos luego de retirar dinero de una sucursal bancaria. El hecho se registr\u00f3 a las 15.25 horas en la esquina de Moliere y Homero.<\/p>\n<p>A las 20.00 horas fue asesinada una pareja en el interior de un estacionamiento en la calle del Doctor V\u00e9rtiz.<span class=\"Apple-converted-space\">\u00a0<\/span><\/p>\n<p>En total fueron 10 homicidios dolosos los registrados en diferentes alcald\u00edas.<\/p>\n<p style=\"text-align: center;\"><b>Ineptitud y esperanza<\/b><\/p>\n<p>\u00bfQu\u00e9 medidas preventivas aplicaron las autoridades para contener la contaminaci\u00f3n ambiental en el Valle de M\u00e9xico?<\/p>\n<p>La respuesta la tenemos en la mala calidad del aire que respiramos desde hace varios.<span class=\"Apple-converted-space\">\u00a0<\/span><\/p>\n<p>Si bien es cierto que los fen\u00f3menos naturales rebasan al hombre, s\u00ed es posible muchas veces contenerlos con medidas preventivas.<span class=\"Apple-converted-space\">\u00a0<\/span><\/p>\n<p>Y esto no sucedi\u00f3 en la Ciudad de M\u00e9xico y sus alrededores.<span class=\"Apple-converted-space\">\u00a0<\/span><\/p>\n<p>Desde el fin de semana seguimos con inter\u00e9s el desarrollo de la contaminaci\u00f3n en la capital que de normal se convirti\u00f3 en at\u00edpica debido a \u201cpart\u00edculas suspendidas en el aire, producto de incendios\u201d.<\/p>\n<p>Dichas part\u00edculas conocidas como PM2.5 son parecidas a los aerosoles y producen efectos da\u00f1inos en los pulmones de todas las personas, pues disminuyen sus niveles de oxigenaci\u00f3n.<\/p>\n<p>Los incendios registrados<span class=\"Apple-converted-space\">\u00a0 <\/span>fueron determinantes para enrarecer el aire en el Valle de M\u00e9xico. El fuego se declar\u00f3 por todas partes y el humo invadi\u00f3 la llamada Megal\u00f3polis.<span class=\"Apple-converted-space\">\u00a0<\/span><\/p>\n<p>\u00bfY las campa\u00f1as para evitar ese tipo de siniestros? \u00bfYa nadie vigila los bosques? \u00bfY las medidas preventivas?<\/p>\n<p>De las autoridades capitalinas poco o nada hacen para contener la contaminaci\u00f3n ambiental. Est\u00e1n esperanzadas en que soplen los vientos con fuerza para que se lleven esas part\u00edculas peligrosas. O bien que el dios Tl\u00e1loc nos favorezca con las lluvias para limpiar el aire que llevamos a nuestros pulmones.<\/p>\n<p>Mientras tome las medidas pertinentes para evitar da\u00f1os a su salud, pues el aire enrarecido seguir\u00e1 amenazante por varios d\u00edas.<\/p>\n<p><em><u><a href=\"mailto:aco2742@hotmail.com\" target=\"_blank\" rel=\"noopener noreferrer\">aco2742@hotmail.com<\/a><\/u><\/em><\/p>\n","protected":false},"excerpt":{"rendered":"<p><span style=\"color: #005497;\"><strong>Augusto Corro<\/strong><\/span><\/p>\n","protected":false},"author":1,"featured_media":0,"comment_status":"open","ping_status":"open","sticky":false,"template":"","format":"standard","meta":{"_monsterinsights_skip_tracking":false,"_monsterinsights_sitenote_active":false,"_monsterinsights_sitenote_note":"","_monsterinsights_sitenote_category":0,"footnotes":""},"categories":[157],"tags":[43686,43674,11515],"class_list":["post-427364","post","type-post","status-publish","format-standard","hentry","category-augusto-corro","tag-augusto-corro","tag-opinion","tag-punto-por-punto"],"_links":{"self":[{"href":"https:\/\/www.diarioimagen.net\/index.php?rest_route=\/wp\/v2\/posts\/427364","targetHints":{"allow":["GET"]}}],"collection":[{"href":"https:\/\/www.diarioimagen.net\/index.php?rest_route=\/wp\/v2\/posts"}],"about":[{"href":"https:\/\/www.diarioimagen.net\/index.php?rest_route=\/wp\/v2\/types\/post"}],"author":[{"embeddable":true,"href":"https:\/\/www.diarioimagen.net\/index.php?rest_route=\/wp\/v2\/users\/1"}],"replies":[{"embeddable":true,"href":"https:\/\/www.diarioimagen.net\/index.php?rest_route=%2Fwp%2Fv2%2Fcomments&post=427364"}],"version-history":[{"count":0,"href":"https:\/\/www.diarioimagen.net\/index.php?rest_route=\/wp\/v2\/posts\/427364\/revisions"}],"wp:attachment":[{"href":"https:\/\/www.diarioimagen.net\/index.php?rest_route=%2Fwp%2Fv2%2Fmedia&parent=427364"}],"wp:term":[{"taxonomy":"category","embeddable":true,"href":"https:\/\/www.diarioimagen.net\/index.php?rest_route=%2Fwp%2Fv2%2Fcategories&post=427364"},{"taxonomy":"post_tag","embeddable":true,"href":"https:\/\/www.diarioimagen.net\/index.php?rest_route=%2Fwp%2Fv2%2Ftags&post=427364"}],"curies":[{"name":"wp","href":"https:\/\/api.w.org\/{rel}","templated":true}]}}